{"id":32554,"date":"2017-09-23T10:43:51","date_gmt":"2017-09-23T09:43:51","guid":{"rendered":"https:\/\/intelligent-friend-7861.standoutwp.com\/?p=32554"},"modified":"2017-09-27T14:39:30","modified_gmt":"2017-09-27T13:39:30","slug":"petterssons-hets-mot-sibelius-romantik-recension","status":"publish","type":"post","link":"https:\/\/www.kultursidan.nu\/?p=32554","title":{"rendered":"Petterssons hets mot Sibelius romantik (recension)"},"content":{"rendered":"<p><img loading=\"lazy\" decoding=\"async\" class=\"alignnone size-medium wp-image-32555\" src=\"https:\/\/www.kultursidan.nu\/wp-content\/uploads\/2017\/09\/DSCF0912-567x378.jpg\" alt=\"\" width=\"567\" height=\"378\" srcset=\"https:\/\/www.kultursidan.nu\/wp-content\/uploads\/2017\/09\/DSCF0912-567x378.jpg 567w, https:\/\/www.kultursidan.nu\/wp-content\/uploads\/2017\/09\/DSCF0912-768x512.jpg 768w, https:\/\/www.kultursidan.nu\/wp-content\/uploads\/2017\/09\/DSCF0912-1024x682.jpg 1024w, https:\/\/www.kultursidan.nu\/wp-content\/uploads\/2017\/09\/DSCF0912-500x333.jpg 500w, https:\/\/www.kultursidan.nu\/wp-content\/uploads\/2017\/09\/DSCF0912-150x100.jpg 150w, https:\/\/www.kultursidan.nu\/wp-content\/uploads\/2017\/09\/DSCF0912.jpg 1280w\" sizes=\"auto, (max-width: 567px) 100vw, 567px\" \/><br \/>\n<em>En r\u00f6st bland m\u00e5nga. Ulf Wallins violin samtalade mot och med symfoniorkestern i Allan Petterssons Violinkonsert nr 2. S\u00e5 sm\u00e5ningom djupnade stycket mot harmoni.<\/em><\/p>\n<p>&nbsp;<\/p>\n<h1><span style=\"color: #ff0000;\">Of\u00f6ruts\u00e4gbarheten \u00e4r kittlande<\/span><\/h1>\n<p>&nbsp;<\/p>\n<p>RECENSION\/NORRK\u00d6PING <strong>Of\u00f6ruts\u00e4gbar musik m\u00f6ter nationalromantiken.<\/strong> Nordiskt m\u00f6te i De-Geerhallen n\u00e4r symfoniorkestern spelar Allan Pettersson och Jean Sibelius. Ulf Wallin, b\u00f6rdig fr\u00e5n Link\u00f6ping, g\u00e4star som solist p\u00e5 violin.<\/p>\n<p>Ett pris utdelas under konsertkv\u00e4llen, Allanpriset, av Allan Pettersson S\u00e4llskapet.<\/p>\n<p><strong>Norrk\u00f6pings Symfoniorkester forts\u00e4tter sitt framg\u00e5ngsrika samarbete med dirigent Christian Lindberg i The Allan Pettersson Project.<\/strong> En Europa-turn\u00e9 v\u00e4ntar till v\u00e5ren, men redan denna kv\u00e4ll f\u00e5r publiken stifta bekantskap med Petterssons andra violinkonsert. En 55 minuter l\u00e5ng konsert d\u00e4r solisten spelar i stort sett hela tiden. Det st\u00e4ller stora krav och Ulf Wallin infriar dem alla. Till vardags professor vid Musikh\u00f6gskolan Hanns Eisler i Berlin, men \u00e4ven internationellt etablerad violinist med v\u00e4rlden som arbetsf\u00e4lt.<\/p>\n<p>Allan Pettersson skrev violinkonserten 1977\u201378 och den uruppf\u00f6rdes 1980. Som grund f\u00f6r kompositionen ligger en av hans Barfotas\u00e5nger, \u201dHerren g\u00e5r p\u00e5 \u00e4ngen\u201d, som han komponerade p\u00e5 1940-talet. S\u00e5ngen bildar temat som utvecklas genom hela konserten.<\/p>\n<p>&nbsp;<\/p>\n<p><a title=\"Christian Lindberg\"><img loading=\"lazy\" decoding=\"async\" src=\"https:\/\/farm5.staticflickr.com\/4495\/36590232323_604ebcf57c.jpg\" alt=\"Christian Lindberg\" width=\"333\" height=\"500\" \/><\/a><br \/>\n<em> Distinkt. Christian Lindbergs kroppspr\u00e5k \u00e4r snabbt och tydligt.<\/em><\/p>\n<p>&nbsp;<\/p>\n<p><strong>Verket b\u00f6rjar i det lilla formatet med solistviolin tillsammans med ett instrument ur varje str\u00e5ksektion.<\/strong> Musiken letar sig vidare in i orkesterns \u00f6vriga instrument och v\u00e4xer i styrka. Men det \u00e4r inte en homogen orkesterr\u00f6st utan snarare en spretig folkmassa som g\u00f6r sig h\u00f6rd. Mitt i detta finns solisten. Inte alltid s\u00e5 l\u00e4tt att urskilja, man sk\u00f6njer ibland bara fragment av solistst\u00e4mman. Det \u00e4r som om orkestermedlemmarna och solisten pratar f\u00f6rbi varandra.<\/p>\n<p>Musiken \u00e4r snabb och stundtals hetsig. Jag f\u00e5r en k\u00e4nsla av att vara jagad, min puls h\u00f6js och andningen p\u00e5verkas. Det \u00e4r obekv\u00e4mt, till och med obehagligt, att bli s\u00e5 p\u00e5verkad men samtidigt fascinerande.<\/p>\n<p><strong>Konserten \u00e4r komponerad i ett enda stycke.<\/strong> Trots det finns det ett tillf\u00e4lle d\u00e5 musiken tystnar helt f\u00f6r ett kort \u00f6gonblick. Det \u00e4r en m\u00e4rkbar skillnad i musikens karakt\u00e4r efter andningspausen. Solistst\u00e4mman \u00e4r mer melodisk och f\u00e5r ta st\u00f6rre plats. Det \u00e4r sm\u00e4ktande vackert med str\u00e5kar som b\u00e4r upp solisten. Taktfasta slag fr\u00e5n pukor skapar ett sp\u00e4nningsmoment. Det finns allvar i musiken men ocks\u00e5 ett and\u00e4ktigt lugn.<\/p>\n<p>Det g\u00e5r inte att lyssna med sitt intellekt och f\u00f6rs\u00f6ka f\u00f6rst\u00e5. Det finns ingen linje, ingen ber\u00e4ttelse, inga bilder \u2013 bara toner i detta nu som n\u00e5r rakt in i hj\u00e4rtat. Det \u00e4r bara att sl\u00e4ppa in musiken s\u00e5 hittar den sj\u00e4lv. Of\u00f6ruts\u00e4gbarheten \u00e4r kittlande.<\/p>\n<p>I finalen kommer f\u00f6rsta delens mer spretiga karakt\u00e4r att blandas med lugnet. En trumvirvel manar p\u00e5, men friden har vunnit \u00f6ver kaoset. Allt ryms i den sk\u00e4lvande ensamma tonen som markerar slutet.<\/p>\n<p><strong>Christian Lindberg har en \u00e5terh\u00e5llsam och minimalistisk dirigentstil.<\/strong> Inga yviga gester utan avm\u00e4tta, distinkta r\u00f6relser.<\/p>\n<p>Ulf Wallin f\u00f6rvaltar solistst\u00e4mman p\u00e5 ett ypperligt s\u00e4tt. Det m\u00e5ste vara n\u00e4ra nog att j\u00e4mf\u00f6ra med ett maratonlopp att beh\u00e5lla fokus och intensitet som solist i detta verk. Kr\u00e4vande b\u00e5de fysiskt och psykiskt.<\/p>\n<p>&nbsp;<\/p>\n<p><a title=\"Allanpriset 2017 till The Allan Pettersson Project\" href=\"https:\/\/www.flickr.com\/photos\/kultursidan\/36590232203\/in\/album-72157689459055955\/\"><img loading=\"lazy\" decoding=\"async\" src=\"https:\/\/farm5.staticflickr.com\/4426\/36590232203_d8331cdbef.jpg\" alt=\"Allanpriset 2017 till The Allan Pettersson Project\" width=\"500\" height=\"333\" \/><\/a><br \/>\n<em> Allanpriset. Allan Pettersson S\u00e4llskapet passade p\u00e5 att hylla The Allan Pettersson Project och delade ut sitt nyinstiftade pris till Christian Lindberg, BIS Records Robert von Bahs och Norrk\u00f6pings Symfoniorkester, h\u00e4r representerad av konsertm\u00e4stare Henrik Jon Petersen. \u00c4ven kv\u00e4llens solist Ulf Wallin fick en blomma.<br \/>\n<\/em><\/p>\n<p>&nbsp;<\/p>\n<p><strong>Jean Sibelius Symfoni nr 2 f\u00f6r oss tillbaka till ett mer romantiskt tonspr\u00e5k.<\/strong> Det \u00e4r lantlig idyll och f\u00f6rv\u00e4ntan i luften i f\u00f6rsta satsen. Andra satsen inleds med pizzicato i cello och kontrabas som effektivt bygger upp st\u00e4mningen. \u00c4ven om mer vemodiga str\u00e5k letar sig in h\u00e4r och d\u00e4r, \u00e4r det svulstigt romantisk och stolt musik.<\/p>\n<p>Det \u00e4r l\u00e4tt att f\u00f6rst\u00e5 de tankar p\u00e5 nationalism och patriotism som tolkats in i verket, \u00e4ven om Sibelius inte hade de intentionerna. Han vistades p\u00e5 den italienska v\u00e4stkusten n\u00e4r han b\u00f6rjade arbetet med symfonin, s\u00e5 kanske det snarare var medelhavsklimatet som inspirerade till gl\u00e4djen och hoppfullheten i musiken. Finalen \u00e4r ett l\u00e5ngt utdraget jubel med pampigt bleckbl\u00e5s.<\/p>\n<p><em>\u00a9 Text: Felicia Eriksson<\/em><br \/>\n<em> \u00a9 Foto: Ann-Charlotte Sandelin<\/em><\/p>\n<p><em>BILDSPEL (FLASH) \u2013 KLICKA P\u00c5 BILDEN<\/em><br \/>\n<em> \u2028ALT\/MOBIL: SE BILDSPELET <a title=\"Bildspel\" href=\"https:\/\/www.flickr.com\/photos\/kultursidan\/sets\/72157689459055955\/show\/\" target=\"_blank\" rel=\"noopener\">H\u00c4R<\/a><\/em><br \/>\n<em> <object width=\"400\" height=\"300\"><param name=\"flashvars\" value=\"offsite=true&amp;lang=en-us&amp;page_show_url=%2Fphotos%2Fkultursidan%2Fsets%2F72157689459055955%2Fshow%2F&amp;page_show_back_url=%2Fphotos%2Fkultursidan%2Fsets%2F72157689459055955%2F&amp;set_id=72157689459055955&amp;jump_to=\" \/><param name=\"movie\" value=\"https:\/\/www.flickr.com\/apps\/slideshow\/show.swf?v=1811922554\" \/><param name=\"allowFullScreen\" value=\"true\" \/><\/object><\/em><\/p>\n<blockquote><p><em>DE GEERHALLEN Norrk\u00f6ping<\/em><\/p>\n<p>21 september 2017<br \/>\n<strong><em>Pettersson &amp; Sibelius<br \/>\n<\/em><\/strong><em>Norrk\u00f6pings Symfoniorkester<\/em><br \/>\n<em>Dirigent: Christian Lindberg<\/em><br \/>\n<em>Konsertm\u00e4stare: Henrik Jon Petersen<\/em><br \/>\n<em>Solist: Ulf Wallin, violin<\/em><\/p>\n<p style=\"padding-left: 30px;\"><em>PROGRAM<\/em><br \/>\n<em>Violinkonsert nr 2 Allan Pettersson (1911-1980)<\/em><br \/>\n<em>Symfoni nr 2 D-dur op 43 Jean Sibelius (1865-1957)<\/em><\/p>\n<p><em>Allan Pettersson s\u00e4llskapet<br \/>\n<strong>F\u00f6rsta Allanpriset 2017<\/strong><br \/>\nThe Allan Petterson Project \u2013 SON, Christian Lindberg och BIS Records<\/em><\/p><\/blockquote>\n<p>L\u00c4NKAR<br \/>\nUlf Wallin <a href=\"http:\/\/www.loddingkonsert.se\/artist.asp?id=131\" target=\"_blank\" rel=\"noopener\">info<\/a><br \/>\nAllan Petterson S\u00e4llskapet <a href=\"http:\/\/allan-pettersson.se\" target=\"_blank\" rel=\"noopener\">hemsida<br \/>\n<\/a>Norrk\u00f6pings symfoniorkester <a title=\"SON\" href=\"http:\/\/www.norrkopingssymfoniorkester.se\" target=\"_blank\" rel=\"noopener\">hemsida<\/a> <a title=\"Facebook\" href=\"https:\/\/www.facebook.com\/norrkoping.symphony?fref=ts\" target=\"_blank\" rel=\"noopener\">Facebook<\/a> <a title=\"Allan Pettersson-projektet\" href=\"http:\/\/www.norrkopingssymfoniorkester.se\/orkestern\/aktuellt\/allan-pettersson\" target=\"_blank\" rel=\"noopener\">Allan Pettersson-projektet<\/a><a href=\"https:\/\/www.facebook.com\/norrkoping.symphony\/?fref=ts\" target=\"_blank\" rel=\"noopener noreferrer\"><br \/>\n<\/a><\/p>\n<p>Symfoniorkestern spelar s\u00e4kert 2017\/2018 <a href=\"https:\/\/www.kultursidan.nu\/?p=30749\" target=\"_blank\" rel=\"noopener\">kr\u00f6nika<\/a> Kultursidan.nu 10\/5 2017<br \/>\nTv\u00e4ra kast med m\u00e4sterbl\u00e5sare och SON <a href=\"https:\/\/www.kultursidan.nu\/?p=29493\" target=\"_blank\" rel=\"noopener\">recension<\/a> Kultursidan.nu 19\/2 2017<br \/>\nTrumpet, jakthorn och Petterssons 5:a <a href=\"https:\/\/www.kultursidan.nu\/?p=29393\" target=\"_blank\" rel=\"noopener\">reportage<\/a> Kultursidan.nu 14\/2 2017<br \/>\nDrabbad av Piazzolla och Pettersson <a href=\"https:\/\/www.kultursidan.nu\/?p=27839\" target=\"_blank\" rel=\"noopener\">recension<\/a> Kultursidan.nu 10\/11 2016<br \/>\nPettersson och Piazolla med SON <a href=\"https:\/\/www.kultursidan.nu\/?p=27781\" target=\"_blank\" rel=\"noopener\">KortNytt<\/a> Kultursidan.nu 7\/11 2016<br \/>\nChefdirigentl\u00f6st SON g\u00e5r mot nya m\u00f6ten <a href=\"https:\/\/www.kultursidan.nu\/?p=25050\" target=\"_blank\" rel=\"noopener\">reportage<\/a> Kultursidan.nu 4\/5 2016<br \/>\nDags f\u00f6r Allan Petterssons Symfoni nr 14 <a href=\"https:\/\/www.kultursidan.nu\/?p=22636\" target=\"_blank\" rel=\"noopener\">reportage<\/a> Kultursidan.nu 26\/11 2015<br \/>\nSymfoniorkestern tog 2 Grammisar <a href=\"https:\/\/www.kultursidan.nu\/?p=19000\" target=\"_blank\" rel=\"noopener\">reportage<\/a> Kultursidan.nu 26\/2 2015<br \/>\nSON spelar in Allan Petterssons nr 13 <a href=\"https:\/\/www.kultursidan.nu\/?p=18521\" target=\"_blank\" rel=\"noopener\">reportage<\/a> Kultursidan.nu 15\/1 2015<br \/>\nSymfoniorkesterns julklappar 3-2-1 <a title=\"Symfoniorkesterns julklappar 3-2-1\" href=\"https:\/\/www.kultursidan.nu\/?p=18289\" target=\"_blank\" rel=\"noopener\">reportage<\/a> Kultursidan.nu 22\/12 2014<br \/>\nSON spelar Allan Petterssons sv\u00e5raste <a title=\"SON spelar Allan Petterssons sv\u00e5raste\" href=\"https:\/\/www.kultursidan.nu\/?p=16829\" target=\"_blank\" rel=\"noopener\">reportage<\/a> Kultursidan.nu 17\/9 2014<br \/>\nSON och BIS ger ut Allan Pettersson-box <a title=\"SON och BIS ger ut Allan Pettersson-box\" href=\"https:\/\/www.kultursidan.nu\/?p=12839\" target=\"_blank\" rel=\"noopener\">reportage<\/a> Kultursidan.nu 1\/11 2013<\/p>\n","protected":false},"excerpt":{"rendered":"<p>NORRK\u00d6PING Of\u00f6ruts\u00e4gbar musik m\u00f6ter nationalromantiken. Nordiskt m\u00f6te i De Geerhallen n\u00e4r symfoniorkestern spelar Allan Pettersson och Jean Sibelius. Ulf Wallin, b\u00f6rdig fr\u00e5n Link\u00f6ping, g\u00e4star som solist p\u00e5 violin. <a class=\"continue-reading-link\" href=\"https:\/\/www.kultursidan.nu\/?p=32554\">L\u00e4s mer <span class=\"meta-nav\">&rarr; <\/span><\/a><\/p>\n","protected":false},"author":1001006,"featured_media":0,"comment_status":"closed","ping_status":"open","sticky":false,"template":"","format":"standard","meta":{"_jetpack_memberships_contains_paid_content":false,"footnotes":""},"categories":[7],"tags":[13],"class_list":["post-32554","post","type-post","status-publish","format-standard","hentry","category-norrkoping","tag-musik"],"jetpack_featured_media_url":"","jetpack_sharing_enabled":true,"_links":{"self":[{"href":"https:\/\/www.kultursidan.nu\/index.php?rest_route=\/wp\/v2\/posts\/32554","targetHints":{"allow":["GET"]}}],"collection":[{"href":"https:\/\/www.kultursidan.nu\/index.php?rest_route=\/wp\/v2\/posts"}],"about":[{"href":"https:\/\/www.kultursidan.nu\/index.php?rest_route=\/wp\/v2\/types\/post"}],"author":[{"embeddable":true,"href":"https:\/\/www.kultursidan.nu\/index.php?rest_route=\/wp\/v2\/users\/1001006"}],"replies":[{"embeddable":true,"href":"https:\/\/www.kultursidan.nu\/index.php?rest_route=%2Fwp%2Fv2%2Fcomments&post=32554"}],"version-history":[{"count":5,"href":"https:\/\/www.kultursidan.nu\/index.php?rest_route=\/wp\/v2\/posts\/32554\/revisions"}],"predecessor-version":[{"id":32652,"href":"https:\/\/www.kultursidan.nu\/index.php?rest_route=\/wp\/v2\/posts\/32554\/revisions\/32652"}],"wp:attachment":[{"href":"https:\/\/www.kultursidan.nu\/index.php?rest_route=%2Fwp%2Fv2%2Fmedia&parent=32554"}],"wp:term":[{"taxonomy":"category","embeddable":true,"href":"https:\/\/www.kultursidan.nu\/index.php?rest_route=%2Fwp%2Fv2%2Fcategories&post=32554"},{"taxonomy":"post_tag","embeddable":true,"href":"https:\/\/www.kultursidan.nu\/index.php?rest_route=%2Fwp%2Fv2%2Ftags&post=32554"}],"curies":[{"name":"wp","href":"https:\/\/api.w.org\/{rel}","templated":true}]}}