{"id":32622,"date":"2017-09-26T17:33:11","date_gmt":"2017-09-26T16:33:11","guid":{"rendered":"https:\/\/intelligent-friend-7861.standoutwp.com\/?p=32622"},"modified":"2017-09-26T18:13:32","modified_gmt":"2017-09-26T17:13:32","slug":"kjell-norbergs-plats-invigd-vid-campus","status":"publish","type":"post","link":"https:\/\/www.kultursidan.nu\/?p=32622","title":{"rendered":"Kjell Norbergs plats invigd vid Campus"},"content":{"rendered":"<p><img loading=\"lazy\" decoding=\"async\" class=\"alignnone size-medium wp-image-32623\" src=\"https:\/\/www.kultursidan.nu\/wp-content\/uploads\/2017\/09\/016-Louise-567x377.jpg\" alt=\"\" width=\"567\" height=\"377\" srcset=\"https:\/\/www.kultursidan.nu\/wp-content\/uploads\/2017\/09\/016-Louise-567x377.jpg 567w, https:\/\/www.kultursidan.nu\/wp-content\/uploads\/2017\/09\/016-Louise-768x510.jpg 768w, https:\/\/www.kultursidan.nu\/wp-content\/uploads\/2017\/09\/016-Louise-1024x680.jpg 1024w, https:\/\/www.kultursidan.nu\/wp-content\/uploads\/2017\/09\/016-Louise-501x333.jpg 501w, https:\/\/www.kultursidan.nu\/wp-content\/uploads\/2017\/09\/016-Louise-150x100.jpg 150w, https:\/\/www.kultursidan.nu\/wp-content\/uploads\/2017\/09\/016-Louise.jpg 1280w\" sizes=\"auto, (max-width: 567px) 100vw, 567px\" \/><br \/>\n<em>P\u00e5 plats. Norrk\u00f6pings borgm\u00e4stare och kommunfullm\u00e4ktiges ordf\u00f6rande Louise Malmstr\u00f6m invigde Kjell Norbergs plats vid Campus.<br \/>\n<\/em><\/p>\n<p>&nbsp;<\/p>\n<h1><span style=\"color: #ff0000;\">Universitet i det \u00f6vergivna Industrilandskapet<br \/>\n<\/span><\/h1>\n<p>&nbsp;<\/p>\n<p>NORRK\u00d6PING <strong>Utan Kjell Norberg inget Campus.<\/strong> Kommunalr\u00e5det drev fr\u00e5gan om att f\u00e5 en universitetsfilial till Link\u00f6ping. P\u00e5 m\u00e5ndagen fick han en egen plats vid lilla entr\u00e9n till K\u00e5kenhus vid en v\u00e4lbes\u00f6kt ceremoni.<\/p>\n<p><strong>Kjell Norberg (S) var kommunstyrelsens ordf\u00f6rande i Norrk\u00f6ping 1994\u20132000 d\u00e5 han hastigt avled.<\/strong> Den forne l\u00e4raren brann f\u00f6r utbildning och var en starkt drivande kraft till att Campus Norrk\u00f6ping nu finns i staden.<\/p>\n<p>Som tack f\u00f6r hans g\u00e4rningar och betydelse f\u00f6r Norrk\u00f6ping har kommunen beslutat att uppkalla en plats i hans namn. Vid K\u00e5kenhus \u00f6stra entr\u00e9 mellan Bergsbron och Skvallertorget finns en mur som avgr\u00e4nsning mot Kungsgatan. Den \u00f6ppna platsen innanf\u00f6r denna muren \u00e4r fr\u00e5n den 25 september Kjell Norbergs plats.<\/p>\n<p>&nbsp;<\/p>\n<p><a title=\"Mattias Severin\" href=\"https:\/\/www.flickr.com\/photos\/kultursidan\/37077617410\/in\/album-72157687130032824\/\"><img loading=\"lazy\" decoding=\"async\" src=\"https:\/\/farm5.staticflickr.com\/4374\/37077617410_5995e0f743.jpg\" alt=\"Mattias Severin\" width=\"332\" height=\"500\" \/><\/a><br \/>\n<em> Bildningens man. Campusr\u00e5det Mattias Severin satte in Norrk\u00f6pings utveckling i ett historiskt sammanhang.<\/em><\/p>\n<p>&nbsp;<\/p>\n<p><strong>Vid m\u00e5ndagens ceremoni talade prefekten och universitetslektorn Mattias Severin om Norrk\u00f6pings betydelse f\u00f6r Sveriges industriella utveckling.<\/strong> Han gick s\u00e5 l\u00e5ngt tillbaka som till istidens slut d\u00e5 Str\u00f6mmen bildades, vattendraget som lade grunden till boplatsen som med tiden blev en stad.<\/p>\n<p>Mattias Severin betonade Kjell Norbergs insats n\u00e4r det 1996 fattades riksdagsbeslut att Link\u00f6pings Universitet skulle ha 2.300 flera utbildningsplatser fr\u00e5n h\u00f6sten 1997. De flesta av dessa skulle vara i Norrk\u00f6ping. Kjell Norberg hade d\u00e5 visat p\u00e5 stor kraft f\u00f6r att l\u00f6sa fr\u00e5gan och Campus Norrk\u00f6ping byggdes upp i det \u00f6vergivna gamla Industrilandskapet.<\/p>\n<p>Men f\u00f6r att universitetsutbildning ska ligga p\u00e5 framkant s\u00e5 kr\u00e4vs ocks\u00e5 forskningsresurser och d\u00e4r blev ocks\u00e5 Norrk\u00f6ping framg\u00e5ngsrikt genom samarbete med inte minst n\u00e4ringslivet.<\/p>\n<p><strong>Efter en inledande musikalisk introduktion av l\u00e4rare fr\u00e5n Kulturskolan h\u00e4lsade kommunalr\u00e5det Reidar Svedahl v\u00e4lkommen.<\/strong> Borgm\u00e4staren Louise Malmstr\u00f6m avt\u00e4ckte hedersplaketten.<\/p>\n<p>Ceremonin var v\u00e4lbes\u00f6kt av b\u00e5de studenter och av m\u00e5nga politiker. Kjell Norberg var i sina b\u00e4sta \u00e5r n\u00e4r han hastigt avled under en skidsemester. M\u00e5nga har ett starkt minne av Kjell och saknar honom \u00e4n i dag som politiker och m\u00e4nniska.<\/p>\n<p><em>\u00a9 Text och foto: Sven \u00c5ke Molund<\/em><\/p>\n<p>BILDSPEL \u2013 KLICKA P\u00c5 BILDENS PILAR<\/p>\n<p><a data-flickr-embed='true' href='https:\/\/www.flickr.com\/photos\/kultursidan\/albums\/72157687130032824' title='Invigning, Kjell Norbergs plats 2017 by Kultursidan, on Flickr'><img src='https:\/\/live.staticflickr.com\/4355\/37077617640_9b85fb601e_z.jpg' width='800' height='600' alt='G\u00e4rdebyl\u00e5ten'><\/a><script async src='https:\/\/embedr.flickr.com\/assets\/client-code.js' charset='utf-8'><\/script><\/p>\n<blockquote>\n<h3><em>KJELL NORBERGS PLATS Norrk\u00f6ping<\/em><\/h3>\n<p>25 september 2017<br \/>\n<em><strong>Invigning\u2028<\/strong><\/em><br \/>\n<em>Arr: Norrrk\u00f6pings kommun och Link\u00f6pings universitet<\/em><\/p><\/blockquote>\n","protected":false},"excerpt":{"rendered":"<p>NORRK\u00d6PING Utan Kjell Norberg inget Campus. Kommunalr\u00e5det drev fr\u00e5gan om att f\u00e5 en universitetsutbildning till Norrk\u00f6ping. P\u00e5 m\u00e5ndagen fick han en egen plats vid lilla entr\u00e9n till K\u00e5kenhus vid en v\u00e4lbes\u00f6kt ceremoni. <a class=\"continue-reading-link\" href=\"https:\/\/www.kultursidan.nu\/?p=32622\">L\u00e4s mer <span class=\"meta-nav\">&rarr; <\/span><\/a><\/p>\n","protected":false},"author":1001006,"featured_media":0,"comment_status":"closed","ping_status":"open","sticky":false,"template":"","format":"standard","meta":{"_jetpack_memberships_contains_paid_content":false,"footnotes":""},"categories":[7],"tags":[66],"class_list":["post-32622","post","type-post","status-publish","format-standard","hentry","category-norrkoping","tag-arkitektur"],"jetpack_featured_media_url":"","jetpack_sharing_enabled":true,"_links":{"self":[{"href":"https:\/\/www.kultursidan.nu\/index.php?rest_route=\/wp\/v2\/posts\/32622","targetHints":{"allow":["GET"]}}],"collection":[{"href":"https:\/\/www.kultursidan.nu\/index.php?rest_route=\/wp\/v2\/posts"}],"about":[{"href":"https:\/\/www.kultursidan.nu\/index.php?rest_route=\/wp\/v2\/types\/post"}],"author":[{"embeddable":true,"href":"https:\/\/www.kultursidan.nu\/index.php?rest_route=\/wp\/v2\/users\/1001006"}],"replies":[{"embeddable":true,"href":"https:\/\/www.kultursidan.nu\/index.php?rest_route=%2Fwp%2Fv2%2Fcomments&post=32622"}],"version-history":[{"count":5,"href":"https:\/\/www.kultursidan.nu\/index.php?rest_route=\/wp\/v2\/posts\/32622\/revisions"}],"predecessor-version":[{"id":32630,"href":"https:\/\/www.kultursidan.nu\/index.php?rest_route=\/wp\/v2\/posts\/32622\/revisions\/32630"}],"wp:attachment":[{"href":"https:\/\/www.kultursidan.nu\/index.php?rest_route=%2Fwp%2Fv2%2Fmedia&parent=32622"}],"wp:term":[{"taxonomy":"category","embeddable":true,"href":"https:\/\/www.kultursidan.nu\/index.php?rest_route=%2Fwp%2Fv2%2Fcategories&post=32622"},{"taxonomy":"post_tag","embeddable":true,"href":"https:\/\/www.kultursidan.nu\/index.php?rest_route=%2Fwp%2Fv2%2Ftags&post=32622"}],"curies":[{"name":"wp","href":"https:\/\/api.w.org\/{rel}","templated":true}]}}