{"id":3276,"date":"2011-11-22T13:06:15","date_gmt":"2011-11-22T12:06:15","guid":{"rendered":"https:\/\/intelligent-friend-7861.standoutwp.com\/?p=3276"},"modified":"2011-11-23T21:21:45","modified_gmt":"2011-11-23T20:21:45","slug":"novemberfestivalen-prisade-filmen-varde-ljud","status":"publish","type":"post","link":"https:\/\/www.kultursidan.nu\/?p=3276","title":{"rendered":"Novemberfestivalen prisade filmen Varde ljud"},"content":{"rendered":"<p>[flickr]http:\/\/www.flickr.com\/photos\/kultursidan\/6382482175\/[\/flickr]<\/p>\n<p><em>\u00d6ronbed\u00f6vande. Adam Tillberg gestaltar den unge mannen som f\u00f6r f\u00f6rsta g\u00e5ngen tr\u00e4der ut i de h\u00f6randes v\u00e4rld.<br \/>\nSe hela filmen p\u00e5 YouTube, l\u00e4nk finns l\u00e4ngre ner.<br \/>\n<\/em><\/p>\n<p>&nbsp;<\/p>\n<h1><span style=\"color: #ff0000;\">&#8221;Stils\u00e4ker konfrontation mellan \u00f6nskningar och verklighet&#8221;<\/span><\/h1>\n<p>&nbsp;<\/p>\n<p style=\"text-align: center;\"><em>Filmaren lyckas stils\u00e4kert skildra huvudpersonens konfrontation med<br \/>\nsina \u00f6nskningar och en verklighet d\u00e4r endast musiken kan \u00f6vertr\u00e4ffa hans f\u00f6rv\u00e4ntningar.<\/em><br \/>\n<strong>Novemberfestivalens jury<\/strong><br \/>\n(Bj\u00f6rn Runge, regiss\u00f6r, Linda V\u00e4strik, dokument\u00e4rfilmare, och Daniel Ahlqvist, producent<\/p>\n<p>&nbsp;<\/p>\n<p><strong>Det \u00e4r sv\u00e5rt att veta vem som \u00e4r mest stolt \u00f6ver sina adepter, Human Golmohammadi p\u00e5 Film- och musikgymnasiet eller Norrk\u00f6pings filmgeneral Johan Karlsson p\u00e5 Flimmer.<\/strong> De fem killarna Jacob Danell, Simon \u00d6ster, Filip Jounot, Carl Lohman och Kevin Gullberg som tillsammans utg\u00f6r ETK Media tog hem \u00e4rofyllda tredjepriset i Novemberfestivalens mellanviktsklass med kortfilmen <em>Varde ljud<\/em>.<\/p>\n<p>\u2013 Shit vilken helg! kommenterar Simon \u00d6ster Novemberfestivalen p\u00e5 sin Facebooksida. Har f\u00e5tt s\u00e5 sjukt mycket inspiration av alla grymt bra filmer, \u00e4r sjukt sugen p\u00e5 att g\u00f6ra film nu! och att v\u00e5r (ETK Media) film &#8221;Varde Ljud&#8221; fick tredjepris i v\u00e5r kategori fick bli en bonus.<\/p>\n<p><strong>Novemberfestivalen i Trollh\u00e4ttan under den g\u00e5ngna helgen \u00e4r den stora m\u00f6tesplatsen f\u00f6r svensk kortfilm.<\/strong> H\u00e4r m\u00f6ttes de som tidigare under \u00e5ret vunnit p\u00e5 l\u00e4nsniv\u00e5 och gjorde upp om \u201dKortfilms-SM\u201d. Att vinna den \u00f6stg\u00f6tska Guldsvanen under Flimmerfestivalen f\u00f6r n\u00e5gra veckor sedan var allts\u00e5 f\u00f6rsta steget p\u00e5 v\u00e4gen f\u00f6r ETK Media.<\/p>\n<p>F\u00f6retaget ETK Media startades f\u00f6r ett knappt \u00e5r sedan av killarna som gick ut Film- och musikgymnasiet i Norrk\u00f6ping i v\u00e5ras, den nu prisvinnande filmen \u00e4r deras projektarbete.<\/p>\n<p><strong>I <em>Varde ljud<\/em> spelar sk\u00e5despelaren Adam Tillberg en gravt h\u00f6rselskadad ung man som efter en operation f\u00e5r m\u00f6jlighet att h\u00f6ra.<\/strong> Men att bli delaktig i de h\u00f6randes v\u00e4rld kostar p\u00e5. Adam Tillberg speglar i den korta filmen alla de k\u00e4nslor, fr\u00e5n f\u00f6rv\u00e4ntan till f\u00f6rtvivlan, det pl\u00f6tsliga m\u00f6tet med verklighetens ljud v\u00e4cker: bussgnissel, hostattacker, babbel och r\u00e5sk\u00e4ll.<\/p>\n<p>Det \u00e4r en samtidigt b\u00e5de dr\u00f6msk och mogen film med stor allm\u00e4ngiltighet. En modern variant av H C Andersens, inte Disneys, saga om <em>Den lilla sj\u00f6jungfrun<\/em>, hon som offrar sin r\u00f6st f\u00f6r att f\u00e5 byta fiskstj\u00e4rten mot ett par ben. Och uppt\u00e4cker att varje steg hon tar sm\u00e4rtar som knivar. Den lilla sj\u00f6jungfrun kastar sig i havet. <em>Varde ljud<\/em> tar en annan v\u00e4ndning som h\u00e4r inte ska avsl\u00f6jas ut\u00f6ver juryns kommentar ovan.<\/p>\n<p>Filmen v\u00e4xlar mellan stabil kamera och mer dogmainspirerande subjektiva r\u00f6relsefilmer, samt lite filmtrixande. Till\u00e4ggas b\u00f6r att den snyggt klippta filmen tar tillvara en rad v\u00e4lk\u00e4nda Norrk\u00f6pingsmilj\u00f6er, fr\u00e5n vyer till gatubilder och caf\u00e9liv.<\/p>\n<p><strong>Fem kortfilmer fr\u00e5n l\u00e4net var uttagna bland de totalt 60 t\u00e4vlande <\/strong><strong>) <\/strong><strong>i Trollh\u00e4ttan, i de tv\u00e5 <\/strong><strong>kategorierna mellanvikt (16-19 \u00e5r) och tungvikt (20-26 \u00e5r<\/strong><strong>.<\/strong> <em>Kuken brinner<\/em> av Crazy Pictures, <em>Sagan om drakens skor<\/em> av Robin Velu och Elizaveta Oboisheva, <em>Hela havet stormar<\/em> av Anna H\u00e4ll (som vann Guldsvanen i tungviktsklassen) och <em>A pawful of dollars<\/em> av Dan Englesson.<\/p>\n<p><em>Text: Ann-Charlotte Sandelin<\/em><br \/>\n<em>Foto: Novemberfestivalen och ETK Media<\/em><\/p>\n<p>&nbsp;<\/p>\n<p>L\u00c4NKAR<br \/>\nNovemberfestivalen <a title=\"Novemberfestivalen\" href=\"http:\/\/novemberfestivalen.se\" target=\"_blank\">hemsida <\/a><br \/>\nVarde ljud <a title=\"Varde Ljud\" href=\"http:\/\/www.youtube.com\/watch?v=vs6mcFR71jc\" target=\"_blank\">YouTube <\/a>ETK Media 2011<br \/>\nFilmfestivalen Flimmer \u00f6ver \u2013 f\u00f6r den h\u00e4r g\u00e5ngen <a title=\"Filmfestivalen Flimmer \u00f6ver \u2013 f\u00f6r den h\u00e4r g\u00e5ngen\" href=\"https:\/\/www.kultursidan.nu\/?p=2542\" target=\"_blank\">artikel<\/a> Kultursidan.nu 10\/10 2011<br \/>\n5:e upplagan av Film Freaks <a title=\"5:e upplagan av Film Freaks\" href=\"https:\/\/www.kultursidan.nu\/?p=1359\" target=\"_blank\">artikel<\/a> Kultursidan.nu 10\/4 2011<\/p>\n<p>&nbsp;<\/p>\n<p>FLER BILDER FR\u00c5N NOVEMBERFESTIVALEN \u2013 KLICKA<\/p>\n<p>[flickr-gallery mode=&#8221;photoset&#8221; photoset=&#8221;72157628094745585&#8243;]<\/p>\n","protected":false},"excerpt":{"rendered":"<p>NORRK\u00d6PING Fem glada killar fr\u00e5n Norrk\u00f6ping tog hem tredjepriset i Trollh\u00e4ttans festival i kortfilm f\u00f6r unga filmare i helgen. \u00d6sterg\u00f6tlands fem filmer m\u00f6tte ytterligare 55 &#8221;grymt bra&#8221; filmer fr\u00e5n \u00f6vriga Sverige. <a class=\"continue-reading-link\" href=\"https:\/\/www.kultursidan.nu\/?p=3276\">L\u00e4s mer <span class=\"meta-nav\">&rarr; <\/span><\/a><\/p>\n","protected":false},"author":1001006,"featured_media":0,"comment_status":"open","ping_status":"open","sticky":false,"template":"","format":"standard","meta":{"_jetpack_memberships_contains_paid_content":false,"footnotes":""},"categories":[7],"tags":[38],"class_list":["post-3276","post","type-post","status-publish","format-standard","hentry","category-norrkoping","tag-film"],"jetpack_featured_media_url":"","jetpack_sharing_enabled":true,"_links":{"self":[{"href":"https:\/\/www.kultursidan.nu\/index.php?rest_route=\/wp\/v2\/posts\/3276","targetHints":{"allow":["GET"]}}],"collection":[{"href":"https:\/\/www.kultursidan.nu\/index.php?rest_route=\/wp\/v2\/posts"}],"about":[{"href":"https:\/\/www.kultursidan.nu\/index.php?rest_route=\/wp\/v2\/types\/post"}],"author":[{"embeddable":true,"href":"https:\/\/www.kultursidan.nu\/index.php?rest_route=\/wp\/v2\/users\/1001006"}],"replies":[{"embeddable":true,"href":"https:\/\/www.kultursidan.nu\/index.php?rest_route=%2Fwp%2Fv2%2Fcomments&post=3276"}],"version-history":[{"count":0,"href":"https:\/\/www.kultursidan.nu\/index.php?rest_route=\/wp\/v2\/posts\/3276\/revisions"}],"wp:attachment":[{"href":"https:\/\/www.kultursidan.nu\/index.php?rest_route=%2Fwp%2Fv2%2Fmedia&parent=3276"}],"wp:term":[{"taxonomy":"category","embeddable":true,"href":"https:\/\/www.kultursidan.nu\/index.php?rest_route=%2Fwp%2Fv2%2Fcategories&post=3276"},{"taxonomy":"post_tag","embeddable":true,"href":"https:\/\/www.kultursidan.nu\/index.php?rest_route=%2Fwp%2Fv2%2Ftags&post=3276"}],"curies":[{"name":"wp","href":"https:\/\/api.w.org\/{rel}","templated":true}]}}