{"id":32772,"date":"2017-10-06T09:21:08","date_gmt":"2017-10-06T08:21:08","guid":{"rendered":"https:\/\/intelligent-friend-7861.standoutwp.com\/?p=32772"},"modified":"2017-10-06T09:21:08","modified_gmt":"2017-10-06T08:21:08","slug":"to-decays-skulptur-exposed-pa-hallarna","status":"publish","type":"post","link":"https:\/\/www.kultursidan.nu\/?p=32772","title":{"rendered":"To Decays skulptur Exposed p\u00e5 Hallarna"},"content":{"rendered":"<p><img loading=\"lazy\" decoding=\"async\" class=\"alignnone size-medium wp-image-32773\" src=\"https:\/\/www.kultursidan.nu\/wp-content\/uploads\/2017\/10\/IMG_3011-567x375.jpg\" alt=\"\" width=\"567\" height=\"375\" srcset=\"https:\/\/www.kultursidan.nu\/wp-content\/uploads\/2017\/10\/IMG_3011-567x375.jpg 567w, https:\/\/www.kultursidan.nu\/wp-content\/uploads\/2017\/10\/IMG_3011-768x508.jpg 768w, https:\/\/www.kultursidan.nu\/wp-content\/uploads\/2017\/10\/IMG_3011-1024x678.jpg 1024w, https:\/\/www.kultursidan.nu\/wp-content\/uploads\/2017\/10\/IMG_3011-503x333.jpg 503w, https:\/\/www.kultursidan.nu\/wp-content\/uploads\/2017\/10\/IMG_3011-150x99.jpg 150w, https:\/\/www.kultursidan.nu\/wp-content\/uploads\/2017\/10\/IMG_3011.jpg 1280w\" sizes=\"auto, (max-width: 567px) 100vw, 567px\" \/><br \/>\n<em>Leverans. Skulpturen Exposed anl\u00e4nde till kulturkvarteret Hallarna under Kulturnatten, f\u00f6r att bli n\u00e4sta verk i den v\u00e4xande skulpturparken.<\/em><\/p>\n<p>&nbsp;<\/p>\n<h1><span style=\"color: #ff0000;\">Ett h\u00e5rt hj\u00e4rta som ska \u00e5ldras<\/span><\/h1>\n<p>&nbsp;<\/p>\n<p>RECENSION\/NORRK\u00d6PING <strong>Ett hj\u00e4rta h\u00e5rdare \u00e4n betong.<\/strong> Konstn\u00e4rsparet To Decay har l\u00e4mnat tatuerarnas mjuka hud f\u00f6r andra konstn\u00e4rliga uttryck. P\u00e5 Kulturnatten invigdes deras skulptur <em>Exposed<\/em> i kulturkvarteret Hallarna.<\/p>\n<p><strong>P\u00e5 slaget tv\u00e5 timmar efter utsatt tid sker pl\u00f6tsligt en invigning av det nya konstverket <em>Exposed<\/em> p\u00e5 Hallarnas innerg\u00e5rd.<\/strong> B\u00e4ttre f\u00f6r sent \u00e4n aldrig. Vad \u00e4r v\u00e4l ett par timmar i en stenskulpturs livstid?<\/p>\n<p>Av en tillf\u00e4llighet \u00e4r jag tillbaka h\u00e4r efter att ha gett upp l\u00e5ngt tidigare utan att ha f\u00e5tt besked. Det fanns hundratals andra st\u00e4llen jag kunde ha befunnit mig p\u00e5 just nu denna kulturnatt, men ibland spelar en slumpen i h\u00e4nderna. Jag klagar inte ens p\u00e5 att skulpturen ska st\u00e4llas upp just d\u00e4r jag sitter och \u00e4ter min sm\u00f6rg\u00e5s, s\u00e5 glad blir jag.<\/p>\n<p><strong>Fast gladast \u00e4r nog konstn\u00e4rsparet som kallar sig To Decay, som har st\u00e5tt och slitit till elfte (eller snarare fjortonde) timmen.<\/strong> Men pl\u00f6tsligt kom de i lastbil, skulpturen k\u00f6rdes ut p\u00e5 en provisorisk pall, Pelle Filipsson, verksamhetsansvarig vid Hallarna sade n\u00e5gra v\u00e4l valda ord och l\u00e4t t\u00e4ckelsen falla\u2026 och s\u00e5 var det klart. P\u00e5 fem minuter.<\/p>\n<p>Vittnen till det hela var deras n\u00e4rmaste v\u00e4nner och jag. Men skulpturen ska st\u00e5 h\u00e4r l\u00e4nge, och den kan vara v\u00e4rd en avstickare f\u00f6r att betittas.<\/p>\n<p>&nbsp;<\/p>\n<p><a title=\"To Decay \u2013 Exposed\" href=\"https:\/\/www.flickr.com\/photos\/kultursidan\/36857851683\/in\/album-72157687525207374\/\"><img loading=\"lazy\" decoding=\"async\" src=\"https:\/\/farm5.staticflickr.com\/4479\/36857851683_11dc6e759f.jpg\" alt=\"To Decay \u2013 Exposed\" width=\"327\" height=\"500\" \/><\/a><br \/>\n<em>Livets muskel. Exposed visar ett blottlagt hj\u00e4rta. Materialet \u00e4r jesmonite, b\u00e5de sl\u00e4tare och h\u00e5rdare \u00e4n betong.<\/em><\/p>\n<p>&nbsp;<\/p>\n<p><strong>Wibeke Loh och David Vilhelmsson ber\u00e4ttar att de \u00e4r tatuerare fr\u00e5n b\u00f6rjan, men nu s\u00f6ker de nya konstn\u00e4rliga uttryck f\u00f6r att utvecklas.<\/strong> Tidigare har de ocks\u00e5 gjort inredningsdesign. Sedan juni 2016 har de haft sin bas i Hallarnas F\u00f6retagsatelj\u00e9er.<\/p>\n<p>\u2013 Vi \u00e4r intresserade av att gestalta mjuka, organiska ting i h\u00e5rda material.<\/p>\n<p>Skulpuren, <em>Exposed<\/em>, \u00e4r gjuten i jesmonite, ber\u00e4ttar de. Det \u00e4r ett material som \u00e4r h\u00e5rdare \u00e4n betong. (En blandning av akrylplast och gips, l\u00e4ser jag mig till i efterhand.) Men de ser fram emot att den ska \u00e5ldras och f\u00e5 patina. To Decay, minsann.<\/p>\n<p><strong>Att den ser oavslutad ut och ser ut att bryta sig fram ur blocket \u00e4r helt avsiktligt.<\/strong> Jag undrar om de har sett Axel Ebbes skulptur <em>Mannen som bryter sig ur klippan<\/em> (1894) utanf\u00f6r universitetshuset i Lund. Nej, de \u00e4r nog oskadade av konsthistorien. Men tanken \u00e4r liknande.<\/p>\n<p><em>\u00a9 Text och foto: Michael Strandhed<\/em><\/p>\n<p>BILDSPEL \u2013 KLICKA P\u00c5 BILDENS PILAR<\/p>\n<p><a data-flickr-embed='true' href='https:\/\/www.flickr.com\/photos\/kultursidan\/sets\/72157687525207374' title='To Decay, Hallarna2017 by Kultursidan, on Flickr'><img src='https:\/\/live.staticflickr.com\/4505\/36857833983_50aa9985cc_z.jpg' width='800' height='600' alt='To Decay \u2013 Exposed'><\/a><script async src='https:\/\/embedr.flickr.com\/assets\/client-code.js' charset='utf-8'><\/script><\/p>\n<blockquote>\n<h3><em>HALLARNA Norrk\u00f6ping<\/em><\/h3>\n<p><em>30 september 2017 \u2028<\/em><br \/>\n<strong><em>Invigning av konstverket Exposed\u2028<\/em><\/strong><br \/>\n<em>av To Decay\u2028\u2028 \u2013 Wibeke Loh och David Vilhelmsson<\/em><br \/>\n<em>Arr: Hallarna<\/em><\/p><\/blockquote>\n<p>L\u00c4NKAR<br \/>\nTo Decay <a href=\"https:\/\/www.facebook.com\/todecaysweden\/\" target=\"_blank\" rel=\"noopener\">Facebook<\/a><br \/>\nKulturkvarteret Hallarna <a title=\"Kvarteret Hallarna\" href=\"http:\/\/www.hallarna.org\" target=\"_blank\" rel=\"noopener\">hemsida<\/a> <a title=\"Facebook\" href=\"https:\/\/www.facebook.com\/groups\/282339305171411\/?fref=ts\" target=\"_blank\" rel=\"noopener\">Facebook<\/a><\/p>\n","protected":false},"excerpt":{"rendered":"<p>NORRK\u00d6PING Ett hj\u00e4rta h\u00e5rdare \u00e4n betong. Konstn\u00e4rsparet To Decay har l\u00e4mnat tatuerarnas mjuka hud f\u00f6r andra konstn\u00e4rliga uttryck. P\u00e5 Kulturnatten invigdes deras skulptur Exposed i kulturkvarteret Hallarna. <a class=\"continue-reading-link\" href=\"https:\/\/www.kultursidan.nu\/?p=32772\">L\u00e4s mer <span class=\"meta-nav\">&rarr; <\/span><\/a><\/p>\n","protected":false},"author":1001006,"featured_media":0,"comment_status":"closed","ping_status":"open","sticky":false,"template":"","format":"standard","meta":{"_jetpack_memberships_contains_paid_content":false,"footnotes":""},"categories":[7],"tags":[14],"class_list":["post-32772","post","type-post","status-publish","format-standard","hentry","category-norrkoping","tag-konst"],"jetpack_featured_media_url":"","jetpack_sharing_enabled":true,"_links":{"self":[{"href":"https:\/\/www.kultursidan.nu\/index.php?rest_route=\/wp\/v2\/posts\/32772","targetHints":{"allow":["GET"]}}],"collection":[{"href":"https:\/\/www.kultursidan.nu\/index.php?rest_route=\/wp\/v2\/posts"}],"about":[{"href":"https:\/\/www.kultursidan.nu\/index.php?rest_route=\/wp\/v2\/types\/post"}],"author":[{"embeddable":true,"href":"https:\/\/www.kultursidan.nu\/index.php?rest_route=\/wp\/v2\/users\/1001006"}],"replies":[{"embeddable":true,"href":"https:\/\/www.kultursidan.nu\/index.php?rest_route=%2Fwp%2Fv2%2Fcomments&post=32772"}],"version-history":[{"count":2,"href":"https:\/\/www.kultursidan.nu\/index.php?rest_route=\/wp\/v2\/posts\/32772\/revisions"}],"predecessor-version":[{"id":32777,"href":"https:\/\/www.kultursidan.nu\/index.php?rest_route=\/wp\/v2\/posts\/32772\/revisions\/32777"}],"wp:attachment":[{"href":"https:\/\/www.kultursidan.nu\/index.php?rest_route=%2Fwp%2Fv2%2Fmedia&parent=32772"}],"wp:term":[{"taxonomy":"category","embeddable":true,"href":"https:\/\/www.kultursidan.nu\/index.php?rest_route=%2Fwp%2Fv2%2Fcategories&post=32772"},{"taxonomy":"post_tag","embeddable":true,"href":"https:\/\/www.kultursidan.nu\/index.php?rest_route=%2Fwp%2Fv2%2Ftags&post=32772"}],"curies":[{"name":"wp","href":"https:\/\/api.w.org\/{rel}","templated":true}]}}