{"id":32787,"date":"2017-10-07T11:55:56","date_gmt":"2017-10-07T10:55:56","guid":{"rendered":"https:\/\/intelligent-friend-7861.standoutwp.com\/?p=32787"},"modified":"2017-10-07T18:24:59","modified_gmt":"2017-10-07T17:24:59","slug":"rydberg-och-udd-pa-konstforum","status":"publish","type":"post","link":"https:\/\/www.kultursidan.nu\/?p=32787","title":{"rendered":"Rydberg och Udd p\u00e5 Konstforum"},"content":{"rendered":"<p><img loading=\"lazy\" decoding=\"async\" class=\"alignnone size-medium wp-image-32802\" src=\"https:\/\/www.kultursidan.nu\/wp-content\/uploads\/2017\/10\/DSCF1230-567x378.jpg\" alt=\"\" width=\"567\" height=\"378\" srcset=\"https:\/\/www.kultursidan.nu\/wp-content\/uploads\/2017\/10\/DSCF1230-567x378.jpg 567w, https:\/\/www.kultursidan.nu\/wp-content\/uploads\/2017\/10\/DSCF1230-768x512.jpg 768w, https:\/\/www.kultursidan.nu\/wp-content\/uploads\/2017\/10\/DSCF1230-1024x682.jpg 1024w, https:\/\/www.kultursidan.nu\/wp-content\/uploads\/2017\/10\/DSCF1230-500x333.jpg 500w, https:\/\/www.kultursidan.nu\/wp-content\/uploads\/2017\/10\/DSCF1230-150x100.jpg 150w, https:\/\/www.kultursidan.nu\/wp-content\/uploads\/2017\/10\/DSCF1230.jpg 1280w\" sizes=\"auto, (max-width: 567px) 100vw, 567px\" \/><br \/>\n<em> Ljuskaskad. Svante Rydbergs m\u00f6te med ljuset i gruvan var en stark upplevelse. Han st\u00e4ller ut p\u00e5 Konstforum, bland annat med m\u00e5lningen Ort.<br \/>\n<\/em><\/p>\n<p>&nbsp;<\/p>\n<h1><span style=\"color: #ff0000;\">Reducering som stegrar sp\u00e4nningen<\/span><\/h1>\n<p>&nbsp;<\/p>\n<p>NORRK\u00d6PING <strong>En m\u00e5lare och en fotograf.<\/strong> Svante Rydberg startar i seendet och g\u00e5r mot reducering. Om och om igen i ett fascinerande och intensivt m\u00e5leri. Landskap, varg, gruva. Gustav Udds fotografi av balettdansare p\u00e5minner om att allt \u00e4r m\u00f6jligt, allt finns.<\/p>\n<p>&nbsp;<\/p>\n<p><a title=\"Gustav Udd\" href=\"https:\/\/www.flickr.com\/photos\/kultursidan\/37288234480\/in\/album-72157686769725431\/\"><img loading=\"lazy\" decoding=\"async\" src=\"https:\/\/farm5.staticflickr.com\/4444\/37288234480_f22e276b4d.jpg\" alt=\"Gustav Udd\" width=\"500\" height=\"333\" \/><\/a><br \/>\n<em>Det (o)m\u00f6jliga. Med en snabb slutare f\u00f6revigar Gustav Udd dansarnas r\u00f6relser och ger dem statyns varaktighet.<\/em><\/p>\n<p>&nbsp;<\/p>\n<h2>Gustav Udd \u2013 Solidified Movements<\/h2>\n<p>&nbsp;<\/p>\n<p><strong>Gustav Udd \u00e4r dansaren fr\u00e5n Link\u00f6ping som \u00e4r fotograf \u2013 om han inte \u00e4r fotografen som dansar balett.<\/strong> Vid pressvisningen arbetar han, dansar allts\u00e5, och kan inte vara med.<\/p>\n<p>I Studion \u00e4r det fotografen som tar ett steg fram, samtidigt som bilderna i utst\u00e4llningen Solidified Movements (Stelnade r\u00f6relser) signalerar att det \u00e4r dansande kollegor framf\u00f6r kameran. Vilka andra skulle kunna inta s\u00e5 avancerade positioner? En dans\u00f6s p\u00e5 t\u00e5spets med fladdrande tyg i en barockklassisk milj\u00f6 ger ett \u00f6verjordiskt intryck. \u00c4r hon en \u00e4ngel? En svan? Men det \u00e4r ju faktiskt bara en beg\u00e5vad och tr\u00e4nad person. Inte s\u00e5 bara.<\/p>\n<p><strong>Gustav Udd arbetar med ljuset, han fotograferar i svart och vitt med starka kontraster och sammanpressad gr\u00e5skala.<\/strong> Det g\u00f6r motiven sp\u00e4nnande \u00e4ven n\u00e4r hans modeller utf\u00f6r inte fullt lika avancerade balanskonster.<\/p>\n<p>En bildserie i ett rum skapat av trasmattor, han \u00e4r ocks\u00e5 scenograf, ger pl\u00f6tsligt ett exotiskt intryck. Jag drar mig till minnes hans bildserie fotograferade i ett rum av plastskynken p\u00e5 Galleri Kronan under Prideveckan f\u00f6rra \u00e5ret.<\/p>\n<p>&nbsp;<\/p>\n<p><a title=\"Gustav Udd\" href=\"https:\/\/www.flickr.com\/photos\/kultursidan\/36836747784\/in\/album-72157686769725431\/\"><img loading=\"lazy\" decoding=\"async\" src=\"https:\/\/farm5.staticflickr.com\/4501\/36836747784_2259ebf863_n.jpg\" alt=\"Gustav Udd\" width=\"213\" height=\"320\" \/><\/a><br \/>\n<em>Ljust ur m\u00f6rkret.<\/em><\/p>\n<p>&nbsp;<\/p>\n<p><strong>Utan en mer sammanh\u00e5llande ber\u00e4ttelse \u00e4n f\u00e5ngade r\u00f6relser, stelnade till \u00f6verm\u00e4nskliga positioner,<\/strong> kan estetiken p\u00e5minna om m\u00f6rka decenniers glorifierande av ideala kroppar. Det \u00e4r tur att tv\u00e5 mindre sv\u00e5ra \u2013 om \u00e4n sk\u00f6na \u2013 positioner i \u00e5terh\u00e5llsamt ljus ber\u00e4ttar om slumpens sk\u00f6rdar.<\/p>\n<p>Gustav Udd p\u00e5minner om att allt \u00e4r m\u00f6jligt. Allt finns.<\/p>\n<p>&nbsp;<\/p>\n<p><a title=\"Svante Rydberg\" href=\"https:\/\/www.flickr.com\/photos\/kultursidan\/23694667088\/in\/album-72157686770045541\/\"><img loading=\"lazy\" decoding=\"async\" src=\"https:\/\/farm5.staticflickr.com\/4506\/23694667088_3ac3de5329.jpg\" alt=\"Svante Rydberg\" width=\"500\" height=\"333\" \/><\/a><br \/>\n<em>Skogen och vattnet \u00e4r Svante Rydbergs landskap som han st\u00e4ndigt \u00e5terv\u00e4nder till.<\/em><\/p>\n<p>&nbsp;<\/p>\n<h2>Svante Rydberg \u2013 M\u00e5leri<\/h2>\n<p>&nbsp;<\/p>\n<p><strong>\u2013 Oljem\u00e5leri \u00e4r ett sensuellt skapande, s\u00e4ger Svante Rydberg.<\/strong> Jag har m\u00e5lat i hela mitt liv och jag tycker jag l\u00e4r mig hela tiden.<\/p>\n<p><strong>Han b\u00f6rjar fr\u00e5n b\u00f6rjan varje g\u00e5ng.<\/strong> M\u00f6ter det motiv som f\u00e5ngar honom, ser, kanske skissar. Men framf\u00f6r allt m\u00e5lar han, om och om igen, till dess att det \u00e4r utt\u00f6mt och ett nytt motiv f\u00e5ngar hela konstn\u00e4rens uppm\u00e4rksamhet. P\u00e5 v\u00e4gen har det reducerats, abstraherats, olika l\u00e5ngt varje g\u00e5ng. Hur l\u00e5ngt kan han g\u00e5 i f\u00f6renklandet av f\u00e4rg och form utan att tappa motivets sp\u00e4nning, kanske rentav f\u00f6rh\u00f6ja den?<\/p>\n<p>F\u00f6r visst forsar och skummar vattnet med full kraft i <em>Str\u00f6mmande vatten<\/em>. Det \u00e4r snart natt men det rasande vattnet f\u00e5ngar det sista ljuset och lyser vitt. Det d\u00e5nar. En tr\u00e4dstam skjuter iv\u00e4g och \u00e4r snart ute ur bilden. F\u00e4rg p\u00e5 duk. Olja och tempera. Kraftfulla streck som bryts mot varandra, schatteras och kontrasteras. Tv\u00e4rst\u00e4lls.<\/p>\n<p>Denna v\u00e4xelverkan mellan f\u00f6rest\u00e4llande m\u00e5leri och rent m\u00e5leri ger liv \u00e5t Konstforums alla utst\u00e4llningsrum, en lek snarare \u00e4n upprepning. Varje motiv p\u00e5 sina villkor.<\/p>\n<p>\u2013 Jag har inte t\u00f6mt landskapet. Man f\u00e5r en tyst kunskap, menar konstn\u00e4ren.<\/p>\n<p>&nbsp;<\/p>\n<p><a title=\"Svante Rydberg\" href=\"https:\/\/www.flickr.com\/photos\/kultursidan\/37515459722\/in\/album-72157686770045541\/\"><img loading=\"lazy\" decoding=\"async\" src=\"https:\/\/farm5.staticflickr.com\/4504\/37515459722_0e859ec4a2.jpg\" alt=\"Svante Rydberg\" width=\"500\" height=\"351\" \/><\/a><br \/>\n<em> Str\u00f6mmande vatten. Reduceringen i m\u00e5leriet har n\u00e5tt ett gott stycke.<\/em><\/p>\n<p>&nbsp;<\/p>\n<p><strong>Bergslagens skogar och sj\u00f6ar \u00e4r hans rike, motiven fr\u00e5n Dalarna \u00e4r m\u00e5nga.<\/strong> H\u00e4r har han ocks\u00e5 g\u00e5tt under jord, inbjuden till en gruva i Gr\u00e4ngesberg strax innan den st\u00e4ngdes.<\/p>\n<p>\u2013 Det kompakta m\u00f6rkret och ljuset som br\u00f6t fram, det var en existentiell upplevelse, ber\u00e4ttar Svante Rydberg invid m\u00e5lningen Ort.<\/p>\n<p>D\u00e5, 1989, gjorde han skisser som blev liggandes. Sedan tog han fram dem och upplevelsen fick nytt liv. Ljuset ur m\u00f6rkret. Han visar hur det som verkar s\u00e5 svart rymmer m\u00e5nga f\u00e4rger vid n\u00e4rmare granskning. R\u00f6da och bruna nyanser ligger under. Och \u00e4ven om han grundar dukarna med tempera s\u00e5 f\u00e5r den torrare, sugande f\u00e4rgen \u00e4ven f\u00f6lja med h\u00f6gre upp bland oljans f\u00e4rglager.<\/p>\n<p><strong>Ett tredje och fj\u00e4rde motiv i utst\u00e4llningen \u00e4r vargen och katedralen.<\/strong> I <em>Varg i Katedralen <\/em>l\u00f6per vargen framf\u00f6r endast anade h\u00f6ga valv, ur ett gult ljus som fr\u00e5n en annan dimension. \u201dVarg i veum\u201d, p\u00e5minner konstn\u00e4ren. I en annan m\u00e5lning, av den reducerade typen, \u00e4r varg och landskap knappt mer \u00e4n f\u00e4rg och form, men \u00f6ron och k\u00e4ft signalerar djuret.<\/p>\n<p>I en tredje m\u00e5lning <em>Katedral<\/em> \u00e5terst\u00e5r bara kraftfulla vertikala streck, m\u00f6rker och ljus.<\/p>\n<p>Landskapet. M\u00e5leriet. Ljuset.<\/p>\n<p><em>\u00a9 Text och foto: Ann-Charlotte Sandelin\u2028<\/em><\/p>\n<p>SVANTE RYDBERG \u2013 BILDSPEL \u2013 KLICKA P\u00c5 BILDENS PILAR<\/p>\n<p><a data-flickr-embed='true' href='https:\/\/www.flickr.com\/photos\/kultursidan\/albums\/72157686770045541' title='Svante Rydberg, Konstforum 2017 by Kultursidan, on Flickr'><img src='https:\/\/live.staticflickr.com\/4479\/37498750256_b9e6d913c9_z.jpg' width='800' height='600' alt='Svante Rydberg'><\/a><script async src='https:\/\/embedr.flickr.com\/assets\/client-code.js' charset='utf-8'><\/script><\/p>\n<p>&nbsp;<\/p>\n<blockquote>\n<h3><em>KONSTFORUM Norrk\u00f6ping<\/em><\/h3>\n<p>30 september \u2013 15 oktober 2017<br \/>\n<em><strong>Svante Rydberg\u2028\u2028<\/strong><\/em><br \/>\n<em>M\u00e5leri<\/em><\/p>\n<h3><em>STUDION KONSTFORUM Norrk\u00f6ping<\/em><\/h3>\n<p>1\u201315 oktober 2017<br \/>\n<em><strong>Gustav Udd \u2013 Solidified Movements\u2028\u2028<\/strong><\/em><br \/>\n<em>Fotografi<\/em><\/p><\/blockquote>\n<p>L\u00c4NKAR<br \/>\nSvante Rydberg <a href=\"http:\/\/www.konstidalarna.se\/index.php\/medlem\/60-svante-rydberg\" target=\"_blank\" rel=\"noopener\">info\u00a0<\/a><br \/>\nKonstforum <a href=\"http:\/\/konstforumnorrkoping.se\" target=\"_blank\" rel=\"noopener\">hemsida<\/a> <a href=\"https:\/\/www.facebook.com\/pages\/Konstforum-Norrk%C3%B6ping\/436387379718835?fref=ts\" target=\"_blank\" rel=\"noopener\">Facebook<\/a> <a href=\"https:\/\/www.facebook.com\/events\/283551998807790\" target=\"_blank\" rel=\"noopener\">FB-evenemang<\/a> <a href=\"https:\/\/www.facebook.com\/events\/133246500752710\" target=\"_blank\" rel=\"noopener\">FB-evenemang<\/a><br \/>\nKonstn\u00e4rer tolkar (hbtq)-livet p\u00e5 Kronan <a href=\"https:\/\/www.kultursidan.nu\/?p=25080\" target=\"_blank\" rel=\"noopener\">reportage<\/a> Kultursidan.nu 7\/5 2016<\/p>\n","protected":false},"excerpt":{"rendered":"<p>NORRK\u00d6PING En m\u00e5lare och en fotograf. Svante Rydberg startar i seendet och g\u00e5r mot reducering. Om och om igen i ett fascinerande och intensivt m\u00e5leri. Landskap, varg, gruva. Gustav Udds fotografi av balettdansare p\u00e5minner om att allt \u00e4r m\u00f6jligt, allt finns. <a class=\"continue-reading-link\" href=\"https:\/\/www.kultursidan.nu\/?p=32787\">L\u00e4s mer <span class=\"meta-nav\">&rarr; <\/span><\/a><\/p>\n","protected":false},"author":1001006,"featured_media":0,"comment_status":"closed","ping_status":"open","sticky":false,"template":"","format":"standard","meta":{"_jetpack_memberships_contains_paid_content":false,"footnotes":""},"categories":[7],"tags":[17,14,47],"class_list":["post-32787","post","type-post","status-publish","format-standard","hentry","category-norrkoping","tag-foto","tag-konst","tag-utstallning"],"jetpack_featured_media_url":"","jetpack_sharing_enabled":true,"_links":{"self":[{"href":"https:\/\/www.kultursidan.nu\/index.php?rest_route=\/wp\/v2\/posts\/32787","targetHints":{"allow":["GET"]}}],"collection":[{"href":"https:\/\/www.kultursidan.nu\/index.php?rest_route=\/wp\/v2\/posts"}],"about":[{"href":"https:\/\/www.kultursidan.nu\/index.php?rest_route=\/wp\/v2\/types\/post"}],"author":[{"embeddable":true,"href":"https:\/\/www.kultursidan.nu\/index.php?rest_route=\/wp\/v2\/users\/1001006"}],"replies":[{"embeddable":true,"href":"https:\/\/www.kultursidan.nu\/index.php?rest_route=%2Fwp%2Fv2%2Fcomments&post=32787"}],"version-history":[{"count":10,"href":"https:\/\/www.kultursidan.nu\/index.php?rest_route=\/wp\/v2\/posts\/32787\/revisions"}],"predecessor-version":[{"id":32803,"href":"https:\/\/www.kultursidan.nu\/index.php?rest_route=\/wp\/v2\/posts\/32787\/revisions\/32803"}],"wp:attachment":[{"href":"https:\/\/www.kultursidan.nu\/index.php?rest_route=%2Fwp%2Fv2%2Fmedia&parent=32787"}],"wp:term":[{"taxonomy":"category","embeddable":true,"href":"https:\/\/www.kultursidan.nu\/index.php?rest_route=%2Fwp%2Fv2%2Fcategories&post=32787"},{"taxonomy":"post_tag","embeddable":true,"href":"https:\/\/www.kultursidan.nu\/index.php?rest_route=%2Fwp%2Fv2%2Ftags&post=32787"}],"curies":[{"name":"wp","href":"https:\/\/api.w.org\/{rel}","templated":true}]}}