{"id":32812,"date":"2017-10-08T19:15:51","date_gmt":"2017-10-08T18:15:51","guid":{"rendered":"https:\/\/intelligent-friend-7861.standoutwp.com\/?p=32812"},"modified":"2017-10-08T19:19:04","modified_gmt":"2017-10-08T18:19:04","slug":"varm-premiar-med-gulaschs-du-jag-recension","status":"publish","type":"post","link":"https:\/\/www.kultursidan.nu\/?p=32812","title":{"rendered":"Varm premi\u00e4r med Gulaschs Du &#038; Jag (recension)"},"content":{"rendered":"<p><img loading=\"lazy\" decoding=\"async\" class=\"alignnone size-medium wp-image-32813\" src=\"https:\/\/www.kultursidan.nu\/wp-content\/uploads\/2017\/10\/DSCF1472-567x378.jpg\" alt=\"\" width=\"567\" height=\"378\" srcset=\"https:\/\/www.kultursidan.nu\/wp-content\/uploads\/2017\/10\/DSCF1472-567x378.jpg 567w, https:\/\/www.kultursidan.nu\/wp-content\/uploads\/2017\/10\/DSCF1472-768x512.jpg 768w, https:\/\/www.kultursidan.nu\/wp-content\/uploads\/2017\/10\/DSCF1472-1024x682.jpg 1024w, https:\/\/www.kultursidan.nu\/wp-content\/uploads\/2017\/10\/DSCF1472-500x333.jpg 500w, https:\/\/www.kultursidan.nu\/wp-content\/uploads\/2017\/10\/DSCF1472-150x100.jpg 150w, https:\/\/www.kultursidan.nu\/wp-content\/uploads\/2017\/10\/DSCF1472.jpg 1280w\" sizes=\"auto, (max-width: 567px) 100vw, 567px\" \/><br \/>\n<em>Du &amp; Jag. Multimusikanterna i Gulasch bj\u00f6d in till ett varmt och v\u00e4nligt s\u00e5ngkalas med ballonger, vimplar, burkar. <\/em><\/p>\n<p>&nbsp;<\/p>\n<h1><span style=\"color: #ff0000;\">&#8221;Ni stannar v\u00e4l p\u00e5 mitt s\u00e5ngkalas?&#8221;<\/span><\/h1>\n<p>&nbsp;<\/p>\n<p>RECENSION\/NORRK\u00d6PING <strong>\u2013 S\u00e5g ni alla ballongerna d\u00e4r ute?<\/strong> N\u00e4r Sanna bjuder in till s\u00e5ngkalas kan alla vara med och sjunga fast s\u00e5ngerna \u00e4r s\u00e5 nya att en hittas p\u00e5 direkt. Musikteater Gulaschs <em>Du &amp; Jag<\/em> rymmer musik, k\u00e4nslor och barnens egna tankar.<\/p>\n<p><strong>Festen b\u00f6rjar faktiskt redan i foaj\u00e9n.<\/strong> D\u00e4r h\u00e4nger fullt med ballonger och roligast \u00e4r de prickiga. Inne i 2:a kammaren blir det fler ballonger, och burkar, f\u00f6r s\u00e5na gillar Sanna.<\/p>\n<p>Vi f\u00e5r veta att hon tr\u00e4ffat m\u00e5nga barn och pratat med dem om \u201dlite roliga saker och lite konstiga saker\u201d.<\/p>\n<p>&nbsp;<\/p>\n<p><a title=\"Du &amp; Jag\" href=\"https:\/\/www.flickr.com\/photos\/kultursidan\/23722061168\/in\/album-72157687071960440\/\"><img loading=\"lazy\" decoding=\"async\" src=\"https:\/\/farm5.staticflickr.com\/4502\/23722061168_b896640e7e.jpg\" alt=\"Du &amp; Jag\" width=\"500\" height=\"333\" \/><\/a><br \/>\n<em> Fina ord. Publiken ger sitt bidrag till f\u00f6rest\u00e4llningen. Orden de skrivit p\u00e5 lapparna h\u00e4ngs upp som f\u00e4rgglada vimplar. Sedan blir det en s\u00e5ng.<\/em><\/p>\n<p>&nbsp;<\/p>\n<p><strong>\u2013 Ni stannar v\u00e4l och \u00e4r med p\u00e5 mitt s\u00e5ngkalas, fr\u00e5gar Sanna Andersson publiken.<\/strong> Jag har bjudit in tv\u00e5 till, Str\u00e4ngen och Str\u00e5ken.<\/p>\n<p>Str\u00e4ngen, det \u00e4r Hans Bigestans, medan Str\u00e5ken \u00e4r Kenneth H\u00f6glind. Str\u00e4ngen har en present med sig, men Sanna f\u00e5r inte \u00f6ppna den genast utan m\u00e5ste v\u00e4nta.<\/p>\n<p>\u2013 Jag tr\u00e4ffade en tjej d\u00e4rute som tyckte det var j\u00e4ttetr\u00e5kigt att v\u00e4nta, s\u00e4ger Str\u00e4ngen. Tycker ni ocks\u00e5 att det \u00e4r tr\u00e5kigt att v\u00e4nta?<\/p>\n<p>Publiken svarar n\u00e5got mumlande medan Sanna, Str\u00e4ngen och Str\u00e5ken f\u00f6rbereder sig f\u00f6r f\u00f6rsta l\u00e5ten. Tempot \u00e4r lugnt och refr\u00e4ngen mellan verserna \u00e4r l\u00e4tt och vi bjuds snart att h\u00e4nga med. <em>Kan du komma, komma nu?<\/em> sjunger vi, om och om igen.<\/p>\n<p><strong>S\u00e5ngkalaset byggs av just s\u00e5dana sm\u00e5 bitar.<\/strong> Ett efter ett betas angel\u00e4gna \u00e4mnen av, som R\u00e4dsla, K\u00e4rlek, och Roliga saker. Det blir s\u00e5nger av allt och publiken bjuds ofta in med fr\u00e5gor och refr\u00e4nger.<\/p>\n<p>Musikteater Gulaschs tre multimusikanter v\u00e4xlar om med instrumenten och sjunger fint i st\u00e4mmor. Det \u00e4r l\u00e5gm\u00e4lt med akustiska instrument plus en synth.<\/p>\n<p>&nbsp;<\/p>\n<p><a title=\"Du &amp; Jag\" href=\"https:\/\/www.flickr.com\/photos\/kultursidan\/23722059838\/in\/album-72157687071960440\/\"><img loading=\"lazy\" decoding=\"async\" src=\"https:\/\/farm5.staticflickr.com\/4499\/23722059838_bae9e8ef0e.jpg\" alt=\"Du &amp; Jag\" width=\"500\" height=\"333\" \/><\/a><br \/>\n<em> Sp\u00f6klikt. Skuggor, spindlar och l\u00e4skigheter i monsterl\u00e5ten.<\/em><\/p>\n<p>&nbsp;<\/p>\n<p><strong>L\u00e5tarna \u00e4r omv\u00e4xlande i lite olika stil, framf\u00f6r allt \u00e4r de l\u00e4tta att sjunga med i.<\/strong> Vi till och med minirappar, halva publiken f\u00e5r s\u00e4ga \u201dLego Nexo Knights\u201d, andra halvan svarar \u201dSubway Surf\u201d. Imponerande \u00e4r n\u00e4r de tre improviserar fram en l\u00e5t som bygger p\u00e5 ord de just f\u00e5tt fr\u00e5n publiken.<\/p>\n<p style=\"padding-left: 60px;\"><em>Bada<\/em><br \/>\n<em>Det \u00e4r trevligt<\/em><br \/>\n<em>Och g\u00e5 p\u00e5 Pride<\/em><br \/>\n<em>Med lite lego<\/em><br \/>\n<em>I naturen.<\/em><\/p>\n<p>Den l\u00e4r vi oss ocks\u00e5. \u201dFina ord\u201d, tycker Str\u00e4ngen och snart f\u00e5r vi l\u00e4ra oss Moster Annas ord som hon tog till i st\u00e4llet f\u00f6r att sv\u00e4ra fula ord. \u201dJ\u00e4rnspikar\u201d \u00e4r ett.<\/p>\n<p><strong>\u2013 Jag kan st\u00e5 i en m\u00f6rk garderob en hel dag.<\/strong> Men n\u00e4r s\u00e4nglampan sl\u00e4cks, det \u00e4r det m\u00f6rkret jag \u00e4r r\u00e4dd f\u00f6r, \u00e5terber\u00e4ttar Sanna ett barns avsl\u00f6jande.<\/p>\n<p>\u2013 \u00c5h, j\u00e4klar, h\u00f6rs en ung medk\u00e4nnande publikr\u00f6st.<\/p>\n<p><strong>B\u00e4st av allt?<\/strong> Kanske \u2013 att kittlas?<\/p>\n<p style=\"padding-left: 60px;\"><em>\u2013 Killa under armen. Killa under foten. Vad jag killar bra!<\/em><\/p>\n<p>Aldrig har en teatersalong killat s\u00e5 varmt och k\u00e4rleksfullt som f\u00f6r\u00e4ldrarna och barnen p\u00e5 Musikteater Gulaschs premi\u00e4r.<\/p>\n<p><em>\u00a9 Text och foto: Ann-Charlotte Sandelin<\/em><\/p>\n<p>BILDSPEL \u2013 KLICKA P\u00c5 BILDENS PILAR<\/p>\n<p><a data-flickr-embed='true' href='https:\/\/www.flickr.com\/photos\/kultursidan\/sets\/72157687071960440' title='Du &amp; Jag, Musikteater Gulasch 2017 by Kultursidan, on Flickr'><img src='https:\/\/live.staticflickr.com\/4497\/23721985278_98ca08ae29_z.jpg' width='800' height='600' alt='Du &amp; Jag'><\/a><script async src='https:\/\/embedr.flickr.com\/assets\/client-code.js' charset='utf-8'><\/script><\/p>\n<blockquote>\n<h3><em>TEATER BR\u00c5DDGATAN 34 Norrk\u00f6ping<\/em><\/h3>\n<p>8 oktober 2017<br \/>\n<strong><em>Du &amp; Jag <\/em><\/strong><br \/>\n<em>Barnmusikteater f\u00f6r 4\u20139 \u00e5r<\/em><br \/>\n<em>Manus &amp; regi: Ann-Christine Manusson<\/em><br \/>\n<em>Scenografi: Annika Arnell<\/em><br \/>\n<em>Musik och medverkan: Sanna Andersson, Kenneth H\u00f6glind och Hans Bigestans<\/em><br \/>\n<em>Prod: Musikteater Gulasch<\/em><\/p><\/blockquote>\n<p>L\u00c4NKAR<br \/>\nMusikteater Gulasch <a href=\"http:\/\/www.gulasch.se\" target=\"_blank\" rel=\"noopener\">hemsida<\/a> <a href=\"https:\/\/www.facebook.com\/Musikteater-Gulasch-303291253049443\/\" target=\"_blank\" rel=\"noopener\">Facebook<\/a><br \/>\nTeater Br\u00e5ddgatan 34 <a href=\"http:\/\/www.hallarna.org\/\" target=\"_blank\" rel=\"noopener\">hemsida<\/a> <a href=\"https:\/\/www.facebook.com\/teaterbg34\/?fref=ts\" target=\"_blank\" rel=\"noopener\">Facebook<\/a><br \/>\nDu &amp; Jag \u00e4r Barnkammarens h\u00f6stpremi\u00e4r <a href=\"https:\/\/www.kultursidan.nu\/?p=32565\" target=\"_blank\" rel=\"noopener\">reportage<\/a> Kultursidan.nu 23\/9 2017<\/p>\n","protected":false},"excerpt":{"rendered":"<p>NORRK\u00d6PING \u201dS\u00e5g ni alla ballongerna d\u00e4r ute?\u201d N\u00e4r Sanna bjuder in till s\u00e5ngkalas kan alla vara med och sjunga fast s\u00e5ngerna \u00e4r s\u00e5 nya att en hittas p\u00e5 direkt. Musikteater Gulaschs Du &#038; Jag rymmer musik, k\u00e4nslor och barnens egna tankar.  <a class=\"continue-reading-link\" href=\"https:\/\/www.kultursidan.nu\/?p=32812\">L\u00e4s mer <span class=\"meta-nav\">&rarr; <\/span><\/a><\/p>\n","protected":false},"author":1001006,"featured_media":0,"comment_status":"closed","ping_status":"open","sticky":false,"template":"","format":"standard","meta":{"_jetpack_memberships_contains_paid_content":false,"footnotes":""},"categories":[7],"tags":[37,12],"class_list":["post-32812","post","type-post","status-publish","format-standard","hentry","category-norrkoping","tag-barnkultur","tag-teater"],"jetpack_featured_media_url":"","jetpack_sharing_enabled":true,"_links":{"self":[{"href":"https:\/\/www.kultursidan.nu\/index.php?rest_route=\/wp\/v2\/posts\/32812","targetHints":{"allow":["GET"]}}],"collection":[{"href":"https:\/\/www.kultursidan.nu\/index.php?rest_route=\/wp\/v2\/posts"}],"about":[{"href":"https:\/\/www.kultursidan.nu\/index.php?rest_route=\/wp\/v2\/types\/post"}],"author":[{"embeddable":true,"href":"https:\/\/www.kultursidan.nu\/index.php?rest_route=\/wp\/v2\/users\/1001006"}],"replies":[{"embeddable":true,"href":"https:\/\/www.kultursidan.nu\/index.php?rest_route=%2Fwp%2Fv2%2Fcomments&post=32812"}],"version-history":[{"count":3,"href":"https:\/\/www.kultursidan.nu\/index.php?rest_route=\/wp\/v2\/posts\/32812\/revisions"}],"predecessor-version":[{"id":32816,"href":"https:\/\/www.kultursidan.nu\/index.php?rest_route=\/wp\/v2\/posts\/32812\/revisions\/32816"}],"wp:attachment":[{"href":"https:\/\/www.kultursidan.nu\/index.php?rest_route=%2Fwp%2Fv2%2Fmedia&parent=32812"}],"wp:term":[{"taxonomy":"category","embeddable":true,"href":"https:\/\/www.kultursidan.nu\/index.php?rest_route=%2Fwp%2Fv2%2Fcategories&post=32812"},{"taxonomy":"post_tag","embeddable":true,"href":"https:\/\/www.kultursidan.nu\/index.php?rest_route=%2Fwp%2Fv2%2Ftags&post=32812"}],"curies":[{"name":"wp","href":"https:\/\/api.w.org\/{rel}","templated":true}]}}