{"id":3287,"date":"2011-11-23T12:51:01","date_gmt":"2011-11-23T11:51:01","guid":{"rendered":"https:\/\/intelligent-friend-7861.standoutwp.com\/?p=3287"},"modified":"2011-11-25T19:15:12","modified_gmt":"2011-11-25T18:15:12","slug":"tre-vanner-i-skon-balans-pa-galleri-dag-andersson","status":"publish","type":"post","link":"https:\/\/www.kultursidan.nu\/?p=3287","title":{"rendered":"Tre v\u00e4nner i sk\u00f6n balans p\u00e5 Galleri Dag Andersson"},"content":{"rendered":"<p>[flickr]http:\/\/www.flickr.com\/photos\/kultursidan\/6388465215\/[\/flickr]<\/p>\n<p><em>Tre v\u00e4nner st\u00e4ller ut tillsammans. Bakom Yvonne M\u00f6ller st\u00e5r Lars Englund och Lennart Berglund.<\/em><\/p>\n<p><iframe loading=\"lazy\" src=\"http:\/\/www.youtube.com\/embed\/CVWHUTGpdhI?hl=sv&amp;fs=1\" frameborder=\"0\" width=\"640\" height=\"390\"><\/iframe><br \/>\n<em><br \/>\nIntervjuer med Lennart Englund, Yvonne M\u00f6ller och Lennart Berglund.<\/em><\/p>\n<p>&nbsp;<\/p>\n<h1><span style=\"color: #ff0000;\">Tyngd och elegans med sm\u00e5pill<\/span><\/h1>\n<p>&nbsp;<\/p>\n<p><strong>Det \u00e4r inte f\u00f6rsta g\u00e5ngen konstn\u00e4ren Lars Englund visar sin konst i Norrk\u00f6ping.<\/strong> Redan i inledningen av sin bana, p\u00e5 1950-talet st\u00e4llde han ut h\u00e4r, troligen m\u00e5lningar och reliefer som d\u00e5 intresserade den unge modernisten. P\u00e5 Norrk\u00f6pings stadsbibliotek h\u00e4nger gallerverket <em>Form som h\u00e4nger ned fr\u00e5n taket<\/em>, gjort i kolfiber.<\/p>\n<p>Och faktiskt, de flesta av oss g\u00e5r omkring med ett av hans verk i pl\u00e5nboken, enkronan med design fr\u00e5n 1976 (50-\u00f6ringen fr\u00e5n samma \u00e5r gick dock nyligen ur tiden som betalningsmedel). Det lilla designuppdraget, om n\u00e5got, pekar ut Lars Englund som en av de tyngre inom den svenska 1900-talskonsten.<\/p>\n<p><strong>H\u00e4r och nu st\u00e4ller Lars Englund ut tillsammans med Lennart Berglund och Yvonne M\u00f6ller.<\/strong> Lennart Berglund \u00e4r en god v\u00e4n sedan ungdomens f\u00f6rsta konstn\u00e4rs\u00e4ventyr i Paris och liksom Englund d\u00e5 intresserad av reliefer. Konstn\u00e4ren och sambon Yvonne M\u00f6ller, startade enligt h\u00f6rs\u00e4gen som finmekaniker.<\/p>\n<p>De tre konstn\u00e4rerna \u00e4r olika till uttryck och temperament men resultatet \u00e4r en ytterst v\u00e4lkomponerad utst\u00e4llning i svart\u2013vitt-gr\u00e5tt-ljust i Galleri Dag Anderssons dubbelrum. Tyngd och elegans med sm\u00e5pill \u2013 orden kan g\u00e4lla dem alla.<\/p>\n<p>[flickr]http:\/\/www.flickr.com\/photos\/kultursidan\/6388455363\/[\/flickr]<\/p>\n<p><em>Detalj av Stabil av Lars Englund. P\u00e5 v\u00e4ggarna tuschteckningar av Lennart Berglund.<\/em><\/p>\n<p><strong>Lars Englunds svarta skulpturer st\u00e5r f\u00f6r tyngden, men ocks\u00e5 f\u00f6r elegansen.<\/strong> Tv\u00e5, mer \u00e4n mansh\u00f6ga, geometriska skulpturer i svart sintrad aluminium dominerar och samtalar med sig sj\u00e4lva och med varandra fr\u00e5n var sin del av rummet. De \u00e4r utst\u00e4llningens naturliga gravitationens centrum.<\/p>\n<p>Den ena smidig och elegant i formen, den andra rak och tung. Associationerna g\u00e5r fr\u00e5n bokstaven N i tv\u00e5 helt skilda typsnitt till balettdansare kontra allvarsm\u00e4n i sluten ring. De, liksom lokalens \u00f6vriga, mindre, tresidiga skulpturer l\u00e5ter metallens skarpa vinklar omge ett luftrum, runt eller tunt. Men mina tankars vandringar intresserar inte konstn\u00e4ren.<\/p>\n<p>\u2013 De f\u00f6rest\u00e4ller inget, s\u00e4ger Lars Englund.<\/p>\n<p>Han har ocks\u00e5 gjort tv\u00e5 bilder, vars block eller \u201dtegelstenar\u201d ger ett tredimensionellt intryck. \u201dTegelstenarna\u201d \u00e4r i sin tur byggda av sm\u00e5 am\u00f6bor till pusselbitar som g\u00e5r perfekt omlott, utom d\u00e4r det blir h\u00e5l: sm\u00e5 stj\u00e4rnor i ett regelbundet m\u00f6nster. F\u00e4rgerna \u00e4r vitt, gr\u00f6nt, orange, svart i starka kul\u00f6rer, men man kan urskilja skiftande nyanser bland pusselbitarna.<\/p>\n<p>\u2013 Jag har valt f\u00e4rger som jag tycker \u00e4r lagom fula, skrockar Lars Englund. Det ska inte se ut som vanliga m\u00e5lningar.<\/p>\n<p>[flickr]http:\/\/www.flickr.com\/photos\/kultursidan\/6388457039\/[\/flickr]<\/p>\n<p><em>Udda heter tre fotoprintar avYvonne M\u00f6ller.<\/em><\/p>\n<p><strong>Yvonne M\u00f6ller visar en rad cirkelrunda former p\u00e5 utst\u00e4llningen.<\/strong> Det \u00e4r dels ljusa, svagt skiftande, datortillverkade bilder, d\u00e4r hon tycks ha petat i varenda pixel f\u00f6r att ge bilden dess struktur (virkad grytlapp \/gr\u00f6t \/ mikrov\u00e4rld \/ m\u00e5nlandskap) och nyanser. Och dels tv\u00e5 reliefer i expanderat uretanskum vars \u201dm\u00e5nlandskap\u201d m\u00e5lats i gula och gr\u00f6na nyanser. Det m\u00e4rkliga med de senare \u00e4r att de \u00e4r oerh\u00f6rt sv\u00e5ra att fokusera, f\u00e4rgen undandrar sig sk\u00e4rpa, gult och gr\u00f6nt \u00f6verg\u00e5r i varandra n\u00e4r man flyttar sig.<\/p>\n<p>\u2013 Det blir ett interferensfenomen i sj\u00e4lva bilden, s\u00e4ger Yvonne M\u00f6ller. Och det har jag f\u00f6rs\u00f6kt f\u00e5 \u00e4ven i de h\u00e4r printarna.<\/p>\n<p>[flickr]http:\/\/www.flickr.com\/photos\/kultursidan\/6388464417\/[\/flickr]<\/p>\n<p><em>Tuschteckning av Lennart Berglund.<\/em><\/p>\n<p><strong>Lennart Berglund \u00e4r \u00e4ldst i trion, Rimforsakonstn\u00e4ren visar tuschteckningar med grafisk karakt\u00e4r.<\/strong> Med t\u00e4ta linjer, sm\u00e5 cirklar eller krumelurer har han byggt snirklande och sn\u00e5riga landskap f\u00f6r \u00f6gat att g\u00e5 vilse i. Ett t\u00e5lamodspr\u00f6vande arbete.<\/p>\n<p>S\u00e4rskilt observerar man hur han skapar olika gr\u00e5 nyanser genom att f\u00f6rt\u00e4ta eller f\u00f6rtunna tecknen.<\/p>\n<p>\u2013 Jag t\u00e4nker f\u00f6re, sedan har jag inget mer att ge, utan d\u00e5 blir det vad det blir, s\u00e4ger Lennart Berglund, halvt p\u00e5 skoj och lika mycket p\u00e5 allvar.<\/p>\n<p><em>Text, film och foto: Ann-Charlotte Sandelin<\/em><\/p>\n<p>&nbsp;<\/p>\n<ul>\n<li>\n<h3>GALLERI DAG ANDERSSON Norrk\u00f6ping<\/h3>\n<\/li>\n<li><em>19 november \u2013 18 december 2011<\/em><br \/>\n<strong>Lennart Berglund<br \/>\nLars Englund<br \/>\nYvonne M\u00f6ller<\/strong><\/li>\n<\/ul>\n<p>&nbsp;<\/p>\n<p>L\u00c4NKAR<br \/>\nGalleri Dag Andersson <a title=\"Galleri Dag Andersson\" href=\"http:\/\/www.galleridagandersson.se\/\" target=\"_blank\">hemsida <\/a><br \/>\nLennart Berglund <a title=\"Lennart Berglund\" href=\"http:\/\/www.lennartberglund.se\/\" target=\"_blank\">hemsida <\/a><br \/>\nLars Englund <a title=\"Lars Englund\" href=\"http:\/\/www.larsenglund.se\" target=\"_blank\">hemsida <\/a><br \/>\nLars Englund <a title=\"Wikipedia\" href=\"http:\/\/sv.wikipedia.org\/wiki\/Lars_Englund\" target=\"_blank\">wiki <\/a><br \/>\nLars Englund p\u00e5 <a title=\"Om Lars Englund p\u00e5 Vida\" href=\"http:\/\/www.vidamuseum.com\/konstnarer-englund.htm\" target=\"_blank\">Vida konsthall<\/a><br \/>\nOm Lars Englunds verk p\u00e5 <a title=\"Konst p\u00e5 stadsbiblioteket\" href=\"http:\/\/www.nsb.norrkoping.se\/web\/arena1\/ombiblioteket\/konst\" target=\"_blank\">Norrk\u00f6pings stadsbibliotek <\/a><br \/>\nYvonne M\u00f6ller p\u00e5 <a title=\"Om Yvonne M\u00f6ller p\u00e5 Vida\" href=\"http:\/\/www.vidamuseum.com\/konstnarer-moller.htm\" target=\"_blank\">Vida konsthall<\/a><\/p>\n<p>&nbsp;<\/p>\n<p>FLER BILDER FR\u00c5N UTST\u00c4LLNINGEN \u2013 KLICKA<\/p>\n<p>[flickr-gallery mode=&#8221;photoset&#8221; photoset=&#8221;72157628109387099&#8243;]<\/p>\n","protected":false},"excerpt":{"rendered":"<p>NORRK\u00d6PING N\u00e4r v\u00e4lk\u00e4nde konstn\u00e4ren Lars Englund st\u00e4ller ut tillsammans med Lennart Berglund och Yvonne M\u00f6ller bjuder de p\u00e5 en ytterst v\u00e4lkomponerad utst\u00e4llning i svart\u2013vitt-gr\u00e5tt-ljust. Med tunga skulpturer, Stabiler, som gravitationens centrum.  <a class=\"continue-reading-link\" href=\"https:\/\/www.kultursidan.nu\/?p=3287\">L\u00e4s mer <span class=\"meta-nav\">&rarr; <\/span><\/a><\/p>\n","protected":false},"author":1001006,"featured_media":0,"comment_status":"open","ping_status":"open","sticky":false,"template":"","format":"standard","meta":{"_jetpack_memberships_contains_paid_content":false,"footnotes":""},"categories":[7],"tags":[14],"class_list":["post-3287","post","type-post","status-publish","format-standard","hentry","category-norrkoping","tag-konst"],"jetpack_featured_media_url":"","jetpack_sharing_enabled":true,"_links":{"self":[{"href":"https:\/\/www.kultursidan.nu\/index.php?rest_route=\/wp\/v2\/posts\/3287","targetHints":{"allow":["GET"]}}],"collection":[{"href":"https:\/\/www.kultursidan.nu\/index.php?rest_route=\/wp\/v2\/posts"}],"about":[{"href":"https:\/\/www.kultursidan.nu\/index.php?rest_route=\/wp\/v2\/types\/post"}],"author":[{"embeddable":true,"href":"https:\/\/www.kultursidan.nu\/index.php?rest_route=\/wp\/v2\/users\/1001006"}],"replies":[{"embeddable":true,"href":"https:\/\/www.kultursidan.nu\/index.php?rest_route=%2Fwp%2Fv2%2Fcomments&post=3287"}],"version-history":[{"count":0,"href":"https:\/\/www.kultursidan.nu\/index.php?rest_route=\/wp\/v2\/posts\/3287\/revisions"}],"wp:attachment":[{"href":"https:\/\/www.kultursidan.nu\/index.php?rest_route=%2Fwp%2Fv2%2Fmedia&parent=3287"}],"wp:term":[{"taxonomy":"category","embeddable":true,"href":"https:\/\/www.kultursidan.nu\/index.php?rest_route=%2Fwp%2Fv2%2Fcategories&post=3287"},{"taxonomy":"post_tag","embeddable":true,"href":"https:\/\/www.kultursidan.nu\/index.php?rest_route=%2Fwp%2Fv2%2Ftags&post=3287"}],"curies":[{"name":"wp","href":"https:\/\/api.w.org\/{rel}","templated":true}]}}