{"id":32889,"date":"2017-10-13T12:47:24","date_gmt":"2017-10-13T11:47:24","guid":{"rendered":"https:\/\/intelligent-friend-7861.standoutwp.com\/?p=32889"},"modified":"2018-02-05T16:56:40","modified_gmt":"2018-02-05T15:56:40","slug":"tone-linghults-varma-bla-pa-stinsen-recension","status":"publish","type":"post","link":"https:\/\/www.kultursidan.nu\/?p=32889","title":{"rendered":"Tone Linghults varma BL\u00c5 p\u00e5 Stinsen (recension)"},"content":{"rendered":"<p><img loading=\"lazy\" decoding=\"async\" class=\"alignnone size-medium wp-image-32890\" src=\"https:\/\/www.kultursidan.nu\/wp-content\/uploads\/2017\/10\/2M8A0776-567x360.jpg\" alt=\"\" width=\"567\" height=\"360\" srcset=\"https:\/\/www.kultursidan.nu\/wp-content\/uploads\/2017\/10\/2M8A0776-567x360.jpg 567w, https:\/\/www.kultursidan.nu\/wp-content\/uploads\/2017\/10\/2M8A0776-768x487.jpg 768w, https:\/\/www.kultursidan.nu\/wp-content\/uploads\/2017\/10\/2M8A0776-1024x650.jpg 1024w, https:\/\/www.kultursidan.nu\/wp-content\/uploads\/2017\/10\/2M8A0776-525x333.jpg 525w, https:\/\/www.kultursidan.nu\/wp-content\/uploads\/2017\/10\/2M8A0776-150x95.jpg 150w, https:\/\/www.kultursidan.nu\/wp-content\/uploads\/2017\/10\/2M8A0776.jpg 1280w\" sizes=\"auto, (max-width: 567px) 100vw, 567px\" \/><br \/>\n<em> Kulturstipendiatens tack. En glad\u00a0 Tone Linghult presenterar stolt sin utst\u00e4llning om bl\u00e5tt (ljus) p\u00e5 Stinsen i S\u00f6derk\u00f6ping.\u00a0Hon hoppas att bes\u00f6karna ska uppleva den bl\u00e5 f\u00e4rgens magi p\u00e5 ett lekfullt s\u00e4tt.<\/em><\/p>\n<p>&nbsp;<\/p>\n<h1><span style=\"color: #ff0000;\">Med uts\u00f6kt k\u00e4nsla f\u00f6r bl\u00e5tt<\/span><\/h1>\n<p>&nbsp;<\/p>\n<p>RECENSION\/S\u00d6DERK\u00d6PING <strong>Tycker ni om bl\u00e5tt?<\/strong> G\u00e5 d\u00e5 uppf\u00f6r trappan till andra v\u00e5ningen p\u00e5 Stinsen i S\u00f6derk\u00f6ping. D\u00e4r visar konstn\u00e4ren Tone Linghult n\u00e5gra av sina\u00a0 glasskulpturer under rubriken <em>BL\u00c5 \u2013 En utst\u00e4llning om bl\u00e5tt (ljus).<\/em><\/p>\n<p>Det \u00e4r en enkel, ljus och st\u00e4mningsfull utst\u00e4llning med endast ett f\u00e5tal verk. S\u00e5 m\u00e5ste det vara, dessa skulpturer fordrar plats f\u00f6r att komma till sin r\u00e4tt. Det beror inte bara p\u00e5 verken i sig utan \u00e4ven p\u00e5 ljuset och skuggorna som g\u00f6r dem fullst\u00e4ndiga.<\/p>\n<p><strong>&#8221;Det bl\u00e5 pigmentet har genom historien varit lika dyrt som guld&#8221;, skriver Tone Linghult i sin presentation av utst\u00e4llningen.<\/strong> Det \u00e4r ju ocks\u00e5 den f\u00e4rg vi ser i himlen och i havet.<\/p>\n<p>Bl\u00e5tt har ofta f\u00e5tt symbolisera manlighet och kyla. Bet\u00e4nk d\u00e5 att den varmaste delen p\u00e5 en l\u00e5ga \u00e4r bl\u00e5, skriver hon ocks\u00e5.<\/p>\n<p>&nbsp;<\/p>\n<p><a title=\"Tone Linghult \u2013 BL\u00c5\" href=\"https:\/\/www.flickr.com\/photos\/kultursidan\/37412084360\/in\/album-72157686136709612\/\"><img loading=\"lazy\" decoding=\"async\" src=\"https:\/\/farm5.staticflickr.com\/4452\/37412084360_bdf77a0c3f.jpg\" alt=\"Tone Linghult \u2013 BL\u00c5\" width=\"500\" height=\"342\" \/><\/a><br \/>\n<em>N\u00e4r man stoppar in handen i l\u00e5dan med den bl\u00e5 cirkeln framtr\u00e4der den med en n\u00e4stan kuslig tydlighet. Utan information \u00e4r det lite sv\u00e5rt att veta hur man ska f\u00f6rh\u00e5lla sig till den h\u00e4r installationen.<\/em><\/p>\n<p>&nbsp;<\/p>\n<p><strong>Det intressanta med hennes konstverk \u00e4r kopplingen mellan sj\u00e4lva glasskulpturerna och ljuset som skapar fascinerande skuggor.<\/strong> Som ett ansikte i glas\u00a0 d\u00e4r uppm\u00e4rksamheten inte fr\u00e4mst riktas mot f\u00f6rem\u00e5let utan mera mot skuggan som framst\u00e5r p\u00e5 v\u00e4ggen. En sp\u00f6klik mask? Ett gigantiskt blad med alla sina \u00e5dringar? Eller ett konstn\u00e4rligt v\u00e4vt spindeln\u00e4t?<\/p>\n<p>I\u00a0 <em>Bl\u00e5gr\u00f6nt kn\u00f6ggel<\/em> skiftar den vackert djupbl\u00e5 f\u00e4rgen i skimrande gr\u00f6nt. \u00c4ven d\u00e4r triggar skuggorna p\u00e5 v\u00e4ggen ig\u00e5ng fantasin.<\/p>\n<p><strong>Tone Linghult g\u00e5r nu sitt andra \u00e5r p\u00e5 Konstfacks linje glas och keramik.<\/strong> Hon \u00e4r uppvuxen i S\u00f6derk\u00f6ping, och tilldelades nyligen kommunens kulturstipendium p\u00e5 5.000 kronor. Motiveringen var att hennes konstn\u00e4rliga uttryck \u00e4r unders\u00f6kande och gr\u00e4ns\u00f6verskridande.<\/p>\n<p>Hon har ocks\u00e5 arbetat med andra material men koncentrerar sig just nu p\u00e5 glas.<br \/>\nOavsett material s\u00e5 \u00e4r det ljuset och skuggorna hon vill ta fram i sina verk. Att hon lyckas i sitt upps\u00e5t \u00e4r utst\u00e4llningen p\u00e5 Stinsen ett gott bevis p\u00e5.<\/p>\n<p><em>\u00a9 Text: Bibi Friedrichsen<\/em><br \/>\n<em>\u2028\u00a9 Foto: Boy Svedberg<\/em><\/p>\n<p>FLERA BILDER \u2013 KLICKA<\/p>\n<p><a data-flickr-embed='true' href='https:\/\/www.flickr.com\/photos\/kultursidan\/albums\/72157686136709612' title='Tone Linghult, Stinsen 2017 by Kultursidan, on Flickr'><img src='https:\/\/live.staticflickr.com\/4468\/36999413213_5946f33da4_z.jpg' width='800' height='600' alt='Tone Linghult'><\/a><script async src='https:\/\/embedr.flickr.com\/assets\/client-code.js' charset='utf-8'><\/script><\/p>\n<blockquote>\n<h3><em>STINSEN S\u00f6derk\u00f6ping<\/em><\/h3>\n<p>7 oktober \u2013 6 november 2017<br \/>\n<strong><em>BL\u00c5\u2028 \u2013 En utst\u00e4llning om bl\u00e5tt (ljus)<\/em><\/strong><br \/>\n<strong><em>Tone Linghult\u2028<\/em><\/strong><br \/>\n<em>Glas\/Ljus-installation<\/em><\/p><\/blockquote>\n<p>L\u00c4NKAR<br \/>\nTone Linghult <a href=\"https:\/\/www.facebook.com\/Tone-Linghult-konst-232665750255604\/\" target=\"_blank\" rel=\"noopener\">Facebook<\/a><br \/>\nStinsen\/S\u00f6derk\u00f6pings stadsbibliotek\u00a0 <a href=\"https:\/\/www.facebook.com\/soderkopingsstadsbibliotek\/?fref=ts\" target=\"_blank\" rel=\"noopener\">Facebook <\/a><br \/>\nFanfar f\u00f6r S\u00f6derk\u00f6pings kulturpristagare <a href=\"https:\/\/www.kultursidan.nu\/?p=32338\" target=\"_blank\" rel=\"noopener\">reportage<\/a> Kultursidan.nu 4\/9 2017<br \/>\nBlandArt med 3 nya medlemmar och glas <a href=\"https:\/\/www.kultursidan.nu\/?p=30072\" target=\"_blank\" rel=\"noopener\">recension<\/a> Kultursidan.nu 29\/3 2017<br \/>\nTone Linghult och Alba Nyblad i ljuset <a href=\"https:\/\/www.kultursidan.nu\/?p=25574\" target=\"_blank\" rel=\"noopener\">reportage<\/a> Kultursidan.nu 7\/6 2017<br \/>\nDubbeltydiga Tone Linghults skugglek <a href=\"https:\/\/www.kultursidan.nu\/?p=18748\" target=\"_blank\" rel=\"noopener\">reportage<\/a> Kultursidan.nu 4\/2 2015<\/p>\n","protected":false},"excerpt":{"rendered":"<p>S\u00d6DERK\u00d6PING Tycker ni om bl\u00e5tt? G\u00e5 d\u00e5 uppf\u00f6r trappan till andra v\u00e5ningen p\u00e5 Stinsen. D\u00e4r visar konstn\u00e4ren Tone Linghult n\u00e5gra av sina  glasskulpturer under rubriken BL\u00c5 \u2013 En utst\u00e4llning om bl\u00e5tt (ljus). <a class=\"continue-reading-link\" href=\"https:\/\/www.kultursidan.nu\/?p=32889\">L\u00e4s mer <span class=\"meta-nav\">&rarr; <\/span><\/a><\/p>\n","protected":false},"author":1001006,"featured_media":0,"comment_status":"closed","ping_status":"open","sticky":false,"template":"","format":"standard","meta":{"_jetpack_memberships_contains_paid_content":false,"footnotes":""},"categories":[6],"tags":[30,14,47],"class_list":["post-32889","post","type-post","status-publish","format-standard","hentry","category-soderkoping","tag-glas","tag-konst","tag-utstallning"],"jetpack_featured_media_url":"","jetpack_sharing_enabled":true,"_links":{"self":[{"href":"https:\/\/www.kultursidan.nu\/index.php?rest_route=\/wp\/v2\/posts\/32889","targetHints":{"allow":["GET"]}}],"collection":[{"href":"https:\/\/www.kultursidan.nu\/index.php?rest_route=\/wp\/v2\/posts"}],"about":[{"href":"https:\/\/www.kultursidan.nu\/index.php?rest_route=\/wp\/v2\/types\/post"}],"author":[{"embeddable":true,"href":"https:\/\/www.kultursidan.nu\/index.php?rest_route=\/wp\/v2\/users\/1001006"}],"replies":[{"embeddable":true,"href":"https:\/\/www.kultursidan.nu\/index.php?rest_route=%2Fwp%2Fv2%2Fcomments&post=32889"}],"version-history":[{"count":2,"href":"https:\/\/www.kultursidan.nu\/index.php?rest_route=\/wp\/v2\/posts\/32889\/revisions"}],"predecessor-version":[{"id":34610,"href":"https:\/\/www.kultursidan.nu\/index.php?rest_route=\/wp\/v2\/posts\/32889\/revisions\/34610"}],"wp:attachment":[{"href":"https:\/\/www.kultursidan.nu\/index.php?rest_route=%2Fwp%2Fv2%2Fmedia&parent=32889"}],"wp:term":[{"taxonomy":"category","embeddable":true,"href":"https:\/\/www.kultursidan.nu\/index.php?rest_route=%2Fwp%2Fv2%2Fcategories&post=32889"},{"taxonomy":"post_tag","embeddable":true,"href":"https:\/\/www.kultursidan.nu\/index.php?rest_route=%2Fwp%2Fv2%2Ftags&post=32889"}],"curies":[{"name":"wp","href":"https:\/\/api.w.org\/{rel}","templated":true}]}}