{"id":32909,"date":"2017-10-14T17:10:17","date_gmt":"2017-10-14T16:10:17","guid":{"rendered":"https:\/\/intelligent-friend-7861.standoutwp.com\/?p=32909"},"modified":"2017-10-14T17:17:54","modified_gmt":"2017-10-14T16:17:54","slug":"anders-keily-debuterar-med-ankare-i-tiden","status":"publish","type":"post","link":"https:\/\/www.kultursidan.nu\/?p=32909","title":{"rendered":"Anders Keily debuterar med Ankare i tiden"},"content":{"rendered":"<p><img loading=\"lazy\" decoding=\"async\" class=\"alignnone size-medium wp-image-32910\" src=\"https:\/\/www.kultursidan.nu\/wp-content\/uploads\/2017\/10\/DSCF1380-567x378.jpg\" alt=\"\" width=\"567\" height=\"378\" srcset=\"https:\/\/www.kultursidan.nu\/wp-content\/uploads\/2017\/10\/DSCF1380-567x378.jpg 567w, https:\/\/www.kultursidan.nu\/wp-content\/uploads\/2017\/10\/DSCF1380-768x512.jpg 768w, https:\/\/www.kultursidan.nu\/wp-content\/uploads\/2017\/10\/DSCF1380-1024x682.jpg 1024w, https:\/\/www.kultursidan.nu\/wp-content\/uploads\/2017\/10\/DSCF1380-500x333.jpg 500w, https:\/\/www.kultursidan.nu\/wp-content\/uploads\/2017\/10\/DSCF1380-150x100.jpg 150w, https:\/\/www.kultursidan.nu\/wp-content\/uploads\/2017\/10\/DSCF1380.jpg 1280w\" sizes=\"auto, (max-width: 567px) 100vw, 567px\" \/><br \/>\n<em>Diktare. Djupa erfarenheter blir enkla m\u00f6jliga ord. Anders Keily debuterar som lyriker p\u00e5 eget f\u00f6rlag. Han r\u00e4knar med att forts\u00e4ttning f\u00f6ljer.<\/em><\/p>\n<p>&nbsp;<\/p>\n<h1><span style=\"color: #ff0000;\">Kranen \u00f6ppnades f\u00f6r livets minnen<\/span><\/h1>\n<p>&nbsp;<\/p>\n<p>NORRK\u00d6PING <strong>Allt har h\u00e4nt. D\u00f6den kom f\u00f6rst. Sedan kom livet.<\/strong> Som ett ankare f\u00f6ll k\u00e4rleken och f\u00e4ste honom i tiden. Klockan b\u00f6rjade g\u00e5. Han kastade de gamla orden och skrev nya. Anders Keily, \u00e4ven namnet \u00e4r nytt, debuterar som lyriker.<\/p>\n<p><strong>Det g\u00e5r att tr\u00e4ffa en diktare \u00e4ven p\u00e5 ett bibliotek.<\/strong> Faktum \u00e4r att vi har m\u00f6tts p\u00e5 Stadsbiblioteket i Norrk\u00f6ping tidigare. I en annan tid. I ett annat liv. Skulle jag vilja skriva, men de f\u00f6r\u00e4ndringar som skett sedan dess \u00e4r sm\u00e5 j\u00e4mf\u00f6rt med de livsavg\u00f6rande v\u00e4ndningar Anders Keily varit med om dessf\u00f6rinnan.<\/p>\n<p><strong>Vintern 2014 talade vi om hans f\u00f6retag d\u00e4r han st\u00f6ttade artister p\u00e5 v\u00e4g upp.<\/strong> Nu har han lagt det till vila, n\u00f6jer sig med anst\u00e4llningstrygghet och s\u00e4ker inkomst. D\u00e5 hette han Anders Lundin. Att byta efternamn till Keily \u00e4r dock en manifestation, en familjemanifestation. Familjen \u00e4r det viktigaste som finns.<\/p>\n<p><strong>Fr\u00e5n musik till lyrik?<\/strong> Nej, det handlade hela tiden om texten f\u00f6rklarar Anders Keily som skrev dikter redan i de sena ton\u00e5ren. Men han lyssnade p\u00e5 musik och var inne i den kulturen n\u00e4r id\u00e9n om ett eget f\u00f6retag v\u00e4xte fram.<\/p>\n<p>\u2013 Det b\u00f6rjade med att jag uppt\u00e4ckte Toni Holgersson och hans texter. Han framf\u00f6rde det v\u00e4ldigt avskalat. Jag ville g\u00f6ra n\u00e5gonting f\u00f6r honom.<\/p>\n<p><strong>Starten med den personliga viss\u00e5ngaren f\u00f6ddes Artistconnector.<\/strong> Under ett par \u00e5r fl\u00f6dade kreativiteten till f\u00f6rm\u00e5n f\u00f6r unga artister. Anders Keily, som d\u00e5 hette Lundin, gjorde hemsidor och Facebooksidor, skrev texter f\u00f6r att marknadsf\u00f6ra sina artister. S\u00f6kte och skapade nya s\u00e4tt att verka i den digitala v\u00e4rlden. Det gav l\u00e4rdomar som han anv\u00e4nder sig av nu.<\/p>\n<p>\u2013 Jag har aldrig t\u00e4nkt annat \u00e4n att ge ut mina dikter p\u00e5 eget f\u00f6rlag. Jag kan ju redan marknadsf\u00f6ring. Att jag fick l\u00e4ra mig lite till om f\u00f6rlagsverksamhet var bara kul.<\/p>\n<p>&nbsp;<\/p>\n<p><a title=\"Anders Keily \u2013 Ankare i tiden\" href=\"https:\/\/www.flickr.com\/photos\/kultursidan\/37021594793\/in\/album-72157687868175774\/\" data-flickr-embed=\"true\" data-footer=\"true\"><img loading=\"lazy\" decoding=\"async\" src=\"https:\/\/farm5.staticflickr.com\/4484\/37021594793_bbd675f68b_n.jpg\" alt=\"Anders Keily \u2013 Ankare i tiden\" width=\"228\" height=\"320\" \/><\/a><br \/>\n<em> Ankare i tiden. Omslaget \u00e4r gjort av syriske konstn\u00e4ren Moustafa Jano, nu bosatt i Sverige.<\/em><\/p>\n<p>&nbsp;<\/p>\n<p><strong>Sedan Anders Keily avgav sitt ny\u00e5rsl\u00f6fte \u2013 att ge ut en lyriksamling innan \u00e5ret g\u00e5tt \u2013 har det g\u00e5tt rasande fort.<\/strong> Inte ett tunt h\u00e4fte utan en stadig bok med m\u00e5nga sidor ligger bredvid honom p\u00e5 biblioteksbordet.<\/p>\n<p>Diktboken rymmer reflektioner \u00f6ver tidens g\u00e5ng, naturskildringar, samh\u00e4llet och om sj\u00e4lva skrivprocessen. Anders sl\u00e5r upp dikten <em>Bokstavsdjur<\/em> och jag l\u00e5nar n\u00e5gra av stroferna<\/p>\n<p style=\"padding-left: 60px;\">\/ \u2013 \u2013 \u2013 \/<\/p>\n<p style=\"padding-left: 60px;\">var jag \u00e4n vilar blicken<br \/>\nhastar sm\u00e5 bokstavsdjur<br \/>\nskyndsamt \u00f6ver n\u00e4thinnan<\/p>\n<p style=\"padding-left: 60px;\">om\u00f6jliga att f\u00e5nga,<br \/>\nendast l\u00e4ngst in bevarade<\/p>\n<p style=\"padding-left: 60px;\">detta; fragment greppat ur bruset,<br \/>\nhastigt nedskrivet i flykten<\/p>\n<p>&nbsp;<\/p>\n<p><strong>\u2013 Tanken fr\u00e5n b\u00f6rjan var att samla en del av det gamla.<\/strong> N\u00e4r jag l\u00e4ste igenom dem var det f\u00f6r d\u00e5ligt. N\u00e4r jag skrev dem ville jag vara avancerad, skrev metaforer jag inte f\u00f6rstod, minns Anders som \u00e4nd\u00e5 inte ville sl\u00e4ppa ny\u00e5rsl\u00f6ftet till sig sj\u00e4lv.<\/p>\n<p>\u2013 Ska jag f\u00e5 ihop en bok s\u00e5 ska det vara n\u00e5got jag st\u00e5r f\u00f6r idag.<\/p>\n<p><strong>Kranen \u00f6ppnades.<\/strong> En inre rensning som bearbetade livets viktigaste v\u00e4ndpunkter. Utan att stressa fl\u00f6dade orden som gav minnen och tankar form. De samlades i teman, som i boken samlades i kapitel eller kanske snarare avdelningar. Orden om d\u00f6den som kom f\u00f6re livet tr\u00e4ngde p\u00e5, beh\u00f6vde formas.<\/p>\n<p>Avdelningen om den d\u00e5varande sambon som tog sitt liv har f\u00e5tt titeln &#8221;F\u00f6re och efter&#8221;. Bland de m\u00e5nga korta dikterna p\u00e5 n\u00e5gra f\u00e5 rader, en sida upptar den l\u00e4ngsta <em>Bilen i berget<\/em> sju sidor. F\u00f6ljd av korta <em>Du dog<\/em>, om att bli l\u00e4mnad kvar.<\/p>\n<p>\u2013 Jag har ett behov av att uttrycka mig, f\u00f6r att sj\u00e4lv f\u00f6rst\u00e5. F\u00f6r att bearbeta. F\u00f6r att f\u00f6rst\u00e5 tiden.<\/p>\n<p>&nbsp;<\/p>\n<p><a title=\"Anders Keily\" href=\"https:\/\/www.flickr.com\/photos\/kultursidan\/37692273821\/in\/album-72157687868175774\/\"><img loading=\"lazy\" decoding=\"async\" src=\"https:\/\/farm5.staticflickr.com\/4452\/37692273821_f16a150a8e.jpg\" alt=\"Anders Keily\" width=\"500\" height=\"333\" \/><\/a><br \/>\n<em> Kortast. &#8221;du av oss\/tv\u00e5 blev tre&#8221;. Mer beh\u00f6vs inte.<\/em><\/p>\n<p>&nbsp;<\/p>\n<p><strong>Livet har g\u00e5tt vidare och Anders Keily \u00e4r lyckligt gift med sin Linn.<\/strong> De har varit ett par i tio \u00e5r. F\u00f6r lite mer \u00e4n fem \u00e5r sedan intr\u00e4ffade det mest livsavg\u00f6rande. Deras dotter f\u00f6ddes, Anders blev pappa och drabbades av en k\u00e4rlek som blev det ankare som f\u00e4ste honom i tiden. Ungdomens od\u00f6dlighet byttes ut mot livets historia.<\/p>\n<p>Dikten heter <em>Mitt hj\u00e4rtas ankare<\/em> och rymmer strofen som givit debutboken dess namn.<\/p>\n<p>&nbsp;<\/p>\n<p style=\"padding-left: 60px;\">kort innan midnatt<br \/>\nf\u00e4ste Neptunus ett ankare i tiden<\/p>\n<p style=\"padding-left: 60px;\">mitt hj\u00e4rtas ankare<\/p>\n<p style=\"padding-left: 60px;\">\/\u2013 \u2013 \u2013 \/<\/p>\n<p style=\"padding-left: 60px;\">Jag tror dess namn \u00e4r K\u00e4rlek<\/p>\n<p>&nbsp;<\/p>\n<p><strong>Omslagsbilden har sin historia.<\/strong> En bild skapad av syriske bildkonstn\u00e4ren Moustafa Jano fr\u00e5n Aleppo, vars bilder <em>Every Person Has Lost Someting<\/em> st\u00e4lldes ut p\u00e5 Fotografiska i Stockholm f\u00f6rra \u00e5ret och g\u00e5tt som vandringsutst\u00e4llning i Sverige i \u00e5r.<\/p>\n<p>\u2013 Han \u00e4r min favoritkonstn\u00e4r som jag f\u00f6ljt l\u00e4nge. Jag kontaktade honom och fick v\u00e4lja bland n\u00e5gra bilder som han hade. Men den jag valde l\u00e5g i en dator som var trasig s\u00e5 han gjorde en s\u00e4rskilt f\u00f6r mig.<\/p>\n<p><strong>Anders Keily \u00e4r mycket glad f\u00f6r bilden,<\/strong> som visar en kvinnogestalt v\u00e4nd mot ett mer diffust j\u00e4tteankare.<\/p>\n<p>\u2013 Ibland \u00e4r hon jag. Ibland \u00e4r hon vem som helst. Jag gillar att hon \u00e4r barfota, det \u00e4r jordn\u00e4ra, mer k\u00e4nslosamt. Det kan vara en utsatthet. Det kan h\u00e4nga ihop med kapitlet &#8221;Sorg och skugga&#8221;. Hon \u00e4r i r\u00f6relse.<\/p>\n<p>\u2013 Jag f\u00f6rs\u00f6ker skala bort alla ord som \u00e4r on\u00f6diga. F\u00e5ordigt \u00e4r viktigt f\u00f6r att g\u00f6ra det mer tolkningsbart.<\/p>\n<p>\u2013 Jag hoppas att de som l\u00e4ser k\u00e4nner igen sig.<\/p>\n<p><strong>Vid bokreleasen i Himmelstalunds brunnssalong medverkar v\u00e4nnen Toni Holgersson.<\/strong> Sedan f\u00f6ljer en turn\u00e9 tillsammans med en annan viss\u00e5ngare, Erik Str\u00f6m fr\u00e5n visstaden V\u00e4stervik.<\/p>\n<p><em>\u00a9 Text och foto: Ann-Charlotte Sandelin\u2028<\/em><\/p>\n<blockquote>\n<h3><em>LYRIK<\/em><\/h3>\n<p><strong><em>Ankare i tiden<\/em><\/strong><br \/>\n<strong><em>Anders Keily<\/em><\/strong><br \/>\n<em>Omslagsbild: Moustafa Jano<\/em><br \/>\n<em>Eget f\u00f6rlag 2017<\/em><\/p>\n<h4 style=\"padding-left: 30px;\"><em>HIMMELSTALUNDS BRUNNSSALONG Norrk\u00f6ping<\/em><\/h4>\n<p style=\"padding-left: 30px;\">28 oktober 2017 kl 14<br \/>\n<em><strong>Anders Keily<\/strong> dikter<\/em><br \/>\n<em><strong>Toni Holgersson<\/strong> visor<\/em><br \/>\n<em>Bokrelease<\/em><\/p>\n<h4 style=\"padding-left: 30px;\"><em>ABF BERGSLAGSG\u00c5RDEN Norrk\u00f6ping<\/em><\/h4>\n<p style=\"padding-left: 30px;\">4 november 2017 kl 19<br \/>\n<em><strong>Anders Keily<\/strong> dikter<\/em><br \/>\n<em><strong>Erik Str\u00f6m<\/strong> visor<\/em><\/p>\n<\/blockquote>\n<p>L\u00c4NKAR<br \/>\nAnders Keily <a href=\"http:\/\/www.keily.se\" target=\"_blank\" rel=\"noopener\">hemsida<\/a> <a href=\"https:\/\/www.facebook.com\/ankareitiden\" target=\"_blank\" rel=\"noopener\">Facebook<\/a> <a href=\"https:\/\/www.facebook.com\/events\/2061885814042555\" target=\"_blank\" rel=\"noopener\">FB-evenemang<\/a> <a href=\"https:\/\/www.facebook.com\/events\/126892157957452\" target=\"_blank\" rel=\"noopener\">FB-evenemang<\/a><br \/>\nMoustafa Jano <a href=\"https:\/\/www.facebook.com\/janographic\" target=\"_blank\" rel=\"noopener\">Facebook <\/a><br \/>\nAnders vill sprida antirasistisk kultur <a href=\"https:\/\/www.kultursidan.nu\/?p=15357\" target=\"_blank\" rel=\"noopener\">reportage<\/a> Kultursidan.nu 14\/6 2014<br \/>\nAnders Lundin vill se artisterna v\u00e4xa <a href=\"https:\/\/www.kultursidan.nu\/?p=14142\" target=\"_blank\" rel=\"noopener\">reportage<\/a> Kultursidan.nu 26\/2 2014<\/p>\n","protected":false},"excerpt":{"rendered":"<p>NORRK\u00d6PING Allt har h\u00e4nt. D\u00f6den kom f\u00f6rst. Sedan kom livet. Som ett ankare f\u00f6ll k\u00e4rleken och f\u00e4ste honom i tiden. Klockan b\u00f6rjade g\u00e5. Han kastade de gamla orden och skrev nya. Anders Keily, \u00e4ven namnet \u00e4r nytt, debuterar som lyriker. <a class=\"continue-reading-link\" href=\"https:\/\/www.kultursidan.nu\/?p=32909\">L\u00e4s mer <span class=\"meta-nav\">&rarr; <\/span><\/a><\/p>\n","protected":false},"author":1001006,"featured_media":0,"comment_status":"closed","ping_status":"open","sticky":false,"template":"","format":"standard","meta":{"_jetpack_memberships_contains_paid_content":false,"footnotes":""},"categories":[7],"tags":[16],"class_list":["post-32909","post","type-post","status-publish","format-standard","hentry","category-norrkoping","tag-litteratur"],"jetpack_featured_media_url":"","jetpack_sharing_enabled":true,"_links":{"self":[{"href":"https:\/\/www.kultursidan.nu\/index.php?rest_route=\/wp\/v2\/posts\/32909","targetHints":{"allow":["GET"]}}],"collection":[{"href":"https:\/\/www.kultursidan.nu\/index.php?rest_route=\/wp\/v2\/posts"}],"about":[{"href":"https:\/\/www.kultursidan.nu\/index.php?rest_route=\/wp\/v2\/types\/post"}],"author":[{"embeddable":true,"href":"https:\/\/www.kultursidan.nu\/index.php?rest_route=\/wp\/v2\/users\/1001006"}],"replies":[{"embeddable":true,"href":"https:\/\/www.kultursidan.nu\/index.php?rest_route=%2Fwp%2Fv2%2Fcomments&post=32909"}],"version-history":[{"count":6,"href":"https:\/\/www.kultursidan.nu\/index.php?rest_route=\/wp\/v2\/posts\/32909\/revisions"}],"predecessor-version":[{"id":32918,"href":"https:\/\/www.kultursidan.nu\/index.php?rest_route=\/wp\/v2\/posts\/32909\/revisions\/32918"}],"wp:attachment":[{"href":"https:\/\/www.kultursidan.nu\/index.php?rest_route=%2Fwp%2Fv2%2Fmedia&parent=32909"}],"wp:term":[{"taxonomy":"category","embeddable":true,"href":"https:\/\/www.kultursidan.nu\/index.php?rest_route=%2Fwp%2Fv2%2Fcategories&post=32909"},{"taxonomy":"post_tag","embeddable":true,"href":"https:\/\/www.kultursidan.nu\/index.php?rest_route=%2Fwp%2Fv2%2Ftags&post=32909"}],"curies":[{"name":"wp","href":"https:\/\/api.w.org\/{rel}","templated":true}]}}