{"id":3306,"date":"2011-11-25T13:00:33","date_gmt":"2011-11-25T12:00:33","guid":{"rendered":"https:\/\/intelligent-friend-7861.standoutwp.com\/?p=3306"},"modified":"2014-06-08T10:38:18","modified_gmt":"2014-06-08T09:38:18","slug":"fyra-fantastiska-kortfilmer-far-premiar-pa-cnema","status":"publish","type":"post","link":"https:\/\/www.kultursidan.nu\/?p=3306","title":{"rendered":"Fyra fantastiska kortfilmer f\u00e5r premi\u00e4r p\u00e5 Cnema"},"content":{"rendered":"<p><iframe loading=\"lazy\" src=\"https:\/\/www.flickr.com\/photos\/kultursidan\/6395533343\/player\/\" width=\"500\" height=\"336\" frameborder=\"0\" allowfullscreen webkitallowfullscreen mozallowfullscreen oallowfullscreen msallowfullscreen><\/iframe><\/p>\n<p><em>Efter pressvisningen \u2013 Hoppas alla hinner bli f\u00e4rdiga i tid. Svensk film har en framtid med<br \/>\nMattias Titus Paar, Paulina Stenvall, Lina Karlsson, Daniel Nilsson, Kristina Levin och Finn Vinter.<\/em><\/p>\n<h1><\/h1>\n<p>&nbsp;<\/p>\n<h1><span style=\"color: #ff0000;\">\u00c4kta \u2013 Thriller \u2013 Noir \u2013 Seger!<\/span><\/h1>\n<p>&nbsp;<\/p>\n<p><strong>15-\u00e5riga filmaren Paulina Stenvall tog f\u00f6rsta steget in i filmens v\u00e4rld under en omtumlande sommarvecka<\/strong><em>.<\/em> Mattias Titus Paar har egentligen blivit f\u00f6r erfaren f\u00f6r att rymmas i Eastwoodprojektet \u2013 men hans film Starlight m\u00e5ste ju bli klar f\u00f6rst. Mellan de tv\u00e5 befinner sig de mer \u00e4n tjugo unga filmarbetare som deltagit i 2011 \u00e5rs Eastwoodprojekt. Fyra kortfilmer, inte en den andra lik, har premi\u00e4r p\u00e5 Cnema p\u00e5 l\u00f6rdag kv\u00e4ll: <em>Men pappa d\u00e5. Evidens. Starlight. Klasskampen.<\/em><\/p>\n<p>\u2013 Det \u00e4r inte jag som best\u00e4mt de olika uttrycken, understryker projektledaren Boel Zetterman vid pressvisningen p\u00e5 torsdagen. De som g\u00f6r filmerna har id\u00e9erna, jag ska bara matcha dem med de r\u00e5dgivare de beh\u00f6ver p\u00e5 v\u00e4gen dit.<\/p>\n<p><strong><em>Men pappa d\u00e5. <\/em><\/strong>Det mest privata och samtidigt allm\u00e4ngiltigt \u2013 om att n\u00e4rma sig sina k\u00e4nslor efter pappans sj\u00e4lvmord. Vi f\u00f6ljer Finn Vinter genom det \u00e5r som just g\u00e5tt. Fr\u00e5n mobilinspelningen n\u00e4r han just beslutat sig f\u00f6r att g\u00f6ra filmprojektet. I sm\u00e5 bitar \u00e4r vi med om samtalen med systern och mamman om det som h\u00e4nde f\u00f6r s\u00e5 m\u00e5nga \u00e5r sedan. Han \u00e5ker till viktiga platser. F\u00f6rsta tagningen \u00e4r alltid den enda och just genom att \u201dallt\u201d kommer med, som n\u00e4r syskonen sitter tillsammans och ska prata, det blir f\u00f6r uppstyltat och slutar i skratt, f\u00f6rmedlar filmen en stark k\u00e4nsla av autenticitet. Men vi \u00e4r ocks\u00e5 med n\u00e4r systern ber\u00e4ttar om pappa H\u00e5kans sista samtal. <em>Jag f\u00f6rstod inte varf\u00f6r han ringde, jag bara sa att jag ville prata med mamma<\/em>. Scenen ber\u00f6r starkt och det \u00e4r inte den enda.<\/p>\n<p>Den handh\u00e5llna kamerans lite skakiga bilder kompletteras med spelscener som understryker tidens och processens g\u00e5ng \u2013 Finn i sj\u00f6n, Finn cyklar \u2013 och animationer: foton fr\u00e5n barndomen som levandeg\u00f6rs \u2013 barnet Finn \u00e5ker i rutschkanan \u2013 och det barnsligt tecknade minnet fr\u00e5n skidsemestern \u2013 plakatet i backen som kallar Finn till receptionen. Och med den gamla filmen d\u00e4r lille Finn st\u00e5r vid grinden, mamma st\u00e5r bredvid och pappa just kommer hem p\u00e5 cykeln. Den filmen behandlas som den dyrbara \u00e4delsten den \u00e4r f\u00f6r dem som \u00e4lskade H\u00e5kan Johansson.<\/p>\n<p>\u2013 De var redan p\u00e5 g\u00e5ng med projektet n\u00e4r Eastwood kom in i bilden, ber\u00e4ttar Boel Zetterman som parade ihop Finn Vinter och Kristina Levin med filmaren Axel Danielsson (<em>Pangpangbr\u00f6der<\/em> 2011).<\/p>\n<p>\u2013 Det var guld v\u00e4rt, ber\u00f6mmer Kristina Levin som b\u00e5de filmat och st\u00e5tt f\u00f6r merparten av redigeringsarbetet om handledningen. Han hj\u00e4lpte oss att v\u00e5ga lita p\u00e5 materialet.<\/p>\n<p><strong><em>Evidens<\/em><\/strong> h\u00e5rdrar l\u00f6psedlarnas rubriker om ehec, ebola, hiv, f\u00e5gelvirus och svinpest. Ett virus har slagit till mot Sverige. F\u00f6r\u00f6delsen kan j\u00e4mf\u00f6ras med 1300-talets pest, halva befolkningen d\u00f6r och samh\u00e4llet g\u00e5r under. Unicorp, en f\u00f6retagskoncern, tar fram ett vaccin och r\u00e4ddar landet, kanske \u00e4ven resten av v\u00e4rlden. N\u00e5gon g\u00e5ng inom en inte alltf\u00f6r avl\u00e4gsen framtid.<\/p>\n<p>N\u00e5, filmen utspelas en frostig h\u00f6stdag i en sommarstuga d\u00e4r kvinnliga agenten Tanja lurat sig in hos sitt \u201dm\u00e5l\u201d enslingen Anders. Det \u00e4r en ot\u00e4ck katt-och-r\u00e5tta-lek i en intelligent thriller och med goda sk\u00e5despelarinsatser, fr\u00e4mst av Tommy Andersson som tidigare Unicorpanst\u00e4llde forskaren Anders. Filmen som \u00e4r 30 minuter l\u00e5ng, spelades in p\u00e5 helgerna i oktober. Det blev l\u00e5nga och tuffa dagar f\u00f6r alla inblandade p\u00e5 inspelningsplatsen strax utanf\u00f6r Link\u00f6ping.<\/p>\n<p>\u2013 Vi hade fantastisk tur med v\u00e4dret, sade manusf\u00f6rfattaren Daniel Nilsson vid pressvisningen och tillade: \u2013 Det sv\u00e5ra var att f\u00e5 ihop en story<\/p>\n<p><strong><em>Starlight.<\/em><\/strong>Mattias Titus Paars (plus en l\u00e5ng radda av medarbetare) 15 minuter l\u00e5nga film som eventuellt handlar om evigheter liknar inget annat jag sett. Den \u00e4r bra. Fruktansv\u00e4rt bra. Det \u00e4r inte den svartvita filmen som g\u00f6r <em>Starlight<\/em> poetisk men det underl\u00e4ttar. Det som f\u00e5ngar mig mest \u00e4r det oerh\u00f6rda mellanrummet mellan text och bild som ger tankarna fritt spelrum f\u00f6r tolkningar utan att ge svar.<\/p>\n<p>Bilden. En gammal man vaknar p\u00e5 golvet i ett litet skjul. Han speglar sig i en vattenhink, retar sig p\u00e5 klockans tickande. Fantiserar. Ser ut. \u00d6ppnar d\u00f6rren.<br \/>\nTexten. Vi h\u00f6r hans r\u00f6st, p\u00e5 engelska, ser den p\u00e5 svenska. Han ber\u00e4ttar om tidernas f\u00f6rlopp, om sin inverkan p\u00e5 m\u00e4nskligheten, mest ondska, om och om igen.<\/p>\n<p>\u00c4r han en gud? Gud? Mer t\u00e4nker jag mig en titan, de personifierade naturkrafter som f\u00f6regick de grekiska gudarna. Eller jorden sj\u00e4lv? Erfarne svensk-amerikanske filmsk\u00e5despelaren Bo Brundin gestaltar den gamle mannen med naken n\u00e4rvaro som andas av kraft, som krossar sten mot sten. Men som aldrig blir n\u00f6jd.<\/p>\n<p>\u2013 Stefan Edstr\u00f6m skrev monologen f\u00f6r tv\u00e5 \u00e5r sedan, ber\u00e4ttar Mattias Titus Paar som ocks\u00e5 ber\u00e4ttar att det var p\u00e5 en efterfest (till en av Mattias tidigare filmer) han kom i kontakt med Bo Brundin.<\/p>\n<p>\u2013 Jag rekommenderar ingen att g\u00f6ra en greenscreenfilm, s\u00e4ger Mattias Titus Paar som haft god hj\u00e4lp av Sitcom Collective med efterarbetet till filmen som sm\u00e4lter samman sk\u00e5despel med specialeffekter.<\/p>\n<p>Jag kommer p\u00e5 mig sj\u00e4lv med att undra hur det varit med en motsvarande sk\u00e5despelerska i st\u00e4llet.<\/p>\n<p><strong><em>Klasskampen.<\/em><\/strong> Sist ut p\u00e5 pressvisningen, kortast med sina sex, med flest nyb\u00f6rjare inblandade var Eastwood Girls <em>Klasskampen<\/em>.<\/p>\n<p>Eastwood Girls \u00e4r ett specialprojekt finansierat av Svenska filminstitutet med syfte att uppmuntra unga flickors filmande. I somras startade projektet med en intensiv vecka fylld av workshops, prova p\u00e5 och filmproffs som g\u00e4stl\u00e4rare. Det viktigaste var story-telling. Som Boel Zetterman f\u00f6rklarar \u2013 Om man tar avstamp i verkligheten kan ber\u00e4ttelsen f\u00e5 vingar.<\/p>\n<p>\u2013 Vi skulle t\u00e4nka p\u00e5 ett minne att dela med varandra, ber\u00e4ttar regiss\u00f6ren Lina Karlsson som \u00e4r \u00e4ldre \u00e4n de \u00f6vriga och redan har filmerfarenhet. Det var bra minnen.<\/p>\n<p>\u2013 Vi valde Rebeckas minne f\u00f6r att det hade ett v\u00e4ldigt starkt budskap, forts\u00e4tter Paulina Stenvall som \u00e4r en av filmens tv\u00e5 kamerakvinnor.<\/p>\n<p>Linn Str\u00f6mqvist spelar flickan som byter skola i sjuan efter att ha mobbats i sin f\u00f6rra klass. Pappan \u00e4r lite valh\u00e4nt, den nya l\u00e4raren ok\u00e4nslig och allt ser ut att g\u00e5 precis lika illa i den nya klassen. Flickan tvekar om hon ska s\u00e4tta sig tillsammans med klassens tjejer p\u00e5 lunchrasten\u2026<\/p>\n<p>En v\u00e4lregisserad, v\u00e4lfilmad, v\u00e4lspelad och v\u00e4lklippt novell med ett angel\u00e4get inneh\u00e5ll som andas seger! Med of\u00e4rdigt ljud som f\u00f6rhoppningsvis \u00e4r klart till p\u00e5 l\u00f6rdag.<\/p>\n<p><em>Text: Ann-Charlotte Sandelin<br \/>\nFoto: Ann-Charlotte Sandelin samt respektive filmproduktioner<\/em><\/p>\n<p>&nbsp;<\/p>\n<ul>\n<li>\n<h3>CNEMA Norrk\u00f6ping<\/h3>\n<\/li>\n<li><em>L\u00f6rdag 26 november 2011 kl 21<\/em><br \/>\n<strong>Men pappa d\u00e5<br \/>\n<\/strong>av \u00c5t Skogen<strong><br \/>\nEvidens<br \/>\n<\/strong>av Fishy studios<strong><br \/>\nStarlight<br \/>\n<\/strong>av PaarProductions<strong><br \/>\nKlasskampen<br \/>\n<\/strong>av Eastwood Girls<strong><br \/>\n<\/strong>Fri entr\u00e9, f\u00f6rbokning kr\u00e4vs via <a title=\"mejla om bokning\" href=\"http:\/\/www.visualiseringscenter.se\/arets-eastwood\/sv\/\" target=\"_blank\">cnema <\/a><\/li>\n<\/ul>\n<p>&nbsp;<\/p>\n<p>L\u00c4NKAR<br \/>\nEastwood <a title=\"Eastwood\" href=\"http:\/\/www.visualiseringscenter.se\/om-eastwood\/sv\/\" target=\"_blank\">hemsida<\/a><br \/>\nMen pappa d\u00e5, Evidens, Klasskampen <a title=\"Trailers\" href=\"http:\/\/www.visualiseringscenter.se\/arets-eastwood\/sv\/\" target=\"_blank\">trailers<\/a><br \/>\nStarlight <a title=\"Starlight\" href=\"http:\/\/paarproductions.webs.com\/apps\/videos\/videos\/view\/prev?channel_id=1323036&amp;from_id=11229173\" target=\"_blank\">trailer<\/a><br \/>\nDags att s\u00f6ka till Eastwood 2011\u00a0 <a title=\"Dags att s\u00f6ka till Eastwood 2011\" href=\"https:\/\/www.kultursidan.nu\/?p=1353\" target=\"_blank\">reportage<\/a> Kultursidan.nu 5\/4 2011<\/p>\n<p>&nbsp;<\/p>\n<p>FLER BILDER FR\u00c5N UTST\u00c4LLNINGEN \u2013 KLICKA<\/p>\n<p>[flickr-gallery mode=&#8221;photoset&#8221; photoset=&#8221;72157628131769409&#8243;]<\/p>\n<p>&nbsp;<\/p>\n","protected":false},"excerpt":{"rendered":"<p>NORRK\u00d6PING Eastwood presenterar stolt \u00e5rets sk\u00f6rd av f\u00e4rdiga kortfilmer. Men pappa d\u00e5 \u2013 dokument\u00e4r om v\u00e4gen till sorg och l\u00e4ttnad. Evidens \u2013 en politisk thriller. Starlight \u2013 fyllt av svart och g\u00e5tfull poesi. Klasskampen \u2013 med segervittring.  <a class=\"continue-reading-link\" href=\"https:\/\/www.kultursidan.nu\/?p=3306\">L\u00e4s mer <span class=\"meta-nav\">&rarr; <\/span><\/a><\/p>\n","protected":false},"author":1001006,"featured_media":0,"comment_status":"closed","ping_status":"open","sticky":false,"template":"","format":"standard","meta":{"_jetpack_memberships_contains_paid_content":false,"footnotes":""},"categories":[7],"tags":[38],"class_list":["post-3306","post","type-post","status-publish","format-standard","hentry","category-norrkoping","tag-film"],"jetpack_featured_media_url":"","jetpack_sharing_enabled":true,"_links":{"self":[{"href":"https:\/\/www.kultursidan.nu\/index.php?rest_route=\/wp\/v2\/posts\/3306","targetHints":{"allow":["GET"]}}],"collection":[{"href":"https:\/\/www.kultursidan.nu\/index.php?rest_route=\/wp\/v2\/posts"}],"about":[{"href":"https:\/\/www.kultursidan.nu\/index.php?rest_route=\/wp\/v2\/types\/post"}],"author":[{"embeddable":true,"href":"https:\/\/www.kultursidan.nu\/index.php?rest_route=\/wp\/v2\/users\/1001006"}],"replies":[{"embeddable":true,"href":"https:\/\/www.kultursidan.nu\/index.php?rest_route=%2Fwp%2Fv2%2Fcomments&post=3306"}],"version-history":[{"count":0,"href":"https:\/\/www.kultursidan.nu\/index.php?rest_route=\/wp\/v2\/posts\/3306\/revisions"}],"wp:attachment":[{"href":"https:\/\/www.kultursidan.nu\/index.php?rest_route=%2Fwp%2Fv2%2Fmedia&parent=3306"}],"wp:term":[{"taxonomy":"category","embeddable":true,"href":"https:\/\/www.kultursidan.nu\/index.php?rest_route=%2Fwp%2Fv2%2Fcategories&post=3306"},{"taxonomy":"post_tag","embeddable":true,"href":"https:\/\/www.kultursidan.nu\/index.php?rest_route=%2Fwp%2Fv2%2Ftags&post=3306"}],"curies":[{"name":"wp","href":"https:\/\/api.w.org\/{rel}","templated":true}]}}