{"id":33127,"date":"2017-10-29T19:17:25","date_gmt":"2017-10-29T18:17:25","guid":{"rendered":"https:\/\/intelligent-friend-7861.standoutwp.com\/?p=33127"},"modified":"2017-10-29T19:17:25","modified_gmt":"2017-10-29T18:17:25","slug":"aircraft-big-bands-eldiga-hyllning-till-jose-recension","status":"publish","type":"post","link":"https:\/\/www.kultursidan.nu\/?p=33127","title":{"rendered":"AirCraft Big Bands eldiga hyllning till Jos\u00e9 (recension)"},"content":{"rendered":"<p><img loading=\"lazy\" decoding=\"async\" class=\"alignnone size-medium wp-image-33129\" src=\"https:\/\/www.kultursidan.nu\/wp-content\/uploads\/2017\/10\/big-band-567x414.jpg\" alt=\"\" width=\"567\" height=\"414\" srcset=\"https:\/\/www.kultursidan.nu\/wp-content\/uploads\/2017\/10\/big-band-567x414.jpg 567w, https:\/\/www.kultursidan.nu\/wp-content\/uploads\/2017\/10\/big-band-768x560.jpg 768w, https:\/\/www.kultursidan.nu\/wp-content\/uploads\/2017\/10\/big-band-1024x747.jpg 1024w, https:\/\/www.kultursidan.nu\/wp-content\/uploads\/2017\/10\/big-band-456x333.jpg 456w, https:\/\/www.kultursidan.nu\/wp-content\/uploads\/2017\/10\/big-band-150x109.jpg 150w, https:\/\/www.kultursidan.nu\/wp-content\/uploads\/2017\/10\/big-band.jpg 1280w\" sizes=\"auto, (max-width: 567px) 100vw, 567px\" \/><br \/>\n<em>Hej! AirCraft Big Band kl\u00e4mde in sig p\u00e5 Crescendos scen p\u00e5 onsdagskv\u00e4llen.<\/em><\/p>\n<p>&nbsp;<\/p>\n<h1><span style=\"color: #ff0000;\">Proffsigt, medryckande och familj\u00e4rt<\/span><\/h1>\n<p>&nbsp;<\/p>\n<p>RECENSION\/NORRK\u00d6PING <strong>Eldiga rytmer och nostalgisk sk\u00f6ns\u00e5ng.<\/strong> Under onsdagskv\u00e4llen g\u00e4stade Norrk\u00f6pings eget storband AirCraft Big Band Crescendo och hyllade sin ursprungliga musikaliska ledare Jos\u00e9 Ricciardelli, nyss fyllda 80 \u00e5r, med s\u00e5ng av orginalmedlemmen Ronny Funseth.<\/p>\n<p><strong>Ronny Funseth \u00e4r en hemv\u00e4ndande originalmedlem i AirCraft Big Band.<\/strong> Av Crescendo beskrivs han som \u201den eftertraktad s\u00e5ngsolist i m\u00e5nga sammanhang\u201d \u2013 bland annat \u201dEstland, London och metropolen S\u00e4ffle\u201d.<\/p>\n<p>Jag f\u00e5r erk\u00e4nna att jag aldrig sett eller h\u00f6rt honom f\u00f6rut, men blir v\u00e4ldigt positivt \u00f6verraskad av att n\u00e5gon som ser ut som en vanlig, trevlig vaktm\u00e4stare typ har en s\u00e5 magiskt f\u00e4ngslande s\u00e5ngr\u00f6st.<\/p>\n<p>&nbsp;<\/p>\n<p><a title=\"Ronny Funseth\" href=\"https:\/\/www.flickr.com\/photos\/kultursidan\/37308893044\/in\/album-72157688549474864\/\"><img loading=\"lazy\" decoding=\"async\" src=\"https:\/\/farm5.staticflickr.com\/4484\/37308893044_9162e01249.jpg\" alt=\"Ronny Funseth\" width=\"500\" height=\"333\" \/><\/a><br \/>\n<em> The Voice.\u00a0 Ronny Funseth har en magiskt f\u00e4ngslande s\u00e5ngr\u00f6st.<\/em><\/p>\n<p>&nbsp;<\/p>\n<p><strong>\u2028\u2028Konserten, som \u00e4r en hyllning till den ursprungliga musikaliska ledaren tillika jazzstipendiaten Jos\u00e9 Ricciardelli,<\/strong> inleds med samba\/bossanova-inspirerade toner. Bland annat <em>Agua De Beber<\/em> av Ant\u00f4nio Carlos Jobim, med arr av Anita Carlsson, <em>Just The Way You Are<\/em> och <em>Brasilia<\/em>.<\/p>\n<p>En del 1940-tal blir det ocks\u00e5, till exempel <em>You Make Me Feel So Young<\/em> som Frank Sinatra gjorde 1956 och <em>Beyond the Sea\/La Mer. <\/em>\u00c4ven<em> Goody Goody<\/em> fr\u00e5n 1936 sv\u00e4nger sk\u00f6nt.<\/p>\n<p><strong>Jos\u00e9 Ricciardelli har r\u00f6tter i Argentina, vilket g\u00f6r de sydamerikanska rytmerna \u00e4n mer aktuella.<\/strong> Bandets trummis intar kv\u00e4llen till \u00e4ra ett bredare batteri av slagverk, vilket skapar en mycket passande st\u00e4mning ihop med de samspelta bl\u00e5sinstrumenten.<\/p>\n<p>Det \u00e4r proffsigt, medryckande och familj\u00e4rt.<\/p>\n<p><strong>Appl\u00e5derna avl\u00f6ser varandra n\u00e4r anekdoter ber\u00e4ttas fr\u00e5n tiden<\/strong> d\u00e5 Norrk\u00f6pings jazzband Taboo spelade p\u00e5 Nya Torgets Restaurang Kronan och existentiella fr\u00e5gor diskuterades med Immanuelskyrkans \u00c5ke Jansson.<\/p>\n<p>F\u00f6r den som \u00e4r bekant med l\u00e5tskatten blir det en h\u00e4rlig nostalgitripp p\u00e5 m\u00e5nga s\u00e4tt, \u00e4ven om tre timmar kan tyckas som en ganska l\u00e5ng spelning en vardagskv\u00e4ll. Men det var ju trots allt lill\u00f6rdag!<\/p>\n<p><em>\u00a9 Text och foto:\u00a0Melinda Reyes Hiltunen<\/em><\/p>\n<p>FLERA BILDER \u2013 KLICKA<\/p>\n<p><a data-flickr-embed='true' href='https:\/\/www.flickr.com\/photos\/kultursidan\/albums\/72157688549474864' title='AirCraft Big Band, Crescendo 2017 by Kultursidan, on Flickr'><img src='https:\/\/live.staticflickr.com\/4504\/37987028752_73ecf3b7fa_z.jpg' width='800' height='600' alt='Jos\u00e9 Ricciardelli greppade saxen'><\/a><script async src='https:\/\/embedr.flickr.com\/assets\/client-code.js' charset='utf-8'><\/script><\/p>\n<blockquote>\n<h3><em>CRESCENDO Norrk\u00f6ping<\/em><\/h3>\n<p>25 oktober 2017<br \/>\n<em><strong>AirCraft Big Band<\/strong>\u2028<\/em><br \/>\n<em>Hyllningskonsert till Jos\u00e9 Ricciardelli<\/em><\/p><\/blockquote>\n<p>L\u00c4NKAR<br \/>\nCrescendo <a href=\"http:\/\/crescendomusik.se\" target=\"_blank\" rel=\"noopener\">hemsida<\/a> <a href=\"https:\/\/www.facebook.com\/pages\/Crescendo\/102448649790672?fref=ts\" target=\"_blank\" rel=\"noopener\">Facebook<\/a><br \/>\nAir Craft Big Band konsert fr\u00e5n Studio Skandia <a href=\"http:\/\/www.nt.se\/24nt\/?clip=10464425\" target=\"_blank\" rel=\"noopener\">24nt<\/a><br \/>\nAir Craft Big Band firade 30 \u2013 STORT <a href=\"https:\/\/www.kultursidan.nu\/?p=14532\" target=\"_blank\" rel=\"noopener\">reportage<\/a> Kultursidan.nu 7\/4 2014<\/p>\n","protected":false},"excerpt":{"rendered":"<p>NORRK\u00d6PING Eldiga rytmer och nostalgisk sk\u00f6ns\u00e5ng. Under onsdagskv\u00e4llen g\u00e4stade Norrk\u00f6pings eget storband AirCraft Big Band Crescendo och hyllade sin ursprungliga musikaliska ledare Jos\u00e9 Ricciardelli med s\u00e5ng av orginalmedlemmen Ronny Funseth. <a class=\"continue-reading-link\" href=\"https:\/\/www.kultursidan.nu\/?p=33127\">L\u00e4s mer <span class=\"meta-nav\">&rarr; <\/span><\/a><\/p>\n","protected":false},"author":1001006,"featured_media":0,"comment_status":"closed","ping_status":"open","sticky":false,"template":"","format":"standard","meta":{"_jetpack_memberships_contains_paid_content":false,"footnotes":""},"categories":[7],"tags":[13],"class_list":["post-33127","post","type-post","status-publish","format-standard","hentry","category-norrkoping","tag-musik"],"jetpack_featured_media_url":"","jetpack_sharing_enabled":true,"_links":{"self":[{"href":"https:\/\/www.kultursidan.nu\/index.php?rest_route=\/wp\/v2\/posts\/33127","targetHints":{"allow":["GET"]}}],"collection":[{"href":"https:\/\/www.kultursidan.nu\/index.php?rest_route=\/wp\/v2\/posts"}],"about":[{"href":"https:\/\/www.kultursidan.nu\/index.php?rest_route=\/wp\/v2\/types\/post"}],"author":[{"embeddable":true,"href":"https:\/\/www.kultursidan.nu\/index.php?rest_route=\/wp\/v2\/users\/1001006"}],"replies":[{"embeddable":true,"href":"https:\/\/www.kultursidan.nu\/index.php?rest_route=%2Fwp%2Fv2%2Fcomments&post=33127"}],"version-history":[{"count":2,"href":"https:\/\/www.kultursidan.nu\/index.php?rest_route=\/wp\/v2\/posts\/33127\/revisions"}],"predecessor-version":[{"id":33131,"href":"https:\/\/www.kultursidan.nu\/index.php?rest_route=\/wp\/v2\/posts\/33127\/revisions\/33131"}],"wp:attachment":[{"href":"https:\/\/www.kultursidan.nu\/index.php?rest_route=%2Fwp%2Fv2%2Fmedia&parent=33127"}],"wp:term":[{"taxonomy":"category","embeddable":true,"href":"https:\/\/www.kultursidan.nu\/index.php?rest_route=%2Fwp%2Fv2%2Fcategories&post=33127"},{"taxonomy":"post_tag","embeddable":true,"href":"https:\/\/www.kultursidan.nu\/index.php?rest_route=%2Fwp%2Fv2%2Ftags&post=33127"}],"curies":[{"name":"wp","href":"https:\/\/api.w.org\/{rel}","templated":true}]}}