{"id":332,"date":"2010-09-23T19:10:50","date_gmt":"2010-09-23T17:10:50","guid":{"rendered":"https:\/\/intelligent-friend-7861.standoutwp.com\/?p=332"},"modified":"2020-07-31T17:22:39","modified_gmt":"2020-07-31T16:22:39","slug":"stefan-teleman-pa-galleri-femman","status":"publish","type":"post","link":"https:\/\/www.kultursidan.nu\/?p=332","title":{"rendered":"Stefan Teleman p\u00e5 Galleri femman"},"content":{"rendered":"<p><iframe loading=\"lazy\" src=\"https:\/\/www.youtube.com\/embed\/TE7wmpmtHLk\" width=\"560\" height=\"315\" frameborder=\"0\" allowfullscreen=\"allowfullscreen\"><\/iframe><br \/>\n<em>Konstn\u00e4ren Stefan Teleman st\u00e4ller ut akvareller p\u00e5 Galleri femman i Norrk\u00f6ping, september\u2013oktober 2010. 1:58.<\/em><\/p>\n<p><img loading=\"lazy\" decoding=\"async\" class=\"alignnone\" src=\"https:\/\/live.staticflickr.com\/4112\/5018100440_900e4697aa_o.jpg\" alt=\"Vedtr\u00e4 2\" width=\"450\" height=\"300\" \/><br \/>\n<em> Vedtr\u00e4 2. Ett nytt motiv \u00e4r som att b\u00f6rja m\u00e5la p\u00e5 nytt.<\/em><\/p>\n<p>&nbsp;<\/p>\n<h1><span style=\"color: #ff0000;\">Vedtr\u00e4n och gamla konservburkar<br \/>\n<\/span><\/h1>\n<p>&nbsp;<\/p>\n<p><strong>Understundom \u00e4gnar sig konstn\u00e4ren<\/strong> <a title=\"Stefan Teleman\" href=\"http:\/\/www.stefanteleman.se\/\" target=\"_blank\" rel=\"noopener noreferrer\">Stefan Teleman<\/a> inte \u00e5t stora m\u00e5lningar eller sm\u00e5 satirer med utfall fr\u00e5n den sida d\u00e4r hj\u00e4rtat sitter. Understundom m\u00e5lar han akvareller. G\u00e4rna om sommaren. Ibland om vintern. Han m\u00e5lar det han ser, blommor och skogens tr\u00e4d. Bilar p\u00e5 en parkering.<\/p>\n<p><img loading=\"lazy\" decoding=\"async\" class=\"alignleft\" src=\"https:\/\/live.staticflickr.com\/4131\/5018099460_8006ea01cc_m.jpg\" alt=\"Stam 1\" width=\"240\" height=\"158\" \/><img loading=\"lazy\" decoding=\"async\" class=\"alignnone\" src=\"https:\/\/live.staticflickr.com\/4090\/5017493533_4c0ac65093_m.jpg\" alt=\"Stam 2\" width=\"240\" height=\"160\" \/><br \/>\n<em>Stam 1 t.v. Stam 2 t.h.<\/em><\/p>\n<p>&nbsp;<\/p>\n<p><strong>Nu st\u00e4ller han ut p\u00e5 lilla <a title=\"Galleri femman\" href=\"http:\/\/www.gallerifemman.se\/\" target=\"_blank\" rel=\"noopener noreferrer\">Galleri femman<\/a> p\u00e5 Skiljegatan i Norrk\u00f6ping.<\/strong> Det har varit sommar, h\u00e4r ser vi skogens tr\u00e4d. Stammar anas i flytande akvarell, en skir bj\u00f6rkkvist som ett fint streck mot uppl\u00f6sta f\u00e4rger. K\u00e4nns kinesiskt. Men h\u00e4r pr\u00f6vas ocks\u00e5 nya motiv: konservburkar och vedtr\u00e4n. Hmm, vad s\u00e4ger man? \u00c4r det roligt?<\/p>\n<p>\u2013 Ja&#8230; nej det \u00e4r sv\u00e5rt, s\u00e4ger Stefan Teleman.<\/p>\n<p>&nbsp;<\/p>\n<p><img loading=\"lazy\" decoding=\"async\" class=\"alignnone\" src=\"https:\/\/live.staticflickr.com\/4149\/5018098826_d91c52fa73_o.jpg\" alt=\"Burk 1\" width=\"450\" height=\"299\" \/><br \/>\n<em>Burk 1.<\/em><\/p>\n<p>&nbsp;<\/p>\n<p><strong>Hur m\u00e5lar man ett vedtr\u00e4?<\/strong> Med akvarellens v\u00e5ta fl\u00f6de? Hur m\u00e5lar man en tom konservburk n\u00e4r makrillen \u00e4tits upp. Ska det vara detaljer? Det sv\u00e5ra i det enkla. Det enkla i det sv\u00e5ra.<\/p>\n<p>\u2013 Oavsett vad man ger sig p\u00e5 s\u00e5 \u00e4r det sv\u00e5rt. Det finns ingen f\u00e4rdig l\u00f6sning. S\u00e4ger Stefan Teleman.<\/p>\n<p><em>Text, foto och film: ANN-CHARLOTTE SANDELIN<\/em><\/p>\n<ul>\n<li><a title=\"Galleri femman\" href=\"http:\/\/www.gallerifemman.se\/\" target=\"_blank\" rel=\"noopener noreferrer\"><strong>GALLERI FEMMAN<\/strong><\/a><\/li>\n<li>Stefan Teleman<\/li>\n<li><em>K\u00e4nna igen<\/em><\/li>\n<li>25 september \u2013 10 oktober 2010<\/li>\n<\/ul>\n","protected":false},"excerpt":{"rendered":"<p>NORRK\u00d6PING Konstn\u00e4ren Stefan Teleman visar akvareller p\u00e5 lilla Galleri femman. Vedtr\u00e4n och konservburkan. En och annan stam.  <a class=\"continue-reading-link\" href=\"https:\/\/www.kultursidan.nu\/?p=332\">L\u00e4s mer <span class=\"meta-nav\">&rarr; <\/span><\/a><\/p>\n","protected":false},"author":1001006,"featured_media":0,"comment_status":"closed","ping_status":"closed","sticky":false,"template":"","format":"standard","meta":{"_jetpack_memberships_contains_paid_content":false,"footnotes":""},"categories":[7],"tags":[14,36],"class_list":["post-332","post","type-post","status-publish","format-standard","hentry","category-norrkoping","tag-konst","tag-kulturnatten"],"jetpack_featured_media_url":"","jetpack_sharing_enabled":true,"_links":{"self":[{"href":"https:\/\/www.kultursidan.nu\/index.php?rest_route=\/wp\/v2\/posts\/332","targetHints":{"allow":["GET"]}}],"collection":[{"href":"https:\/\/www.kultursidan.nu\/index.php?rest_route=\/wp\/v2\/posts"}],"about":[{"href":"https:\/\/www.kultursidan.nu\/index.php?rest_route=\/wp\/v2\/types\/post"}],"author":[{"embeddable":true,"href":"https:\/\/www.kultursidan.nu\/index.php?rest_route=\/wp\/v2\/users\/1001006"}],"replies":[{"embeddable":true,"href":"https:\/\/www.kultursidan.nu\/index.php?rest_route=%2Fwp%2Fv2%2Fcomments&post=332"}],"version-history":[{"count":2,"href":"https:\/\/www.kultursidan.nu\/index.php?rest_route=\/wp\/v2\/posts\/332\/revisions"}],"predecessor-version":[{"id":42347,"href":"https:\/\/www.kultursidan.nu\/index.php?rest_route=\/wp\/v2\/posts\/332\/revisions\/42347"}],"wp:attachment":[{"href":"https:\/\/www.kultursidan.nu\/index.php?rest_route=%2Fwp%2Fv2%2Fmedia&parent=332"}],"wp:term":[{"taxonomy":"category","embeddable":true,"href":"https:\/\/www.kultursidan.nu\/index.php?rest_route=%2Fwp%2Fv2%2Fcategories&post=332"},{"taxonomy":"post_tag","embeddable":true,"href":"https:\/\/www.kultursidan.nu\/index.php?rest_route=%2Fwp%2Fv2%2Ftags&post=332"}],"curies":[{"name":"wp","href":"https:\/\/api.w.org\/{rel}","templated":true}]}}