{"id":3328,"date":"2011-11-28T17:03:06","date_gmt":"2011-11-28T16:03:06","guid":{"rendered":"https:\/\/intelligent-friend-7861.standoutwp.com\/?p=3328"},"modified":"2017-05-12T15:38:09","modified_gmt":"2017-05-12T14:38:09","slug":"ida-cederbergs-fotografier-pa-konstforum","status":"publish","type":"post","link":"https:\/\/www.kultursidan.nu\/?p=3328","title":{"rendered":"Ida Cederbergs fotografier p\u00e5 Konstforum"},"content":{"rendered":"<p><iframe loading=\"lazy\" src=\"https:\/\/www.flickr.com\/photos\/kultursidan\/6418983473\/in\/set-72157628191074149\/player\/\" width=\"500\" height=\"371\" frameborder=\"0\" allowfullscreen=\"allowfullscreen\"><\/iframe><br \/>\n<em>Id\u00e9fotograf. Ida Cederberg \u00f6ppnar sig f\u00f6r platsens inspiration.<\/em><\/p>\n<p>&nbsp;<\/p>\n<h1><span style=\"color: #ff0000;\">Glada hopp och stilla f\u00f6rtvivlan<\/span><\/h1>\n<p>&nbsp;<\/p>\n<p><strong>\u2013 Jag tycker om att uttrycka mig och mina k\u00e4nslor.<\/strong> S\u00e4ger Ida Cederberg som st\u00e4ller ut sina fotografier i f\u00e4rg och svartvitt i Konstforums Studio.<\/p>\n<p>Den unga fotografen, f\u00f6dd 1989, kommer fr\u00e5n Sk\u00e5ne och utbildade sig vid Fotoskolan i Gamleby 2009-2010. Sedan dess har hon hunnit med ett par tre utst\u00e4llningar i Kristianstad, hemstaden Helsingborg och Malm\u00f6. Utst\u00e4llningen <em>tvekande tyngdkraft<\/em> l\u00e5nar n\u00e5gra bilder fr\u00e5n milj\u00f6erna i och utanf\u00f6r Gamleby men \u00e4r f\u00f6r \u00f6vrigt fr\u00e5n Helsingborg.<\/p>\n<p><em>Tvekande tyngdkraft <\/em>\u00a0\u2013 att falla eller inte falla \u00e4r en underfundig titel som rymmer b\u00e5de glada spr\u00e5ng (ska gravitationen sl\u00e4ppa taget och l\u00e5ta henne flyga vidare upp\u00e5t?) och stila f\u00f6rtvivlan (ensam i det tomma rummet). Id\u00e9erna uppst\u00e5r n\u00e4r fotografen m\u00f6ter platser som f\u00f6rmedlar en k\u00e4nsla.<\/p>\n<p>\u2013 Jag ser att h\u00e4r passar det in.<\/p>\n<p><strong>I utst\u00e4llningens programf\u00f6rklaring skriver fotografen om gr\u00e4nsen mellan lek och allvar. <\/strong>Fotografierna ger ett spontant och lekfullt intryck som om de \u00e4r tagna i stunden, men s\u00e5 enkelt \u00e4r det inte. Ida Cederberg anv\u00e4nder n\u00e4mligen sig sj\u00e4lv som fotomodell \u00e4ven om hon menar att personen p\u00e5 bilden skulle kunna vara vem som helst. Sj\u00e4lvportr\u00e4tt \u00e4r det inte heller, det \u00e4r s\u00e4llan ansiktet kommer riktigt n\u00e4ra, ibland ser vi bara ryggen.<\/p>\n<p>\u2013 Jag trivs med att resultatet bara beror p\u00e5 mig. Och det skulle vara konstigt att uttrycka mina k\u00e4nslor och id\u00e9er med n\u00e5gon annan.<\/p>\n<p>Bildens id\u00e9 ska kombineras med otaliga val n\u00e4r plats och uttryck best\u00e4mts: kl\u00e4der, kroppsh\u00e5llning och f\u00f6rst\u00e5s val av tid p\u00e5 dagen, objektiv, inst\u00e4llningar, vinkel och avst\u00e5nd, f\u00f6r att n\u00e4mna n\u00e5gra. Och hinna st\u00e4lla sig i position medan sj\u00e4lvutl\u00f6saren tickar fram.<\/p>\n<p>\u2013 Jag kanske tar tio bilder.<\/p>\n<p><strong>Om hon n\u00f6jer sig med s\u00e5 f\u00e5 f\u00f6rs\u00f6k har hon tur riktigt ofta.<\/strong> En del bilder uttrycker ren lekfullhet, andra sorg. \u00c5ter andra \u00e4r mer g\u00e5tfulla, som en d\u00e4r skuggan tycks g\u00e5 uppf\u00f6r en trappa n\u00e4r hon sj\u00e4lv h\u00e4nger utanf\u00f6r den\/hoppar fr\u00e5n den. Alla bilder n\u00e5r inte hela v\u00e4gen, det k\u00e4nns som ett oavsiktligt avst\u00e5nd mellan id\u00e9 och resultat.<\/p>\n<p>Kanske b\u00e4sta bilden \u00e4r den d\u00e4r hon st\u00e5r p\u00e5 fundamentet mellan ett brospanns b\u00e4rande pelare. Ena benet lyft, som om hon just hejdat sig. Blicken f\u00e5ngar en \u00f6verraskande djup avgrund. Kjolen fladdrar.<\/p>\n<p><em>Text och foto: Ann-Charlotte Sandelin<\/em><\/p>\n<ul>\n<li>STUDION KONSTFORUM Norrk\u00f6ping<\/li>\n<li><em>27 november \u2013 11 december 2011<br \/>\n<\/em><strong>Tvekande tyngdkraft<br \/>\n<\/strong>Ida Cederberg<br \/>\nFotograf<\/li>\n<\/ul>\n<p>L\u00c4NKAR<br \/>\nKonstforum <a title=\"Konstforum\" href=\"http:\/\/www.konstforumnorrkoping.se\" target=\"_blank\" rel=\"noopener noreferrer\">hemsida<\/a><\/p>\n<p>BILDSPEL (FLASH) \u2013 KLICKA P\u00c5 BILDEN <em>ALT\/MOBIL: SE BILDSPELET <a title=\"Bildspel\" href=\"https:\/\/www.flickr.com\/photos\/kultursidan\/sets\/72157628191074149\/show\/\" target=\"_blank\" rel=\"noopener noreferrer\">H\u00c4R<\/a><\/em><br \/>\n<object width=\"400\" height=\"300\"><param name=\"flashvars\" value=\"offsite=true&amp;lang=en-us&amp;page_show_url=%2Fphotos%2Fkultursidan%2Fsets%2F72157628191074149%2Fshow%2F&amp;page_show_back_url=%2Fphotos%2Fkultursidan%2Fsets%2F72157628191074149%2F&amp;set_id=72157628191074149&amp;jump_to=\" \/><param name=\"movie\" value=\"https:\/\/www.flickr.com\/apps\/slideshow\/show.swf?v=1811922554\" \/><param name=\"allowFullScreen\" value=\"true\" \/><\/object><\/p>\n","protected":false},"excerpt":{"rendered":"<p>NORRK\u00d6PING En kombination mellan platsen och k\u00e4nslan inspirerar fantasin, som iscens\u00e4tts och blir till bild med fotografen i huvudrollen. Fr\u00e5n glada hopp till stilla f\u00f6rtvivlan.  <a class=\"continue-reading-link\" href=\"https:\/\/www.kultursidan.nu\/?p=3328\">L\u00e4s mer <span class=\"meta-nav\">&rarr; <\/span><\/a><\/p>\n","protected":false},"author":1001006,"featured_media":0,"comment_status":"closed","ping_status":"open","sticky":false,"template":"","format":"standard","meta":{"_jetpack_memberships_contains_paid_content":false,"footnotes":""},"categories":[7],"tags":[17],"class_list":["post-3328","post","type-post","status-publish","format-standard","hentry","category-norrkoping","tag-foto"],"jetpack_featured_media_url":"","jetpack_sharing_enabled":true,"_links":{"self":[{"href":"https:\/\/www.kultursidan.nu\/index.php?rest_route=\/wp\/v2\/posts\/3328","targetHints":{"allow":["GET"]}}],"collection":[{"href":"https:\/\/www.kultursidan.nu\/index.php?rest_route=\/wp\/v2\/posts"}],"about":[{"href":"https:\/\/www.kultursidan.nu\/index.php?rest_route=\/wp\/v2\/types\/post"}],"author":[{"embeddable":true,"href":"https:\/\/www.kultursidan.nu\/index.php?rest_route=\/wp\/v2\/users\/1001006"}],"replies":[{"embeddable":true,"href":"https:\/\/www.kultursidan.nu\/index.php?rest_route=%2Fwp%2Fv2%2Fcomments&post=3328"}],"version-history":[{"count":0,"href":"https:\/\/www.kultursidan.nu\/index.php?rest_route=\/wp\/v2\/posts\/3328\/revisions"}],"wp:attachment":[{"href":"https:\/\/www.kultursidan.nu\/index.php?rest_route=%2Fwp%2Fv2%2Fmedia&parent=3328"}],"wp:term":[{"taxonomy":"category","embeddable":true,"href":"https:\/\/www.kultursidan.nu\/index.php?rest_route=%2Fwp%2Fv2%2Fcategories&post=3328"},{"taxonomy":"post_tag","embeddable":true,"href":"https:\/\/www.kultursidan.nu\/index.php?rest_route=%2Fwp%2Fv2%2Ftags&post=3328"}],"curies":[{"name":"wp","href":"https:\/\/api.w.org\/{rel}","templated":true}]}}