{"id":33290,"date":"2017-11-06T14:18:00","date_gmt":"2017-11-06T13:18:00","guid":{"rendered":"https:\/\/intelligent-friend-7861.standoutwp.com\/?p=33290"},"modified":"2017-11-06T14:18:00","modified_gmt":"2017-11-06T13:18:00","slug":"viktoriansk-och-lacker-skrack-i-dracula-recension","status":"publish","type":"post","link":"https:\/\/www.kultursidan.nu\/?p=33290","title":{"rendered":"Viktoriansk och l\u00e4cker skr\u00e4ck i Dracula (recension)"},"content":{"rendered":"<p><img loading=\"lazy\" decoding=\"async\" class=\"alignnone size-medium wp-image-33291\" src=\"https:\/\/www.kultursidan.nu\/wp-content\/uploads\/2017\/11\/Dracula-567x378.jpg\" alt=\"\" width=\"567\" height=\"378\" srcset=\"https:\/\/www.kultursidan.nu\/wp-content\/uploads\/2017\/11\/Dracula-567x378.jpg 567w, https:\/\/www.kultursidan.nu\/wp-content\/uploads\/2017\/11\/Dracula-768x512.jpg 768w, https:\/\/www.kultursidan.nu\/wp-content\/uploads\/2017\/11\/Dracula-1024x682.jpg 1024w, https:\/\/www.kultursidan.nu\/wp-content\/uploads\/2017\/11\/Dracula-500x333.jpg 500w, https:\/\/www.kultursidan.nu\/wp-content\/uploads\/2017\/11\/Dracula-150x100.jpg 150w, https:\/\/www.kultursidan.nu\/wp-content\/uploads\/2017\/11\/Dracula.jpg 1280w\" sizes=\"auto, (max-width: 567px) 100vw, 567px\" \/><br \/>\n<em>Vampyrerna anfaller. Scenbilden \u00e4r suggestiv med pyrotekniska effekter och snygga koreografier. Jon Nilsson som Quincey, Sanna Gibbs som Lucy, Lars Arvidson som Van Helsing samt Johan Edholm som Dr. Seward.<\/em><\/p>\n<p>&nbsp;<\/p>\n<h1><span style=\"color: #ff0000;\">Ny skr\u00e4ckgotik i redan melodramatisk genre<\/span><\/h1>\n<p>&nbsp;<\/p>\n<p>RECENSION\/ NORRK\u00d6PING <strong>Koreograferade mord och sl\u00e4ngkappor misst\u00e4nkt lika fladdermusvingar.<\/strong> 100 \u00e5r efter de melodramatiska operornas tid s\u00e4tter Kungliga Operan t\u00e4nderna i Bram Stokers roman <em>Dracula<\/em>. I fredags direkts\u00e4ndes f\u00f6rest\u00e4llningen till biografer runt om i landet, bland annat till Norrk\u00f6ping och Gusum.<\/p>\n<p><strong>Urpremi\u00e4ren p\u00e5 Kungliga Operan ligger bara en vecka bak\u00e5t i tiden, 28 oktober<\/strong> (tre dagar f\u00f6re Halloween blink blink), n\u00e4r kamerorna f\u00f6r direkts\u00e4ndning sl\u00e4pps in. En nyskriven opera v\u00e4cker uppm\u00e4rksamhet och iscens\u00e4ttningens l\u00e4ckra effekter undgick inte huvudstadspressens recensenter.<\/p>\n<p>&nbsp;<\/p>\n<p><a title=\"Lars Arvidson som Van Helsing, Jonas Degerfeldt som Renfield, Johan Edholm som Dr. Seward samt Kungliga Operans k\u00f6r.\" href=\"https:\/\/www.flickr.com\/photos\/kultursidan\/38156736966\/in\/album-72157688928211104\/\"><img loading=\"lazy\" decoding=\"async\" src=\"https:\/\/farm5.staticflickr.com\/4548\/38156736966_89f78d6112.jpg\" alt=\"Lars Arvidson som Van Helsing, Jonas Degerfeldt som Renfield, Johan Edholm som Dr. Seward samt Kungliga Operans k\u00f6r.\" width=\"500\" height=\"333\" \/><\/a><br \/>\n<em>Vetenskap mot skrock. Lars Arvidson som Van Helsing, Jonas Degerfeldt som Renfield, Johan Edholm som Dr. Seward samt Kungliga Operans k\u00f6r<\/em><\/p>\n<p>&nbsp;<\/p>\n<p><strong>Operan <em>Dracula<\/em> bygger p\u00e5 Bram Stokers roman fr\u00e5n 1897 som f\u00e5ngar upp folkliga legender om blodsugande varelser.<\/strong> En greve fr\u00e5n Centraleuropa flyttar till London. Snart h\u00e4nder mystiska saker. En ung kvinna bleknar i hyn, ack, hon som var s\u00e5 nyf\u00f6r\u00e4lskad.<\/p>\n<p>Det finns mig veterligen ingen annan opera p\u00e5 det h\u00e4r temat. Kanske f\u00f6r att genren i sig \u00e4r s\u00e5 melodramatisk att skr\u00e4ckgotik l\u00e4tt blir f\u00f6r mycket av det goda.<\/p>\n<p><strong>Vi f\u00e5r h\u00f6ra en blandning av senromantiska idiom, kanske Mahler, och tysk expressionism (med tals\u00e5ngen).<\/strong> Riktiga arior finns bara alldeles i b\u00f6rjan och slutet och det mesta b\u00e4rs av en sorts arioso, ett mellanting mellan recitativ och \u201dvanlig\u201d s\u00e5ng.<\/p>\n<p>Lite \u201dvanlig\u201d publik, kanske fans av skr\u00e4ck \/ vampyrgenren hade locks\u00e5 etat sig till Lilla teatern, d\u00e4r jag s\u00e5g Dracula. Det h\u00e4r \u00e4r en effektiv f\u00f6rest\u00e4llning med koreograferade mord och h\u00e4ftiga pyrotekniska effekter (brandlarmet gick p\u00e5 Operan under urpremi\u00e4ren).<\/p>\n<p>&nbsp;<\/p>\n<p><a title=\"Ola Eliasson som Dracula och Elisabeth Meyer som Minna.\" href=\"https:\/\/www.flickr.com\/photos\/kultursidan\/37501684764\/in\/album-72157688928211104\/\"><img loading=\"lazy\" decoding=\"async\" src=\"https:\/\/farm5.staticflickr.com\/4500\/37501684764_7dbd23baa3.jpg\" alt=\"Ola Eliasson som Dracula och Elisabeth Meyer som Minna.\" width=\"500\" height=\"373\" \/><\/a><br \/>\n<em> Farlig attraktionskraft. Ola Eliasson som Dracula och Elisabeth Meyer som Minna.<\/em><\/p>\n<p>&nbsp;<\/p>\n<p><strong>B\u00e4st \u00e4r kanske Ola Eliasson som Dracula sj\u00e4lv med sin m\u00e4ktiga baryton och v\u00e5r \u201degen\u201d bas Lars Arvidsson som van Helsing, vetenskapsmannen.<\/strong> Det blir ofta v\u00e4l klich\u00e9artat p\u00e5 damsidan men Elisabeth Meyer \u00e4r duktig.<\/p>\n<p>Det viktorianska stuket har dock inte \u00e5ldrats v\u00e4l, vilket g\u00f6r vissa roller sv\u00e5ra att g\u00f6ra trov\u00e4rdiga.<\/p>\n<p><em>\u00a9 Text: Lars Henriksson<\/em><br \/>\n<em>\u00a9 Foto: Carl Thorborg\/Kungliga Operan<\/em><\/p>\n<blockquote>\n<h3><em>CNEMA och LILLA TEATERN Norrk\u00f6ping samt FOLKAN BIO Gusum<\/em><\/h3>\n<p>3 november 2017<br \/>\n<strong><em>\u2028\u2028Dracula\u2028\u2028<\/em><\/strong><br \/>\n<em>Opera<\/em><\/p>\n<p><em>Musik: Victoria Borisova-Ollas<\/em><br \/>\n<em>Text: Claes Peter Hellwig och Kristian Benk\u00f6<\/em><br \/>\n<em>Dramaturgi: Katarina Aronsson<\/em><br \/>\n<em>Lives\u00e4ndning fr\u00e5n Kungliga Operan via Folkets hus och parker<\/em><\/p>\n<p><em>Dirigent: Karen Kamensek<\/em><br \/>\n<em>Regi: Linus Fellbom<\/em><br \/>\n<em>Scenografi &amp; kostym: Dan Potra<\/em><br \/>\n<em>Koreografi: Lars Bethke<\/em><\/p>\n<p style=\"padding-left: 30px;\"><em>MEDVERKANDE<\/em><br \/>\n<em>Mina: Elisabeth Meyer<\/em><br \/>\n<em>Dracula: Ola Eliasson<\/em><br \/>\n<em>Jonathan: Joel Annmo<\/em><br \/>\n<em>Elizabetha: Katarina Leoson<\/em><br \/>\n<em>Lucy: Sanna Gibbs<\/em><br \/>\n<em>Dr. Seward: Johan Edholm<\/em><br \/>\n<em>Dr. Van Helsing<\/em><br \/>\n<em>Renfield: Jonas Degerfeldt<\/em><br \/>\n<em>F\u00f6rsta vampyr: Kristina Hansson-Unander<\/em><br \/>\n<em>Andra vampyr: Kristina Hanson<\/em><br \/>\n<em>Tredje vampyr: Olof Lilja<\/em><br \/>\n<em>samt Kungliga Operans k\u00f6r och Kungliga Hovkapellet<\/em><\/p>\n<p><em>LIVE P\u00c5 BIO \u2013 OPERA<br \/>\n<\/em><em>H\u00f6sten 2017<\/em><br \/>\n<em>7\/10 Norma (MetOpera)<\/em><br \/>\n<em>14\/7 Trollfl\u00f6jten (MetOpera)<\/em><br \/>\n<em>3\/11 Dracula (KunglOperan)<\/em><br \/>\n<em>18\/11 Mord\u00e4ngeln (MetOpera)<\/em><\/p><\/blockquote>\n<p>L\u00c4NKAR<br \/>\nKungliga Operan <a href=\"https:\/\/www.operan.se\/\" target=\"_blank\" rel=\"noopener\">hemsida<\/a> <a href=\"https:\/\/www.facebook.com\/KungligaOperan\/\" target=\"_blank\" rel=\"noopener\">Facebook<\/a> <a href=\"https:\/\/www.operan.se\/repertoarsida\/dracula\/\" target=\"_blank\" rel=\"noopener\">Dracula <\/a><br \/>\nLive p\u00e5 Bio <a href=\"http:\/\/www.folketshusochparker.se\/evenemang\/?genre=live-pa-bio\" target=\"_blank\" rel=\"noopener noreferrer\">hemsida<\/a> <a href=\"https:\/\/www.facebook.com\/livepabio\/\" target=\"_blank\" rel=\"noopener noreferrer\">Facebook<\/a><br \/>\nLars Henriksson \u2013 Operalaven <a title=\"Operalaven\" href=\"http:\/\/www.operalaven.se\" target=\"_blank\" rel=\"noopener noreferrer\">hemsida <\/a><br \/>\nCnema <a title=\"Lilla teatern\" href=\"http:\/\/cnema.se\" target=\"_blank\" rel=\"noopener noreferrer\">hemsida<br \/>\n<\/a>Lilla Teatern <a href=\"http:\/\/www.lillateatern.se\" target=\"_blank\" rel=\"noopener\">hemsida <\/a><br \/>\nFolkan Bio <a href=\"http:\/\/folkanbiogusum.se\/index.php?visa=metropolitan\" target=\"_blank\" rel=\"noopener noreferrer\">hemsida<\/a><\/p>\n","protected":false},"excerpt":{"rendered":"<p>NORRK\u00d6PING Koreograferade mord och sl\u00e4ngkappor misst\u00e4nkt lika fladdermusvingar. 100 \u00e5r efter de melodramatiska operornas tid s\u00e4tter Kungliga Operan t\u00e4nderna i Bram Stokers roman Dracula. I fredags direkts\u00e4ndes f\u00f6rest\u00e4llningen till bland annat Lilla teatern i Norrk\u00f6ping. <a class=\"continue-reading-link\" href=\"https:\/\/www.kultursidan.nu\/?p=33290\">L\u00e4s mer <span class=\"meta-nav\">&rarr; <\/span><\/a><\/p>\n","protected":false},"author":1001006,"featured_media":0,"comment_status":"closed","ping_status":"open","sticky":false,"template":"","format":"standard","meta":{"_jetpack_memberships_contains_paid_content":false,"footnotes":""},"categories":[7,10],"tags":[11,12],"class_list":["post-33290","post","type-post","status-publish","format-standard","hentry","category-norrkoping","category-valdemarsvik","tag-opera","tag-teater"],"jetpack_featured_media_url":"","jetpack_sharing_enabled":true,"_links":{"self":[{"href":"https:\/\/www.kultursidan.nu\/index.php?rest_route=\/wp\/v2\/posts\/33290","targetHints":{"allow":["GET"]}}],"collection":[{"href":"https:\/\/www.kultursidan.nu\/index.php?rest_route=\/wp\/v2\/posts"}],"about":[{"href":"https:\/\/www.kultursidan.nu\/index.php?rest_route=\/wp\/v2\/types\/post"}],"author":[{"embeddable":true,"href":"https:\/\/www.kultursidan.nu\/index.php?rest_route=\/wp\/v2\/users\/1001006"}],"replies":[{"embeddable":true,"href":"https:\/\/www.kultursidan.nu\/index.php?rest_route=%2Fwp%2Fv2%2Fcomments&post=33290"}],"version-history":[{"count":1,"href":"https:\/\/www.kultursidan.nu\/index.php?rest_route=\/wp\/v2\/posts\/33290\/revisions"}],"predecessor-version":[{"id":33292,"href":"https:\/\/www.kultursidan.nu\/index.php?rest_route=\/wp\/v2\/posts\/33290\/revisions\/33292"}],"wp:attachment":[{"href":"https:\/\/www.kultursidan.nu\/index.php?rest_route=%2Fwp%2Fv2%2Fmedia&parent=33290"}],"wp:term":[{"taxonomy":"category","embeddable":true,"href":"https:\/\/www.kultursidan.nu\/index.php?rest_route=%2Fwp%2Fv2%2Fcategories&post=33290"},{"taxonomy":"post_tag","embeddable":true,"href":"https:\/\/www.kultursidan.nu\/index.php?rest_route=%2Fwp%2Fv2%2Ftags&post=33290"}],"curies":[{"name":"wp","href":"https:\/\/api.w.org\/{rel}","templated":true}]}}