{"id":33347,"date":"2017-11-09T12:19:17","date_gmt":"2017-11-09T11:19:17","guid":{"rendered":"https:\/\/intelligent-friend-7861.standoutwp.com\/?p=33347"},"modified":"2017-11-09T12:39:12","modified_gmt":"2017-11-09T11:39:12","slug":"stark-som-en-rav-speglar-forskarskandal","status":"publish","type":"post","link":"https:\/\/www.kultursidan.nu\/?p=33347","title":{"rendered":"Stark som en r\u00e4v speglar forskarskandal"},"content":{"rendered":"<p><img loading=\"lazy\" decoding=\"async\" class=\"alignnone size-medium wp-image-33356\" src=\"https:\/\/www.kultursidan.nu\/wp-content\/uploads\/2017\/11\/Stark-3-567x378.jpg\" alt=\"\" width=\"567\" height=\"378\" srcset=\"https:\/\/www.kultursidan.nu\/wp-content\/uploads\/2017\/11\/Stark-3-567x378.jpg 567w, https:\/\/www.kultursidan.nu\/wp-content\/uploads\/2017\/11\/Stark-3-768x512.jpg 768w, https:\/\/www.kultursidan.nu\/wp-content\/uploads\/2017\/11\/Stark-3-1024x683.jpg 1024w, https:\/\/www.kultursidan.nu\/wp-content\/uploads\/2017\/11\/Stark-3-500x333.jpg 500w, https:\/\/www.kultursidan.nu\/wp-content\/uploads\/2017\/11\/Stark-3-150x100.jpg 150w\" sizes=\"auto, (max-width: 567px) 100vw, 567px\" \/><br \/>\n<em>Hemma hos. Den maktfullkomliga rektorn, hans missn\u00f6jda hustru och deras polska st\u00e4derska. I rollerna Per-Johan Persson, Stina von Sydow och Karin Oscarsson.<\/em><\/p>\n<p>&nbsp;<\/p>\n<h1><span style=\"color: #ff0000;\">&#8221;Hur kunde Macchiarini f\u00e5 makten?&#8221;<\/span><\/h1>\n<p>&nbsp;<\/p>\n<p>NORRK\u00d6PING<strong> \u201dHur kunde Macchiarini f\u00e5 makten utan att n\u00e5gon sa stopp?\u201d<\/strong> P\u00e5 l\u00f6rdag har Ylva L\u00f6\u00f6fs politiska komedi <em>Stark som en r\u00e4v<\/em> nypremi\u00e4r p\u00e5 Stora teatern i Norrk\u00f6ping. Regiss\u00f6ren Marika Lagercrantz vill g\u00f6ra en rolig sitcom om ett djupt allvarligt \u00e4mne.<\/p>\n<p><strong>Jag m\u00f6ter Marika Lagercrantz p\u00e5 Broadway Konditori, en tom kopp kaffe st\u00e5r p\u00e5 bordet.<\/strong> Hon har redan suttit h\u00e4r och arbetat en timme.<\/p>\n<p>Sk\u00e5despelerskan och regiss\u00f6ren Marika Lagercrantz hade arbetat i tre \u00e5r som kulturr\u00e5d p\u00e5 svenska ambassaden i Berlin. Efter att flyttat tillbaka till Sverige fr\u00e5gade teaterchefen Johan Celander om hon ville komma till \u00d6stg\u00f6tateatern. Ett v\u00e4lkommet erbjudande till Marika som l\u00e4ngtade tillbaka till teaterns v\u00e4rld. Hon inte \u00e5ngrar att hon tackade ja och uttalar flera g\u00e5nger under intervjun hur mycket hon uppskattar s\u00e5v\u00e4l Norrk\u00f6ping som \u00d6stg\u00f6tateatern och n\u00e4rheten till publiken.<\/p>\n<p><strong>\u2013 Jag fick m\u00e5nga f\u00f6rslag p\u00e5 pj\u00e4ser av dramaturgen Johan Huldt och en av dem var <em>Stark som en r\u00e4v.<\/em><\/strong> Jag k\u00e4nde direkt att den h\u00e4r m\u00e5ste jag g\u00f6ra.<\/p>\n<p>Pj\u00e4sen handlar, l\u00e4tt fiktionaliserad, om bakgrunden till Macchiariniaff\u00e4ren. Den uppm\u00e4rksammade forskaren Paolo Macchiarini genomf\u00f6rde organtransplantationer p\u00e5 flera sv\u00e5rt sjuka patienter. Det ledde till allvarliga komplikationer och sju d\u00f6dsfall.<\/p>\n<p>\u2013 De torterades till d\u00f6ds, har l\u00e4kare vittnat om, s\u00e4ger hon med djupt allvar.<\/p>\n<p>&nbsp;<\/p>\n<p><a title=\"Marica Lagercrantz\" href=\"https:\/\/www.flickr.com\/photos\/kultursidan\/26506564499\/in\/album-72157688225601001\/\"><img loading=\"lazy\" decoding=\"async\" src=\"https:\/\/farm5.staticflickr.com\/4546\/26506564499_297fe22aa9.jpg\" alt=\"Marica Lagercrantz\" width=\"500\" height=\"333\" \/><\/a><br \/>\n<em> Engagerad. Regiss\u00f6ren Marika Lagercrantz vill reflektera nutidens fr\u00e5gor i sitt konstn\u00e4rskap.<\/em><\/p>\n<p>&nbsp;<\/p>\n<p><strong>Dramatikern Ylva L\u00f6\u00f6f hade tidigare arbetat p\u00e5 Karolinska Institutet.<\/strong> Med pj\u00e4sen ville hon v\u00e4cka fr\u00e5gor om etik och empati, fr\u00e5gor som fick Marika Lagercrantz att v\u00e4lja <em>Stark som en r\u00e4v<\/em> som sin f\u00f6rsta upps\u00e4ttning p\u00e5 \u00d6stg\u00f6tateatern. Hon vill varna f\u00f6r de katastrofer som kan uppst\u00e5 n\u00e4r demokratiska processer och kunskap s\u00e4tts \u00e5t sidan.<\/p>\n<p><strong>Regiss\u00f6ren betonar hur viktigt det \u00e4r att f\u00f6ra en diskussion kring fr\u00e5gor om demokrati, etik och ansvar.<\/strong> Speciellt n\u00e4r man informerar ungdomar, studenter \u00e4r en av de publikgrupper hon hoppas kommer att se pj\u00e4sen.<\/p>\n<p>\u2013 Man m\u00e5ste veta varf\u00f6r och hur man ber\u00e4ttar historier som den h\u00e4r. Hur kunde Macchiarini f\u00e5 den h\u00e4r makten utan att n\u00e5gon sa stopp?<\/p>\n<p><strong><em>Stark som en r\u00e4v<\/em> utspelas hemma hos rektorn f\u00f6r Kungliga medicinska institutet.<\/strong> Det \u00e4r dagen efter en fest och i morgontidningen l\u00e4ser rektorn om en stor skandal som uppt\u00e4ckts och inser att han, som h\u00f6gst ansvarig, befinner sig i dess mittpunkt. P\u00e5 plats finns \u00e4ven hustrun, en \u00e5ldrig sv\u00e4rmor och en sv\u00e5ger med njurproblem.<\/p>\n<p>\u2013 Familjen representerar de m\u00e4nniskor som kommer i kl\u00e4m n\u00e4r olika intressen krockar. Pj\u00e4sen handlar om m\u00e4nniskor n\u00e4r de \u00e4r som svagast och om vilket ansvar sjukv\u00e5rden och universiteten har.<\/p>\n<p><strong>Ett allvarligt och sv\u00e5rt \u00e4mne med andra ord.<\/strong> Men det \u00e4r ingen sv\u00e5r pj\u00e4s po\u00e4ngterar Marika Lagercrantz.<\/p>\n<p>\u2013 Pj\u00e4sen \u00e4r vansinnigt rolig. Som en sitcom, s\u00e4ger hon och forts\u00e4tter: \u2013 Det \u00e4r viktigt att kunna skratta \u00e5t v\u00e5r samtid f\u00f6r att orka forts\u00e4tta k\u00e4mpa och f\u00f6ra en diskussion. Vilket jag kommer g\u00f6ra s\u00e5 l\u00e4nge jag lever.<\/p>\n<p>F\u00f6rhoppningen \u00e4r att <em>Stark som en r\u00e4v<\/em> bidrar till att vi i publiken och i samh\u00e4llet kan se varningssignaler tidigare, innan det leder till katastrof. Komedin har redan spelats i Link\u00f6ping och m\u00f6tts med stor uppskattning. Regiss\u00f6ren ber\u00e4ttar om st\u00e5ende ovationer efter s\u00e5 gott som varje f\u00f6rest\u00e4llning.<\/p>\n<p><strong>Marika Lagercrantz \u00e4r glad \u00f6ver att f\u00e5 arbeta med nyskriven dramatik.<\/strong><\/p>\n<p>\u2013 Det \u00e4r viktigt att skildra v\u00e5r samtid. Konstn\u00e4rernas uppgift \u00e4r att hj\u00e4lpa oss att reflektera, eftersom vi lever i en tid d\u00e4r f\u00f6r\u00e4ndringarna galopperar fram.<\/p>\n<p><strong>N\u00e4r vi l\u00e4mnar Broadway konditori ropar Marika in till k\u00f6ket:<\/strong><\/p>\n<p>\u2013 Tack f\u00f6r frukosten!<\/p>\n<p>\u00a9 <em>Text: Anton Augustsson<br \/>\n<\/em>\u00a9 <em>Foto: Markus G\u00e5rder\/\u00d6stg\u00f6tateatern och <\/em><em>Ann-Charlotte Sandelin<br \/>\n<\/em><\/p>\n<blockquote>\n<h3><em>STORA TEATERN Norrk\u00f6ping<\/em><\/h3>\n<p>11 november\u20133 december 2017<em><br \/>\n<strong>Stark som en r\u00e4v<\/strong><\/em><br \/>\n<em> av Ylva L\u00f6\u00f6f<\/em><br \/>\n<em> Regi: Marika Lagercrantz<\/em><br \/>\n<em> Scenografi och kostym: Magnus Mo\u0308llerstedt<\/em><br \/>\n<em> Musik: Kontrapunk med Caroline af Ugglas<\/em><br \/>\n<em>Mask- och perukdesign: Lena Stranger Weinar<br \/>\nLjusdesign: P\u00e4r Krantz<br \/>\nLjuddesign: Michael Andersson<br \/>\n<\/em><\/p>\n<p style=\"padding-left: 30px;\"><em>SK\u00c5DESPELARE<br \/>\n<\/em>Per-Johan Persson<br \/>\nStina von Sydow<br \/>\nA\u030asa Arhammar<br \/>\nJesper Barkselius<br \/>\nKarin Oscarsson<br \/>\nLudvig Fahlstedt<\/p>\n<p><em>PROGRAMKV\u00c4LLAR<\/em><\/p>\n<p>15 november kl 17.30 (FULLBOKAD)<br \/>\n<strong><em>Spelet bakom Macchiariniskandalen<\/em><\/strong><br \/>\n<em>Kalle Grinnemo, kirurg, forskare och chef f\u00f6r Hj\u00e4rtlabbet p\u00e5 Karolinska Institutet <\/em><br \/>\n<em>Oscar Simonson, l\u00e4kare och forskare,<\/em><br \/>\n<em>Bosse Lindquist, journalist och f\u00f6rfattare<\/em><br \/>\n<em>Ylva L\u00f6\u00f6f, dramatiker<\/em><br \/>\n<em>Moderator: Marika Lagercrantz<\/em><\/p>\n<p>29 november kl 17.30<br \/>\n<strong><em>V\u00e4rna professionerna \u2013 skydda universiteten<\/em><\/strong><br \/>\n<em>Ylva Hasselberg, professor i ekonomisk historia<br \/>\nAnn Fritzell, \u00e4mnessakkunnig p\u00e5 Utbildningsdepartementet<br \/>\nG\u00f6ran Collste, professor i till\u00e4mpad etik<\/em><br \/>\n<em>Ylva L\u00f6\u00f6f, dramatiker<\/em><br \/>\n<em>Moderator: Marika Lagercrantz<\/em><\/p><\/blockquote>\n<p>L\u00c4NKAR<br \/>\nPaolo Macchiarini <a href=\"https:\/\/sv.wikipedia.org\/wiki\/Paolo_Macchiarini\" target=\"_blank\" rel=\"noopener\">Wikipedia<\/a><br \/>\n\u00d6stg\u00f6tateatern <a href=\"http:\/\/www.ostgotateatern.se\" target=\"_blank\" rel=\"noopener\">hemsida<\/a> <a href=\"https:\/\/www.facebook.com\/ostgotateatern\/\" target=\"_blank\" rel=\"noopener\">Facebook <\/a><br \/>\n\u00d6stg\u00f6tateaterns och Ung scen\/\u00f6sts nya \u00e5r <a href=\"https:\/\/www.kultursidan.nu\/?p=32017\" target=\"_blank\" rel=\"noopener\">reportage<\/a> Kultursidan.nu 10\/8 2017<\/p>\n","protected":false},"excerpt":{"rendered":"<p>NORRK\u00d6PING \u201dHur kunde Macchiarini f\u00e5 makten utan att n\u00e5gon sa stopp?\u201d P\u00e5 l\u00f6rdag har Stark som en r\u00e4v nypremi\u00e4r p\u00e5 Stora teatern i Norrk\u00f6ping. Regiss\u00f6ren Marika Lagercrantz vill g\u00f6ra en rolig sitcom om ett djupt allvarligt \u00e4mne. <a class=\"continue-reading-link\" href=\"https:\/\/www.kultursidan.nu\/?p=33347\">L\u00e4s mer <span class=\"meta-nav\">&rarr; <\/span><\/a><\/p>\n","protected":false},"author":1001006,"featured_media":0,"comment_status":"closed","ping_status":"open","sticky":false,"template":"","format":"standard","meta":{"_jetpack_memberships_contains_paid_content":false,"footnotes":""},"categories":[7],"tags":[12],"class_list":["post-33347","post","type-post","status-publish","format-standard","hentry","category-norrkoping","tag-teater"],"jetpack_featured_media_url":"","jetpack_sharing_enabled":true,"_links":{"self":[{"href":"https:\/\/www.kultursidan.nu\/index.php?rest_route=\/wp\/v2\/posts\/33347","targetHints":{"allow":["GET"]}}],"collection":[{"href":"https:\/\/www.kultursidan.nu\/index.php?rest_route=\/wp\/v2\/posts"}],"about":[{"href":"https:\/\/www.kultursidan.nu\/index.php?rest_route=\/wp\/v2\/types\/post"}],"author":[{"embeddable":true,"href":"https:\/\/www.kultursidan.nu\/index.php?rest_route=\/wp\/v2\/users\/1001006"}],"replies":[{"embeddable":true,"href":"https:\/\/www.kultursidan.nu\/index.php?rest_route=%2Fwp%2Fv2%2Fcomments&post=33347"}],"version-history":[{"count":11,"href":"https:\/\/www.kultursidan.nu\/index.php?rest_route=\/wp\/v2\/posts\/33347\/revisions"}],"predecessor-version":[{"id":33372,"href":"https:\/\/www.kultursidan.nu\/index.php?rest_route=\/wp\/v2\/posts\/33347\/revisions\/33372"}],"wp:attachment":[{"href":"https:\/\/www.kultursidan.nu\/index.php?rest_route=%2Fwp%2Fv2%2Fmedia&parent=33347"}],"wp:term":[{"taxonomy":"category","embeddable":true,"href":"https:\/\/www.kultursidan.nu\/index.php?rest_route=%2Fwp%2Fv2%2Fcategories&post=33347"},{"taxonomy":"post_tag","embeddable":true,"href":"https:\/\/www.kultursidan.nu\/index.php?rest_route=%2Fwp%2Fv2%2Ftags&post=33347"}],"curies":[{"name":"wp","href":"https:\/\/api.w.org\/{rel}","templated":true}]}}