{"id":33391,"date":"2017-11-09T20:04:18","date_gmt":"2017-11-09T19:04:18","guid":{"rendered":"https:\/\/intelligent-friend-7861.standoutwp.com\/?p=33391"},"modified":"2017-11-09T20:04:18","modified_gmt":"2017-11-09T19:04:18","slug":"lina-badran-oppnar-tabubelagda-amnen","status":"publish","type":"post","link":"https:\/\/www.kultursidan.nu\/?p=33391","title":{"rendered":"Lina Badran \u00f6ppnar tabubelagda \u00e4mnen"},"content":{"rendered":"<p><img loading=\"lazy\" decoding=\"async\" class=\"alignnone size-medium wp-image-33392\" src=\"https:\/\/www.kultursidan.nu\/wp-content\/uploads\/2017\/11\/Lina-Badran-567x378.jpg\" alt=\"\" width=\"567\" height=\"378\" srcset=\"https:\/\/www.kultursidan.nu\/wp-content\/uploads\/2017\/11\/Lina-Badran-567x378.jpg 567w, https:\/\/www.kultursidan.nu\/wp-content\/uploads\/2017\/11\/Lina-Badran-768x512.jpg 768w, https:\/\/www.kultursidan.nu\/wp-content\/uploads\/2017\/11\/Lina-Badran-1024x682.jpg 1024w, https:\/\/www.kultursidan.nu\/wp-content\/uploads\/2017\/11\/Lina-Badran-500x333.jpg 500w, https:\/\/www.kultursidan.nu\/wp-content\/uploads\/2017\/11\/Lina-Badran-150x100.jpg 150w, https:\/\/www.kultursidan.nu\/wp-content\/uploads\/2017\/11\/Lina-Badran.jpg 1280w\" sizes=\"auto, (max-width: 567px) 100vw, 567px\" \/><br \/>\n<em>Sagt och gjort. Lina Badran driver projektet Min historia med f\u00f6rel\u00e4sare som tar upp tabubelagda \u00e4mnen.<\/em><\/p>\n<p>&nbsp;<\/p>\n<h1><span style=\"color: #ff0000;\">Stigmatisering skapade Min historia<\/span><\/h1>\n<p>&nbsp;<\/p>\n<p>NORRK\u00d6PING <strong>Skambelagt.<\/strong> N\u00e4r en av Lina Badrans anh\u00f6riga fick diagnosen ADHD blev hon starkt uppm\u00e4rksammad p\u00e5 den stigmatisering som r\u00e5der kring diagnoser och startade projektet &#8221;Min historia&#8221;.<\/p>\n<p>\u2013 Jag t\u00e4nkte nu letar jag reda p\u00e5 fler tabubelagda \u00e4mnen och utbildar Norrk\u00f6ping, s\u00e4ger hon med ett stort leende.<\/p>\n<p><strong>Min historia startade h\u00f6sten 2016 och fortsatte fram till sommaren \u00e5ret d\u00e4rp\u00e5.<\/strong> Nu drar hon allts\u00e5 ig\u00e5ng sin andra runda av levnadshistorier fr\u00e5n verkliga livet. Ofta kring ett stigmatiserat \u00e4mne som inte alltid \u00e4r l\u00e4tt att prata om. Ber\u00e4ttelserna handlade bland annat om \u00f6vergrepp och incest samt psykisk oh\u00e4lsa.<\/p>\n<p>Under sommaren har Lina Badran haft fullt upp med att leta nya f\u00f6rel\u00e4sare som kan st\u00e4lla sig framf\u00f6r en publik p\u00e5 ABF Bergslagsg\u00e5rden i Norrk\u00f6ping. \u00c4mnena varierar \u00e4ven i \u00e5r med bland annat adoption, islamofobi och m\u00e4nniskohandel. F\u00f6rst ut i startf\u00e4ltet \u00e4r Alva Storm som kommer och ber\u00e4ttar om missbruk och destruktiva relationer den 28 november.<\/p>\n<p>Sedan blir det ett litet juluppeh\u00e5ll och &#8221;Min historia&#8221; \u00e4r \u00e5ter tillbaka med resterande f\u00f6rel\u00e4sningar fr\u00e5n januari till juni.<\/p>\n<p><strong>Det har stundom varit tufft f\u00f6r Lina att rodda projektet vid sidan om sitt ordinarie arbete som regional samordnare mot m\u00e4nniskohandel. <\/strong>Allt inom projektet g\u00f6rs p\u00e5 hennes privata tid, hon kopplar det till sin privata mobiltelefon f\u00f6r att inte blanda samman det med yrkesarbetet.<\/p>\n<p>\u2013 Men det blir aldrig riktigt jobbigt och det \u00e4r verkligen det h\u00e4r jag vill g\u00f6ra, s\u00e4ger hon.<\/p>\n<p>Samtidigt menar hon p\u00e5 att hennes vardagliga arbete som samordnare ocks\u00e5 g\u00e5r lite hand i hand med syftet med &#8221;Min historia&#8221;.<\/p>\n<p>\u2013 Jag vill verkligen bidra till att v\u00e5r framtid blir s\u00e5 bra som m\u00f6jligt och att alla ska inkluderas.<\/p>\n<p><strong>Hon \u00e4r mycket tacksam f\u00f6r den hj\u00e4lp som ABF har bidragit med i form av samverkanspartner, de bidrar fr\u00e4mst med lokal.<\/strong> Personalen p\u00e5 plats har varit en stor tillg\u00e5ng med r\u00e5dgivning och hj\u00e4lp n\u00e4r det beh\u00f6vts f\u00f6r att underl\u00e4tta arbetet.<\/p>\n<p>\u2013 Utan dem hade det h\u00e4r aldrig funkat, s\u00e4ger Lina Badran n\u00f6jd och stolt.<\/p>\n<p><em>\u00a9 Text: Carl Adam Tillberg\u2028<\/em><br \/>\n<em>\u00a9 Foto: Privat<\/em><\/p>\n<blockquote>\n<h3><em>ABF BERGSLAGSG\u00c5RDEN Norrk\u00f6ping<\/em><\/h3>\n<p><em>Vintern 2017 <\/em><br \/>\n<em><strong>\u2028Min historia<\/strong><\/em><br \/>\n<em>\u2028F\u00f6redragsserie<br \/>\nProjektledare: Lina Badran<\/em><\/p>\n<p style=\"padding-left: 30px;\"><em>PROGRAM<\/em><\/p>\n<p style=\"padding-left: 30px;\"><em>\u202828 november 2017<br \/>\n<\/em><em><strong>Missbruk och destruktiva relationer<br \/>\n<\/strong><\/em><em>Alva Storm <\/em><\/p>\n<p style=\"padding-left: 30px;\"><em>30 januari 2018<br \/>\n<\/em><em><strong>Kulturskillnad<br \/>\n<\/strong><\/em><em>Alaa Aburweileh<br \/>\n<\/em><\/p>\n<p style=\"padding-left: 30px;\"><em>27 februari 2018<br \/>\n<\/em><em><strong>Islamofobi<br \/>\n<\/strong><\/em><em>Yasri Shamsudin Khan<br \/>\n<\/em><\/p>\n<p style=\"padding-left: 30px;\"><em>27 mars 2018<br \/>\n<\/em><em><strong>M\u00e4nniskohandel<br \/>\n<\/strong><\/em><em>Paulina Bengtsson<br \/>\n<\/em><\/p>\n<p style=\"padding-left: 30px;\"><em>24 april 2018<br \/>\n<\/em><em><strong>V\u00e5ldt\u00e4kt<br \/>\n<\/strong><\/em><em>Elin Mether <\/em><\/p>\n<p style=\"padding-left: 30px;\"><em>25 maj 2018<br \/>\n<\/em><em><strong>Sexuella \u00f6vergrepp och trauma<br \/>\n<\/strong><\/em><em>Lotta Seavers<br \/>\n<\/em><\/p>\n<p style=\"padding-left: 30px;\"><em>27 juni 2018<br \/>\n<\/em><em><strong>Adoption<br \/>\n<\/strong><\/em><em>Carolin Dasander<br \/>\n<\/em><\/p>\n<\/blockquote>\n<p>L\u00c4NKAR<br \/>\nMin historia <a href=\"https:\/\/www.facebook.com\/minhistoria1\/\" target=\"_blank\" rel=\"noopener\">Facebook<\/a><\/p>\n","protected":false},"excerpt":{"rendered":"<p>NORRK\u00d6PING Skambelagt. N\u00e4r en av Lina Badrans anh\u00f6riga fick diagnosen ADHD blev hon starkt uppm\u00e4rksammad p\u00e5 den stigmatisering som r\u00e5der kring diagnoser och valde att starta projektet &#8221;Min historia&#8221;. \u2013 Jag t\u00e4nkte \u201dnu letar jag reda p\u00e5 fler tabubelagda \u00e4mnen och utbildar Norrk\u00f6ping\u201d. <a class=\"continue-reading-link\" href=\"https:\/\/www.kultursidan.nu\/?p=33391\">L\u00e4s mer <span class=\"meta-nav\">&rarr; <\/span><\/a><\/p>\n","protected":false},"author":1001006,"featured_media":0,"comment_status":"closed","ping_status":"open","sticky":false,"template":"","format":"standard","meta":{"_jetpack_memberships_contains_paid_content":false,"footnotes":""},"categories":[7],"tags":[53],"class_list":["post-33391","post","type-post","status-publish","format-standard","hentry","category-norrkoping","tag-foredrag"],"jetpack_featured_media_url":"","jetpack_sharing_enabled":true,"_links":{"self":[{"href":"https:\/\/www.kultursidan.nu\/index.php?rest_route=\/wp\/v2\/posts\/33391","targetHints":{"allow":["GET"]}}],"collection":[{"href":"https:\/\/www.kultursidan.nu\/index.php?rest_route=\/wp\/v2\/posts"}],"about":[{"href":"https:\/\/www.kultursidan.nu\/index.php?rest_route=\/wp\/v2\/types\/post"}],"author":[{"embeddable":true,"href":"https:\/\/www.kultursidan.nu\/index.php?rest_route=\/wp\/v2\/users\/1001006"}],"replies":[{"embeddable":true,"href":"https:\/\/www.kultursidan.nu\/index.php?rest_route=%2Fwp%2Fv2%2Fcomments&post=33391"}],"version-history":[{"count":2,"href":"https:\/\/www.kultursidan.nu\/index.php?rest_route=\/wp\/v2\/posts\/33391\/revisions"}],"predecessor-version":[{"id":33394,"href":"https:\/\/www.kultursidan.nu\/index.php?rest_route=\/wp\/v2\/posts\/33391\/revisions\/33394"}],"wp:attachment":[{"href":"https:\/\/www.kultursidan.nu\/index.php?rest_route=%2Fwp%2Fv2%2Fmedia&parent=33391"}],"wp:term":[{"taxonomy":"category","embeddable":true,"href":"https:\/\/www.kultursidan.nu\/index.php?rest_route=%2Fwp%2Fv2%2Fcategories&post=33391"},{"taxonomy":"post_tag","embeddable":true,"href":"https:\/\/www.kultursidan.nu\/index.php?rest_route=%2Fwp%2Fv2%2Ftags&post=33391"}],"curies":[{"name":"wp","href":"https:\/\/api.w.org\/{rel}","templated":true}]}}