{"id":3348,"date":"2011-11-29T17:04:06","date_gmt":"2011-11-29T16:04:06","guid":{"rendered":"https:\/\/intelligent-friend-7861.standoutwp.com\/?p=3348"},"modified":"2016-06-16T07:02:42","modified_gmt":"2016-06-16T06:02:42","slug":"ulf-olsson-romandebuterar-med-hets","status":"publish","type":"post","link":"https:\/\/www.kultursidan.nu\/?p=3348","title":{"rendered":"Ulf Olsson romandebuterar med Hets (reportage)"},"content":{"rendered":"<p><iframe loading=\"lazy\" src=\"https:\/\/www.flickr.com\/photos\/kultursidan\/6425368847\/in\/set-72157628206382993\/player\/\" width=\"500\" height=\"333\" frameborder=\"0\" allowfullscreen=\"allowfullscreen\"><\/iframe><br \/>\n<em>En mogen f\u00f6rfattare debuterar. Ulf Olsson \u00e4r trygg i sitt skrivande.<\/em><\/p>\n<p>&nbsp;<\/p>\n<h1><span style=\"color: #ff0000;\">Tio intensiva dagar gav ett ol\u00e4sligt manus<\/span><\/h1>\n<p>&nbsp;<\/p>\n<p style=\"text-align: left; padding-left: 60px;\">P\u00e5 f\u00f6rs\u00e4ttsbladet till romanen Hets:<\/p>\n<p style=\"text-align: left; padding-left: 60px;\"><em>d\u00f6d \u00e5t eldsj\u00e4larna<\/em><\/p>\n<p style=\"text-align: left; padding-left: 60px;\">\u2013Varf\u00f6r?<br \/>\n\u2013 F\u00f6r att det l\u00e5ter bra. Dessutom \u00e4r eldsj\u00e4larna oftast v\u00e4ldigt pretto,<br \/>\nsj\u00e4lvgoda och ytliga. Den m\u00e4nniskotyp Tony ogillar mest.<\/p>\n<p>&nbsp;<\/p>\n<p><strong>Ulf Olsson sitter i motljuset, ansiktet \u00e4r i skugga.<\/strong> Det tar en god stund innan \u00f6gonen har st\u00e4llt om sig. Ungef\u00e4r p\u00e5 samma s\u00e4tt som det tar tid att l\u00e4ra k\u00e4nna en person.<\/p>\n<p>K\u00e4nt till Ulf Olsson har jag gjort l\u00e4nge, vi har till och med h\u00e4lsat lite ytligt, nickat igenk\u00e4nnande, en recensent till en annan. F\u00f6r m\u00e5nga \u00e5r sedan stod han p\u00e5 scenen med \u00f6vriga i Textgrupp Daisy, samma Kulturnatt d\u00e5 Johannes Anyuru som nytt ungt poetiskt stj\u00e4rnskott bes\u00f6kte Norrk\u00f6ping. N\u00e4sta g\u00e5ng Textgrupp Daisy upptr\u00e4dde ville Ulf inte vara med. Det l\u00f6ste sig med en filminspelning, han stod p\u00e5 sin balkong och l\u00e4ste h\u00f6gt, dikt eller prosa minns jag inte. Bra var det i alla h\u00e4ndelser. Han skriver om m\u00e4nniskorna p\u00e5 skuggsidan och han g\u00f6r det bra.<\/p>\n<p>Det \u00e4r s\u00e5 jag mest l\u00e4rt k\u00e4nna honom, halvt p\u00e5 avst\u00e5nd. Men idag sitter jag och kisar i motljuset och f\u00f6rs\u00f6ker komma honom n\u00e4rmare. Ig\u00e5r m\u00e5ndag 28 november 2011 sl\u00e4ppte han n\u00e4mligen sin debutroman <em>Hets<\/em> som e-bok. Nerv\u00f6st ig\u00e5r?<\/p>\n<p><strong>\u2013 Nej. \u00c4ven om jag har en del \u00e5ngest s\u00e5 \u00e4r jag inte nerv\u00f6s. Jag \u00e4r trygg i skrivandet, i det jag g\u00f6r.<\/strong> Jag har trott p\u00e5 den h\u00e4r romanen. Men om det var ett stort sl\u00e4pp, p\u00e5 Bonniers, d\u00e5 skulle jag vara nerv\u00f6s.<\/p>\n<p>Nu \u00e4r det inte Bonniers som visst hade chansen, manuset skickades f\u00f6rst till de stora f\u00f6rlagen, men d\u00e5 det inte blev napp d\u00e4r landade det slut p\u00e5 FramSteget, ett av de m\u00e5nga sm\u00e5 bokf\u00f6rlag som drivs av lika stor lust som f\u00f6r aff\u00e4rernas skull.<\/p>\n<p>\u2013 Jag hade kontakt med Patrik Liljestrand, han var v\u00e4ldigt rak om hur det skulle g\u00f6ras. Han gillade det jag skrev. Det k\u00e4ndes sympatiskt. Och jag gillar det h\u00e4r med e-bok, s\u00e4ger Ulf Olsson som \u00e4nd\u00e5 h\u00e5ller \u00f6ppet f\u00f6r att <em>Hets<\/em> trycks p\u00e5 papper fram\u00f6ver.<\/p>\n<p><strong><em>Hets<\/em><\/strong><strong> handlar om Tony, som i romanens \u00f6ppning \u00e4r mitt uppe i ett maniskt skov.<\/strong> Tony n\u00e4rmar sig de 50, beskrivningen av hans fysionomi speglar f\u00f6rfattarens yttre. \u00c4r <em>Hets<\/em> en nyckelroman om dig och dina punkkretsar? Kan vi l\u00e4sa in dig i Tony? Han har bipol\u00e4r sjukdom? Du har bipol\u00e4r sjukdom?<\/p>\n<p>Ulf Olsson \u00e4r b\u00e5de t\u00e5lmodig och \u00f6ppen. Nej, <em>Hets<\/em> \u00e4r ingen nyckelroman och han och Tony \u00e4r inte varandras spegelbilder \u00e4ven om de har mycket gemensamt.<\/p>\n<p>\u2013 Det \u00e4r enklast s\u00e5, att ta n\u00e5n som \u00e4r lik en sj\u00e4lv, men sedan f\u00f6rs\u00e4tta honom i tillst\u00e5nd, h\u00e4ndelser.<\/p>\n<p><em>Hets<\/em> gestaltar hur det \u00e4r f\u00f6r en person med bipol\u00e4r sjukdom, det som tidigare var diagnosen manodepression. Men det \u00e4r en roman, inte en fallbeskrivning.<\/p>\n<p>\u2013 Romanen handlar egentligen om att f\u00f6rlora sitt jag i sjukdomen, i f\u00f6rlusten av mamman och inf\u00f6r Gud, s\u00e4ger Ulf Olsson.<\/p>\n<p><strong>Det var n\u00e4r f\u00f6rfattarens egen mor dog som han kom till skott med romanen. <\/strong>Tio dagar av intensivt skrivande, som sedan f\u00f6ljts av bearbetning, till och fr\u00e5n under n\u00e5gra \u00e5r, som gett den fl\u00f6dande verbala str\u00f6mmen punkter, skiljetecken, meningar och stor bokstav. Och \u00f6verf\u00f6ringen fr\u00e5n f\u00f6rsta person \u2013 jagformen \u2013 till tredje person \u2013 om Tony. Tio dagar, maniska eller kreativa?<\/p>\n<p>\u2013 Det \u00e4r sv\u00e5rt att skilja \u00e5t. Jag blir hypomanisk, det \u00e4r lite lugnare \u00e4n manisk, d\u00e5 \u00e4r jag praktisk och effektiv. Stegras det s\u00e5 blir det ett kaos.<\/p>\n<p>Han verkar lite n\u00f6jd med sin sjukdom, som till och med hj\u00e4lper honom att h\u00e5lla exemplariskt rent och fint i den v\u00e4lplanerade hyrestv\u00e5an p\u00e5 Albrektsv\u00e4gen. Men jag tror inte att det \u00e4r s\u00e5 enkelt.<\/p>\n<p>\u2013 Man f\u00e5r v\u00e4nda sina brister till n\u00e5got bra, om man ser det som en brist eller tillg\u00e5ng. Men hos mig finns n\u00e5got som pockar p\u00e5.<\/p>\n<p>Den andra sidan d\u00e5, depressionen? Kan inte den anv\u00e4ndas till n\u00e5got?<\/p>\n<p>\u2013 Ja det \u00e4r det vanligaste tillst\u00e5ndet, inte s\u00e5 kreativt. Man kan skriva om minnet av den, l\u00e4gger han till, snarast motvilligt. I depressionen finns inte lustskrivandet, p\u00e5 sin h\u00f6jd ett journalistiskt skrivande, kanske en kr\u00f6nika.<\/p>\n<p><strong>Ulf Olsson har alltid varit en skrivande person, poet och prosaf\u00f6rfattare.<\/strong> Den nu utgivna romanen \u00e4r hans \u00e5ttonde. Men den f\u00f6rsta som blir utgiven.<\/p>\n<p>\u2013 I b\u00f6rjan n\u00e4r jag skrev p\u00e5 1990-talet s\u00e5 trodde jag att jag m\u00e5ste sitta och v\u00e4nta in inspirationen. Men nu vet jag, det \u00e4r m\u00e4rkligt, att om jag b\u00f6rjar s\u00e5 kommer det bara. Fingrarna hinner knappt med att skriva.<\/p>\n<p>Att spr\u00e5ket fl\u00f6dar kanske inte \u00e4r konstigt f\u00f6r den med bipol\u00e4r sjukdom, men Ulf Olsson har ett osedvanligt rikt spr\u00e5k som \u00e4r omv\u00e4xlande och fyllt av \u00f6verraskande bilder.<\/p>\n<p>\u2013 Det \u00e4r vad jag vill. \u00d6verraska. Hellre rensa i efterhand \u00e4n skriva till. Men jag vill inte \u00e4ndra f\u00f6r att det ska passa n\u00e5gon annan.<\/p>\n<p>\u2013 Hj\u00e4rtats r\u00f6st \u00e4r ju den sanna.<\/p>\n<p><strong><em>Hets<\/em><\/strong><strong> skrevs 2008, bearbetningen har gjort till och fr\u00e5n under \u00e5ren sedan dess.<\/strong> Det stod n\u00e4mligen tidigt klart att direktupplevelsen fr\u00e5n det maniska fl\u00f6det inte var direkt l\u00e4sarv\u00e4nligt. Titeln kom till f\u00f6rst i h\u00f6stas, arbetstiteln var l\u00e4nge <em>Die Hard<\/em>.<\/p>\n<p>\u2013 Jag s\u00e5g <em>Hets<\/em> p\u00e5 tv, filmen med Stig J\u00e4rrel, och t\u00e4nkte att det passade bra. Det \u00e4r ett begrepp som folk k\u00e4nner till. Ungef\u00e4r som <em>Mein Kampf<\/em>.<\/p>\n<p>Men den titeln har ju norsksvenske f\u00f6rfattarkollegan Karl Ove Knausg\u00e5rd redan lagt beslag p\u00e5.<\/p>\n<p><em>Text &amp; foto: Ann-Charlotte Sandelin<\/em><\/p>\n<p>&nbsp;<\/p>\n<p>L\u00c4NKAR<br \/>\nFramSteget bokf\u00f6rlag <a title=\"FramSteget\" href=\"http:\/\/www.framsteget.net\/forlag\/\" target=\"_blank\">hemsida<br \/>\n<\/a>Hets en lysande, sorglig historia <a title=\"Hets en lysande, sorglig historia (recension)\" href=\"https:\/\/www.kultursidan.nu\/?p=3359\" target=\"_blank\"> recension<\/a> Kultursidan.nu 30\/11 2011<\/p>\n<p>&nbsp;<\/p>\n<p>BILDSPEL (FLASH) \u2013 KLICKA P\u00c5 BILDEN <em>ALT\/MOBIL: SE BILDSPELET <a title=\"Bildspel\" href=\"https:\/\/www.flickr.com\/photos\/kultursidan\/sets\/72157628206382993\/show\/\" target=\"_blank\">H\u00c4R<\/a><\/em><br \/>\n<object width=\"400\" height=\"300\"><param name=\"flashvars\" value=\"offsite=true&amp;lang=en-us&amp;page_show_url=%2Fphotos%2Fkultursidan%2Fsets%2F72157628206382993%2Fshow%2F&amp;page_show_back_url=%2Fphotos%2Fkultursidan%2Fsets%2F72157628206382993%2F&amp;set_id=72157628206382993&amp;jump_to=\" \/><param name=\"movie\" value=\"https:\/\/www.flickr.com\/apps\/slideshow\/show.swf?v=1811922554\" \/><param name=\"allowFullScreen\" value=\"true\" \/><\/object><\/p>\n","protected":false},"excerpt":{"rendered":"<p>NORRK\u00d6PING Tio dagars intensivt skrivfl\u00f6de gav en l\u00e5ng och ol\u00e4slig roman. Efter n\u00e5gra \u00e5rs bearbetning, till och fr\u00e5n, debuterar nu Ulf Olsson med romanen Hets. <a class=\"continue-reading-link\" href=\"https:\/\/www.kultursidan.nu\/?p=3348\">L\u00e4s mer <span class=\"meta-nav\">&rarr; <\/span><\/a><\/p>\n","protected":false},"author":1001006,"featured_media":0,"comment_status":"closed","ping_status":"open","sticky":false,"template":"","format":"standard","meta":{"_jetpack_memberships_contains_paid_content":false,"footnotes":""},"categories":[64,7],"tags":[16],"class_list":["post-3348","post","type-post","status-publish","format-standard","hentry","category-litteratur-2","category-norrkoping","tag-litteratur"],"jetpack_featured_media_url":"","jetpack_sharing_enabled":true,"_links":{"self":[{"href":"https:\/\/www.kultursidan.nu\/index.php?rest_route=\/wp\/v2\/posts\/3348","targetHints":{"allow":["GET"]}}],"collection":[{"href":"https:\/\/www.kultursidan.nu\/index.php?rest_route=\/wp\/v2\/posts"}],"about":[{"href":"https:\/\/www.kultursidan.nu\/index.php?rest_route=\/wp\/v2\/types\/post"}],"author":[{"embeddable":true,"href":"https:\/\/www.kultursidan.nu\/index.php?rest_route=\/wp\/v2\/users\/1001006"}],"replies":[{"embeddable":true,"href":"https:\/\/www.kultursidan.nu\/index.php?rest_route=%2Fwp%2Fv2%2Fcomments&post=3348"}],"version-history":[{"count":0,"href":"https:\/\/www.kultursidan.nu\/index.php?rest_route=\/wp\/v2\/posts\/3348\/revisions"}],"wp:attachment":[{"href":"https:\/\/www.kultursidan.nu\/index.php?rest_route=%2Fwp%2Fv2%2Fmedia&parent=3348"}],"wp:term":[{"taxonomy":"category","embeddable":true,"href":"https:\/\/www.kultursidan.nu\/index.php?rest_route=%2Fwp%2Fv2%2Fcategories&post=3348"},{"taxonomy":"post_tag","embeddable":true,"href":"https:\/\/www.kultursidan.nu\/index.php?rest_route=%2Fwp%2Fv2%2Ftags&post=3348"}],"curies":[{"name":"wp","href":"https:\/\/api.w.org\/{rel}","templated":true}]}}