{"id":3359,"date":"2011-11-30T10:58:42","date_gmt":"2011-11-30T09:58:42","guid":{"rendered":"https:\/\/intelligent-friend-7861.standoutwp.com\/?p=3359"},"modified":"2014-09-01T07:56:00","modified_gmt":"2014-09-01T06:56:00","slug":"hets-en-lysande-sorglig-historia-recension","status":"publish","type":"post","link":"https:\/\/www.kultursidan.nu\/?p=3359","title":{"rendered":"Hets en lysande, sorglig historia (recension)"},"content":{"rendered":"<p><iframe loading=\"lazy\" src=\"https:\/\/www.flickr.com\/photos\/kultursidan\/6425369715\/in\/set-72157628206382993\/player\/\" width=\"305\" height=\"500\" frameborder=\"0\" allowfullscreen=\"allowfullscreen\"><\/iframe><\/p>\n<p><em>En lysande roman med ett laddat spr\u00e5k.<\/em><\/p>\n<p>&nbsp;<\/p>\n<h1><span style=\"color: #ff0000;\">Snabbt, h\u00e5rt, oroligt och samtidigt roligt<\/span><\/h1>\n<p>&nbsp;<\/p>\n<p><strong>\u201dHuk er i b\u00e4nkarna, gubber o k\u00e4rringar, f\u00f6r nu laddar han om\u2026\u201d\u2028<\/strong> Orden fr\u00e5n Tage Erlander n\u00e4r han en g\u00e5ng i tiden g\u00e4stade Lennart Hyland i Hylands h\u00f6rna, kommer till mig vid l\u00e4sandet av Ulf Olssons roman med det korta och mycket passande namnet <em>Hets<\/em>. F\u00f6r jag ser framf\u00f6r mig hur f\u00f6rfattaren laddar sin Ak 4 \u2013 inte med patroner, men v\u00e4l med ord \u2013 och skjuter. Ra ta ta ta\u2026<\/p>\n<p>Smattret \u00e4r h\u00e5rt, det g\u00e4ller att vara beredd. Det \u00e4r alls inte som Ulf Lundells romaner d\u00e4r orden faller \u00f6ver l\u00e4saren som en v\u00e5g som man frustande kommer ur, bara f\u00f6r att se n\u00e4sta v\u00e5g n\u00e4rma sig. H\u00e4r \u00e4r det hetsigt smattrande, i staccato. Snabbt, h\u00e5rt, oroligt men samtidigt roligt. Ja, det \u00e4r ett roligt s\u00e4tt att behandla spr\u00e5ket p\u00e5. Det m\u00e5ste vara ett roligt s\u00e4tt att skriva p\u00e5. Och jag, som l\u00e4sare, njuter i fulla drag.<\/p>\n<p>N\u00e4r Ulf Lundell skriver en roman spekuleras alltid huruvida och i s\u00e5 fall hur mycket f\u00f6rfattaren anv\u00e4nt sig sj\u00e4lv. Jag vet att d\u00e4r finns vissa likheter mellan Tony, romanens huvudperson, och f\u00f6rfattaren, Ulf Olsson. \u00a0Exempelvis har de l\u00e4genhet p\u00e5 samma gata. Men jag v\u00e4ljer att l\u00e4sa boken som ren fiktion. Det vill s\u00e4ga att jag bortser fr\u00e5n alla eventuella likheter.<\/p>\n<p><strong><em>Hets<\/em>, handlar allts\u00e5 om Tony.<\/strong> Tony vars kvinna en dag tar med sig barnen och l\u00e4mnar honom, med motiveringen att han \u00e4r sjuk och beh\u00f6ver hj\u00e4lp. N\u00e4r han tillfrisknat ska hon komma tillbaka, s\u00e4ger hon.<\/p>\n<p>Tony som avskyr allt med och hos sig sj\u00e4lv. Har han alltid hatat sig? Ja, han tror det. Tony som s\u00f6kt hj\u00e4lp hos Leija, och f\u00f6r henne ber\u00e4ttat detta hemska, detta som han aldrig tidigare ber\u00e4ttat f\u00f6r n\u00e5gon. Att han blivit sexuellt utnyttjad. Av en manlig barnvakt. N\u00e4r han nu \u00e4ntligen v\u00e5gar ber\u00e4tta avbryter Leija med orden: \u201dDu beh\u00f6ver inte ber\u00e4tta\u201d. Tony blir alldeles f\u00f6rvirrad. Han som trodde det var d\u00e4rf\u00f6r han s\u00f6kt hj\u00e4lp, f\u00f6r att \u00e4ntligen kunna f\u00f6rm\u00e5 sig att ber\u00e4tta.<\/p>\n<p>N\u00e4r han kommer hem vet han inte om det har h\u00e4nt. Har han ber\u00e4ttat? Har Lena stuckit? Vad \u00e4r det f\u00f6r dag? Tisdag? Varf\u00f6r \u00e4r det alltid tisdag? Och varf\u00f6r \u00e4r det alltid f\u00f6rmiddag? Och varf\u00f6r kan han aldrig gr\u00e5ta? Och aldrig sova? Och aldrig d\u00f6, n\u00e4r han sj\u00e4lv vill?<\/p>\n<p>Inte ens n\u00e4r mamma d\u00f6r kan Tony gr\u00e5ta. Han blir arg f\u00f6r det. Och han blir arg f\u00f6r att mamma tar s\u00e5 mycket plats. N\u00e4stan mer \u00e4n n\u00e4r hon levde.\u2028Tony lever ett f\u00f6rvirrat liv, han vet inte sj\u00e4lv om det \u00e4r dr\u00f6m eller verklighet. \u00c4n mindre vet l\u00e4saren alltid det?<\/p>\n<p><strong>Och \u00e4ven om det egentligen \u00e4r en sorglig historia om Tony som lider av en bipol\u00e4r sjukdom och som h\u00e5ller p\u00e5 att f\u00f6rlora allt det hans tillvaro hittills byggt p\u00e5, s\u00e5 \u00e4r det h\u00e4r roligt.<\/strong> Jag finner mig sj\u00e4lv gapskratta flera g\u00e5nger. Bland Tonys m\u00e5nga inre monologer konstaterar han exempelvis att \u201ddet finns f\u00f6r m\u00e5nga tredjedelar\u201d eller att han\u201d inte vill vara enskild \u2013 vem fan vill vara enskild?\u201d Ja, d\u00e5 skrattar jag h\u00f6gt.<\/p>\n<p>Det l\u00e5ter inte s\u00e5 mycket s\u00e5 h\u00e4r, taget ur sitt sammanhang. Men l\u00e4s boken s\u00e5 hamnar exemplen i ett sammanhang.<\/p>\n<p>Ulf Olsson har skrivit om en person som befinner sig i en minst sagt jobbig situation, men gjort det p\u00e5 ett roligt s\u00e4tt. I mitt tycke \u00e4r det en lysande roman. Jag hoppas att den ocks\u00e5 lanseras i tryckt format och inte bara som e-bok. Dessutom hoppas jag att vi f\u00e5r l\u00e4sa fler b\u00f6cker fr\u00e5n f\u00f6rfattaren som har ett s\u00e4tt att behandla spr\u00e5ket som tilltalar mig.<\/p>\n<p><em>Eva Lindblad<\/em><\/p>\n<p>&nbsp;<\/p>\n<ul>\n<li>\n<h3>Roman<\/h3>\n<\/li>\n<li><strong>Hets<\/strong><br \/>\nUlf Olsson<br \/>\n<em>FramSteget f\u00f6rlag<\/em><\/li>\n<\/ul>\n<p>&nbsp;<\/p>\n<p>L\u00c4NKAR<br \/>\nFramSteget <a title=\"FramSteget\" href=\"http:\/\/www.framsteget.net\/forlag\/\" target=\"_blank\">hemsida<\/a><br \/>\nUlf Olsson romandebuterar med Hets <a title=\"Ulf Olsson romandebuterar med Hets\" href=\"https:\/\/www.kultursidan.nu\/?p=3348\" target=\"_blank\">intervju<\/a> Kultursidan.nu 29\/11 2011<\/p>\n<p>BILDSPEL (FLASH) \u2013 KLICKA P\u00c5 BILDEN <em>ALT\/MOBIL: SE BILDSPELET <a title=\"Bildspel\" href=\"https:\/\/www.flickr.com\/photos\/kultursidan\/sets\/72157628206382993\/show\/\" target=\"_blank\">H\u00c4R<\/a><\/em><br \/>\n<object width=\"400\" height=\"300\"><param name=\"flashvars\" value=\"offsite=true&#038;lang=en-us&#038;page_show_url=%2Fphotos%2Fkultursidan%2Fsets%2F72157628206382993%2Fshow%2F&#038;page_show_back_url=%2Fphotos%2Fkultursidan%2Fsets%2F72157628206382993%2F&#038;set_id=72157628206382993&#038;jump_to=\"><\/param><param name=\"movie\" value=\"https:\/\/www.flickr.com\/apps\/slideshow\/show.swf?v=1811922554\"><\/param><param name=\"allowFullScreen\" value=\"true\"><\/param><\/object><\/p>\n","protected":false},"excerpt":{"rendered":"<p>HETS Ulf Olssons roman oroar och roar.<br \/>\n <a class=\"continue-reading-link\" href=\"https:\/\/www.kultursidan.nu\/?p=3359\">L\u00e4s mer <span class=\"meta-nav\">&rarr; <\/span><\/a><\/p>\n","protected":false},"author":1001006,"featured_media":0,"comment_status":"closed","ping_status":"closed","sticky":false,"template":"","format":"standard","meta":{"_jetpack_memberships_contains_paid_content":false,"footnotes":""},"categories":[64],"tags":[16],"class_list":["post-3359","post","type-post","status-publish","format-standard","hentry","category-litteratur-2","tag-litteratur"],"jetpack_featured_media_url":"","jetpack_sharing_enabled":true,"_links":{"self":[{"href":"https:\/\/www.kultursidan.nu\/index.php?rest_route=\/wp\/v2\/posts\/3359","targetHints":{"allow":["GET"]}}],"collection":[{"href":"https:\/\/www.kultursidan.nu\/index.php?rest_route=\/wp\/v2\/posts"}],"about":[{"href":"https:\/\/www.kultursidan.nu\/index.php?rest_route=\/wp\/v2\/types\/post"}],"author":[{"embeddable":true,"href":"https:\/\/www.kultursidan.nu\/index.php?rest_route=\/wp\/v2\/users\/1001006"}],"replies":[{"embeddable":true,"href":"https:\/\/www.kultursidan.nu\/index.php?rest_route=%2Fwp%2Fv2%2Fcomments&post=3359"}],"version-history":[{"count":0,"href":"https:\/\/www.kultursidan.nu\/index.php?rest_route=\/wp\/v2\/posts\/3359\/revisions"}],"wp:attachment":[{"href":"https:\/\/www.kultursidan.nu\/index.php?rest_route=%2Fwp%2Fv2%2Fmedia&parent=3359"}],"wp:term":[{"taxonomy":"category","embeddable":true,"href":"https:\/\/www.kultursidan.nu\/index.php?rest_route=%2Fwp%2Fv2%2Fcategories&post=3359"},{"taxonomy":"post_tag","embeddable":true,"href":"https:\/\/www.kultursidan.nu\/index.php?rest_route=%2Fwp%2Fv2%2Ftags&post=3359"}],"curies":[{"name":"wp","href":"https:\/\/api.w.org\/{rel}","templated":true}]}}