{"id":33626,"date":"2017-11-21T12:16:33","date_gmt":"2017-11-21T11:16:33","guid":{"rendered":"https:\/\/intelligent-friend-7861.standoutwp.com\/?p=33626"},"modified":"2017-11-21T12:16:33","modified_gmt":"2017-11-21T11:16:33","slug":"bjallerklang-varm-julshow-i-horsalen","status":"publish","type":"post","link":"https:\/\/www.kultursidan.nu\/?p=33626","title":{"rendered":"Bj\u00e4llerklang \u2013 varm julshow i H\u00f6rsalen"},"content":{"rendered":"<p><img loading=\"lazy\" decoding=\"async\" class=\"alignnone size-medium wp-image-33627\" src=\"https:\/\/www.kultursidan.nu\/wp-content\/uploads\/2017\/11\/IMG_20171118_124302-567x412.jpg\" alt=\"\" width=\"567\" height=\"412\" srcset=\"https:\/\/www.kultursidan.nu\/wp-content\/uploads\/2017\/11\/IMG_20171118_124302-567x412.jpg 567w, https:\/\/www.kultursidan.nu\/wp-content\/uploads\/2017\/11\/IMG_20171118_124302-768x559.jpg 768w, https:\/\/www.kultursidan.nu\/wp-content\/uploads\/2017\/11\/IMG_20171118_124302-1024x745.jpg 1024w, https:\/\/www.kultursidan.nu\/wp-content\/uploads\/2017\/11\/IMG_20171118_124302-458x333.jpg 458w, https:\/\/www.kultursidan.nu\/wp-content\/uploads\/2017\/11\/IMG_20171118_124302-150x109.jpg 150w, https:\/\/www.kultursidan.nu\/wp-content\/uploads\/2017\/11\/IMG_20171118_124302.jpg 1280w\" sizes=\"auto, (max-width: 567px) 100vw, 567px\" \/><br \/>\n<em>Luciat\u00e5g. Solveig Bergqvist med s\u00e4llskap ser tillbaka p\u00e5 hur julen firades f\u00f6rr och \u00e4ven vad som var inne under olika \u00e5rtionden.\u00a0 \u00a0 \u00a0 \u00a0 \u00a0<\/em><\/p>\n<p>&nbsp;<\/p>\n<h1><span style=\"color: #ff0000;\">Gemenskapens och v\u00e4rmens h\u00f6gtid<\/span><\/h1>\n<p>&nbsp;<\/p>\n<p>RECENSION\/NORRK\u00d6PING <strong>En nostalgishow inslagen i julpapper p\u00e5 H\u00f6rsalen i Norrk\u00f6ping<\/strong>. Solveig Bergqvist ser tillbaka p\u00e5 de olika jularna i sitt liv. Barndomen p\u00e5 1950-talet, ton\u00e5rens 1960-tal och vuxen- och f\u00f6r\u00e4ldraskapet p\u00e5 1970-talet.<\/p>\n<p><strong>Solveig Bergqvist ser tillbaka p\u00e5 g\u00e5ngna jular.<\/strong> Tidig barndom 1956 i en liten by i V\u00e4sterbotten d\u00e4r pappa arbetade som gruvarbetare och mamma var hemmafru. Grannarna hade namn som Bergsten och Malmsten.<\/p>\n<p>\u2013 Sj\u00e4lva valde vi Berg, med qvist i slutet f\u00f6r att mjuka upp det lite.<\/p>\n<p>Familjen hade till och med olika stensorter som julpynt i sitt hem.<\/p>\n<p>Historien ber\u00e4ttas med nedslag i Solveigs liv med sl\u00f6jdl\u00e4rarinnan med tysk brytning, f\u00e5ordade morbr\u00f6der och den r\u00e5barkade mamman, f\u00f6r att n\u00e4mna n\u00e5gra komiska h\u00f6jdpunkter.<\/p>\n<p>Solveig ber\u00e4ttar om sn\u00f6sparkar och Algots tyg och v\u00e4nder sig d\u00e5 och d\u00e5 till publiken och fr\u00e5gar om de minns. Majoriteten av publiken v\u00e4xte upp eller var unga p\u00e5 femtiotalet och \u00e4r med p\u00e5 noterna.<\/p>\n<p><strong>Med p\u00e5 scen \u00e4r \u00e4ven Cecilia Kyllinge, Anders Larm och Jan-Olof Jonsson som dyker upp i varierande karakt\u00e4rer.<\/strong> Sketcherna som f\u00f6r handlingen fram\u00e5t \u00e4r v\u00e4lgjorda. M\u00e5nga juls\u00e5nger, som <em>Hej mitt vinterland<\/em> och <em>Bj\u00e4llerklang<\/em>, men \u00e4ven l\u00e5tar av och med Alice Babs och Povel Ramel. Alla i gruppen bidrar med s\u00e5ng och med komp p\u00e5 bas och gitarr fr\u00e5n herrarna.<\/p>\n<p>Julen \u00e4r gemenskapens och v\u00e4rmens h\u00f6gtid. Men \u00e4ven en gnutta vemod, s\u00e4rskilt med en l\u00e5t d\u00e4r en textrad lyder <em>Ett vinter\u00e4pple f\u00f6r tankarna till jularna f\u00f6rr.<\/em><\/p>\n<p>&nbsp;<\/p>\n<p><img loading=\"lazy\" decoding=\"async\" src=\"https:\/\/farm5.staticflickr.com\/4542\/38526811352_ea13bb31fc.jpg\" alt=\"Bj\u00e4llerklang\" width=\"500\" height=\"365\" \/><br \/>\n<em>Samspelta. Handlingen f\u00f6rs fram\u00e5t av sketcher och s\u00e5ngnummer.<\/em><\/p>\n<p>&nbsp;<\/p>\n<p><strong>P\u00e5 Juldagskv\u00e4llen 1966 smiter sexton\u00e5riga Solveig ut till Folkets hus trots att pappa sagt nej.<\/strong><\/p>\n<p>\u2013 Han har nog n\u00e5gon slags femtio\u00e5rskris.<\/p>\n<p>Kanske finns det en chans till en dans med Bengt-Arne, byns snyggaste kille? Sven Ingvars \u00e4r d\u00e4r och spelar <em>Ett litet r\u00f6tt paket<\/em>.<\/p>\n<p><strong>Nu \u00e4r vi framme vid 1976.<\/strong> Solveig \u00e4r vuxen och har ett eget barn och h\u00e4r tar Cecilia Kyllinge en st\u00f6rre roll.<\/p>\n<p>\u2013 Vet ni om att vi \u00e4r mor och dotter? fr\u00e5gar hon publiken.<\/p>\n<p>Cecilia ber\u00e4ttar om de alternativa jularna, med kamps\u00e5nger, totala fr\u00e4mlingar som g\u00e4ster och dans kring familjens Benjaminfikus ist\u00e4llet f\u00f6r gran. Mamma Solveig ler generat.<\/p>\n<p><strong>Kalle Ankas jul p\u00e5 tv gick bra iallafall.<\/strong> G\u00e4nget bjuder p\u00e5 ett medley av till exempel <em>M\u00f6ssens arbetss\u00e5ng<\/em> fr\u00e5n Askungen, ikl\u00e4dda stora mus\u00f6ron och bj\u00f6rnen Baloos paradnummer <em>Var n\u00f6jd med allt som livet ger<\/em>.<\/p>\n<p>Kritiken mot kommersialismen finns kvar \u00e4n, d\u00e5 de konstaterar att vi i Sverige spenderar 75 miljarder kronor kring jul varje \u00e5r. Men Solveig \u00e4r \u00e4nd\u00e5 glad f\u00f6r alla de som t\u00e4nder ett ljus.<\/p>\n<p><strong>Kv\u00e4llen avslutas med bland annat <em>Stilla natt<\/em> p\u00e5 olika spr\u00e5k och en finst\u00e4md <em>Julen \u00e4r h\u00e4r<\/em>.<\/strong> N\u00e5gon riktig julk\u00e4nsla infann sig inte hos mig i novemberm\u00f6rkret men jag hade en trevlig kv\u00e4ll \u00e4nd\u00e5.<\/p>\n<p>\u00a9 <em>Text<\/em>: <em>Anton Augustsson<\/em><br \/>\n\u00a9 <em>Foto: Maria Nordb\u00f6<\/em><\/p>\n<blockquote>\n<h3><em>H\u00d6RSALEN Norrk\u00f6ping<\/em><\/h3>\n<p>17 November 2017<br \/>\n<strong><em>Bj\u00e4llerklang &#8211; en 50, 60- &amp; 70-talsshow om julen<br \/>\n<\/em><\/strong><em> Arr: Riksteaterf\u00f6reningen KariN<\/em><\/p>\n<p style=\"padding-left: 30px;\"><em>MEDVERKANDE<\/em><br \/>\n<em> Solveig Bergqvist Larsson<\/em><br \/>\n<em> Cecilia Kyllinge<\/em><br \/>\n<em> Jan-Olof Jonsson<\/em><br \/>\n<em> Anders Larm<\/em><\/p>\n<\/blockquote>\n<p>L\u00c4NKAR<br \/>\nSolveig Bergqvist Larsson <a href=\"http:\/\/www.solpennan.com\" target=\"_blank\" rel=\"noopener\">hemsida<\/a><br \/>\nHumor, musik &amp; allvar <a href=\"http:\/\/www.humormusikochallvar.nu\" target=\"_blank\" rel=\"noopener\">hemsida <\/a><br \/>\nRiksteaterf\u00f6reningen KariN <a href=\"http:\/\/karin.riksteatern.se\" target=\"_blank\" rel=\"noopener noreferrer\">hemsida<\/a> <a href=\"https:\/\/www.facebook.com\/karin.riksteatern\/?fref=ts\" target=\"_blank\" rel=\"noopener noreferrer\">Facebook<\/a><\/p>\n","protected":false},"excerpt":{"rendered":"<p>NORRK\u00d6PING En nostalgishow inslagen i julpapper p\u00e5 H\u00f6rsalen i Norrk\u00f6ping. Solveig Bergqvist ser tillbaka p\u00e5 de olika jularna i sitt liv. Barndomen p\u00e5 1950-talet, ton\u00e5rens 1960-tal och vuxen- och f\u00f6r\u00e4ldraskapet p\u00e5 1970-talet.  <a class=\"continue-reading-link\" href=\"https:\/\/www.kultursidan.nu\/?p=33626\">L\u00e4s mer <span class=\"meta-nav\">&rarr; <\/span><\/a><\/p>\n","protected":false},"author":1001006,"featured_media":0,"comment_status":"closed","ping_status":"open","sticky":false,"template":"","format":"standard","meta":{"_jetpack_memberships_contains_paid_content":false,"footnotes":""},"categories":[7],"tags":[13,12],"class_list":["post-33626","post","type-post","status-publish","format-standard","hentry","category-norrkoping","tag-musik","tag-teater"],"jetpack_featured_media_url":"","jetpack_sharing_enabled":true,"_links":{"self":[{"href":"https:\/\/www.kultursidan.nu\/index.php?rest_route=\/wp\/v2\/posts\/33626","targetHints":{"allow":["GET"]}}],"collection":[{"href":"https:\/\/www.kultursidan.nu\/index.php?rest_route=\/wp\/v2\/posts"}],"about":[{"href":"https:\/\/www.kultursidan.nu\/index.php?rest_route=\/wp\/v2\/types\/post"}],"author":[{"embeddable":true,"href":"https:\/\/www.kultursidan.nu\/index.php?rest_route=\/wp\/v2\/users\/1001006"}],"replies":[{"embeddable":true,"href":"https:\/\/www.kultursidan.nu\/index.php?rest_route=%2Fwp%2Fv2%2Fcomments&post=33626"}],"version-history":[{"count":15,"href":"https:\/\/www.kultursidan.nu\/index.php?rest_route=\/wp\/v2\/posts\/33626\/revisions"}],"predecessor-version":[{"id":33644,"href":"https:\/\/www.kultursidan.nu\/index.php?rest_route=\/wp\/v2\/posts\/33626\/revisions\/33644"}],"wp:attachment":[{"href":"https:\/\/www.kultursidan.nu\/index.php?rest_route=%2Fwp%2Fv2%2Fmedia&parent=33626"}],"wp:term":[{"taxonomy":"category","embeddable":true,"href":"https:\/\/www.kultursidan.nu\/index.php?rest_route=%2Fwp%2Fv2%2Fcategories&post=33626"},{"taxonomy":"post_tag","embeddable":true,"href":"https:\/\/www.kultursidan.nu\/index.php?rest_route=%2Fwp%2Fv2%2Ftags&post=33626"}],"curies":[{"name":"wp","href":"https:\/\/api.w.org\/{rel}","templated":true}]}}