{"id":3369,"date":"2011-11-30T13:09:11","date_gmt":"2011-11-30T12:09:11","guid":{"rendered":"https:\/\/intelligent-friend-7861.standoutwp.com\/?p=3369"},"modified":"2014-11-16T20:33:20","modified_gmt":"2014-11-16T19:33:20","slug":"lars-eje-larsson-visar-akvareller-pa-galleri-sander","status":"publish","type":"post","link":"https:\/\/www.kultursidan.nu\/?p=3369","title":{"rendered":"Lars Eje Larsson visar akvareller p\u00e5 Galleri Sander"},"content":{"rendered":"<p><iframe loading=\"lazy\" src=\"https:\/\/www.flickr.com\/photos\/kultursidan\/6430288799\/in\/set-72157628218148941\/player\/\" width=\"500\" height=\"331\" frameborder=\"0\" allowfullscreen=\"allowfullscreen\"><\/iframe><br \/>\n<em>Uts\u00f6kta akvareller i lockande, l\u00e4ckra f\u00e4rger av Lars Eje Larsson.<\/em><\/p>\n<p>&nbsp;<\/p>\n<h1><span style=\"color: #ff0000;\">Sk\u00f6na sk\u00e5lar av skicklig hand<\/span><\/h1>\n<p>&nbsp;<\/p>\n<p><strong>Akvareller av konstn\u00e4ren Lars Eje Larsson fr\u00e5n G\u00f6teborg har intagit v\u00e4ggarna p\u00e5 Galleri Sander. <\/strong>Samtliga, vad jag kan se dagen f\u00f6re vernissage, stilleben med sk\u00e5lar och vaser.<\/p>\n<p>Lars Eje Larsson \u00e4r skicklig, han vet n\u00e4r han ska tillf\u00f6ra f\u00e4rg och n\u00e4r han inte ska g\u00f6ra det. Ibland fyller han, n\u00e4stan, hela papperet. Oftare l\u00e5ter han bli. Penself\u00f6ring, fl\u00f6dig eller tunn, byts mot bl\u00e5sta linjer som spretar iv\u00e4g och rinner. F\u00e4rgskalan \u00e4r lockande l\u00e4cker d\u00e4r de stora m\u00e5lningarna h\u00e4nger invid varandra: kontrastverkande gult mot bl\u00e5tt, r\u00f6tt mot gr\u00f6nt.<\/p>\n<p>St\u00f6rst och vackrast, tv\u00e5 stora bilder med var sin sk\u00e5l, h\u00e4nger p\u00e5 den gr\u00e5 v\u00e4ggen mittemot ing\u00e5ngen. Just h\u00e4r vet konstn\u00e4ren att om\u00e5lat, sparsmakat, \u00e4r vackert.<\/p>\n<p><strong>Min enda inv\u00e4ndning \u00e4r att urvalet, denna koncentrat av stillebenm\u00e5leri <\/strong>\u2013 d\u00e4r omv\u00e4xlingen utg\u00f6rs av om motivet \u00e4r sk\u00e5l eller kanna, om det \u00e4r med frukter eller inte \u2013 andas mer av design, om \u00e4n unik f\u00f6r varje verk, \u00e4n av pr\u00f6vande konst. Det hade varit intressant att se andra motivkretsar; p\u00e5 hemsidan visar den flitige akvarellisten blommor, ansikten, figurer och milj\u00f6er. Han kan mer. Eller \u00e4r den krassa verkligheten att sk\u00e5lar s\u00e4ljer b\u00e4st?<\/p>\n<p><em>Text och foto: Ann-Charlotte Sandelin<\/em><\/p>\n<ul>\n<li>\n<h3>GALLERI SANDER Norrk\u00f6ping<\/h3>\n<\/li>\n<li><em>26 november \u2013 21 december 2011<br \/>\n<\/em><strong>Lars Eje Larsson<\/strong><br \/>\nAkvarell<\/li>\n<\/ul>\n<p>&nbsp;<\/p>\n<p>L\u00c4NKAR<br \/>\nGalleri Sander <a title=\"Galleri Sander\" href=\"http:\/\/www.gallerisander.se\/nkpg\/index.html\" target=\"_blank\">hemsida<\/a><br \/>\nLars Eje Larsson <a title=\"Lars Eje Larsson\" href=\"http:\/\/www.larsejelarsson.se\" target=\"_blank\">hemsida<\/a><\/p>\n<p>&nbsp;<\/p>\n<p>BILDSPEL (FLASH) \u2013 KLICKA P\u00c5 BILDEN <em>ALT\/MOBIL: SE BILDSPELET <a title=\"Bildspel\" href=\"https:\/\/www.flickr.com\/photos\/kultursidan\/sets\/72157628218148941\/show\/\" target=\"_blank\">H\u00c4R<\/a><\/em><br \/>\n<object width=\"400\" height=\"300\"><param name=\"flashvars\" value=\"offsite=true&amp;lang=en-us&amp;page_show_url=%2Fphotos%2Fkultursidan%2Fsets%2F72157628218148941%2Fshow%2F&amp;page_show_back_url=%2Fphotos%2Fkultursidan%2Fsets%2F72157628218148941%2F&amp;set_id=72157628218148941&amp;jump_to=\" \/><param name=\"movie\" value=\"https:\/\/www.flickr.com\/apps\/slideshow\/show.swf?v=1811922554\" \/><param name=\"allowFullScreen\" value=\"true\" \/><\/object><\/p>\n","protected":false},"excerpt":{"rendered":"<p>NORRK\u00d6PING Uts\u00f6kta akvareller i lockande, l\u00e4ckra f\u00e4rger. Men det upprepade urvalet av motiv visar f\u00f6r lite av konstn\u00e4ren.<br \/>\n <a class=\"continue-reading-link\" href=\"https:\/\/www.kultursidan.nu\/?p=3369\">L\u00e4s mer <span class=\"meta-nav\">&rarr; <\/span><\/a><\/p>\n","protected":false},"author":1001006,"featured_media":0,"comment_status":"closed","ping_status":"open","sticky":false,"template":"","format":"standard","meta":{"_jetpack_memberships_contains_paid_content":false,"footnotes":""},"categories":[7],"tags":[14],"class_list":["post-3369","post","type-post","status-publish","format-standard","hentry","category-norrkoping","tag-konst"],"jetpack_featured_media_url":"","jetpack_sharing_enabled":true,"_links":{"self":[{"href":"https:\/\/www.kultursidan.nu\/index.php?rest_route=\/wp\/v2\/posts\/3369","targetHints":{"allow":["GET"]}}],"collection":[{"href":"https:\/\/www.kultursidan.nu\/index.php?rest_route=\/wp\/v2\/posts"}],"about":[{"href":"https:\/\/www.kultursidan.nu\/index.php?rest_route=\/wp\/v2\/types\/post"}],"author":[{"embeddable":true,"href":"https:\/\/www.kultursidan.nu\/index.php?rest_route=\/wp\/v2\/users\/1001006"}],"replies":[{"embeddable":true,"href":"https:\/\/www.kultursidan.nu\/index.php?rest_route=%2Fwp%2Fv2%2Fcomments&post=3369"}],"version-history":[{"count":0,"href":"https:\/\/www.kultursidan.nu\/index.php?rest_route=\/wp\/v2\/posts\/3369\/revisions"}],"wp:attachment":[{"href":"https:\/\/www.kultursidan.nu\/index.php?rest_route=%2Fwp%2Fv2%2Fmedia&parent=3369"}],"wp:term":[{"taxonomy":"category","embeddable":true,"href":"https:\/\/www.kultursidan.nu\/index.php?rest_route=%2Fwp%2Fv2%2Fcategories&post=3369"},{"taxonomy":"post_tag","embeddable":true,"href":"https:\/\/www.kultursidan.nu\/index.php?rest_route=%2Fwp%2Fv2%2Ftags&post=3369"}],"curies":[{"name":"wp","href":"https:\/\/api.w.org\/{rel}","templated":true}]}}