{"id":33743,"date":"2017-11-29T12:51:56","date_gmt":"2017-11-29T11:51:56","guid":{"rendered":"https:\/\/intelligent-friend-7861.standoutwp.com\/?p=33743"},"modified":"2017-11-29T13:39:50","modified_gmt":"2017-11-29T12:39:50","slug":"text-och-spel-till-ostergotlands-bokmassa","status":"publish","type":"post","link":"https:\/\/www.kultursidan.nu\/?p=33743","title":{"rendered":"Text och spel till \u00d6sterg\u00f6tlands bokm\u00e4ssa"},"content":{"rendered":"<p><img loading=\"lazy\" decoding=\"async\" class=\"alignnone size-medium wp-image-33748\" src=\"https:\/\/www.kultursidan.nu\/wp-content\/uploads\/2017\/11\/15321056122_3e826d92b8_o-567x378.jpg\" alt=\"\" width=\"567\" height=\"378\" srcset=\"https:\/\/www.kultursidan.nu\/wp-content\/uploads\/2017\/11\/15321056122_3e826d92b8_o-567x378.jpg 567w, https:\/\/www.kultursidan.nu\/wp-content\/uploads\/2017\/11\/15321056122_3e826d92b8_o-768x512.jpg 768w, https:\/\/www.kultursidan.nu\/wp-content\/uploads\/2017\/11\/15321056122_3e826d92b8_o-1024x682.jpg 1024w, https:\/\/www.kultursidan.nu\/wp-content\/uploads\/2017\/11\/15321056122_3e826d92b8_o-500x333.jpg 500w, https:\/\/www.kultursidan.nu\/wp-content\/uploads\/2017\/11\/15321056122_3e826d92b8_o-150x100.jpg 150w, https:\/\/www.kultursidan.nu\/wp-content\/uploads\/2017\/11\/15321056122_3e826d92b8_o.jpg 1280w\" sizes=\"auto, (max-width: 567px) 100vw, 567px\" \/><br \/>\n<em>Kommer tillbaka. \u00d6sterg\u00f6tlands bokm\u00e4ssa Tellus fyller Huvudbiblioteket i Link\u00f6ping med ber\u00e4ttelser \u00e4ven i \u00e5r. P\u00e5 l\u00f6rdag \u00e4r det dags.<\/em><\/p>\n<p>&nbsp;<\/p>\n<h1><span style=\"color: #ff0000;\">Ber\u00e4ttelser och verklighet v\u00e4ver v\u00e5r v\u00e4rld<\/span><\/h1>\n<p>&nbsp;<\/p>\n<p>LINK\u00d6PING <strong>Boksl\u00e4pp. Och spelsl\u00e4pp. Teater.<\/strong> \u00d6sterg\u00f6tlands bokm\u00e4ssa Tellus tar ut sv\u00e4ngarna i Link\u00f6ping p\u00e5 l\u00f6rdag. Fr\u00e5n l\u00e4nets \u00f6stra delar kommer f\u00f6rfattare, illustrat\u00f6rer, f\u00f6rl\u00e4ggare och spelmakare. Teater Opulens ger en teaterf\u00f6rest\u00e4llning.<\/p>\n<p><strong>Vad vore en bokm\u00e4ssa utan boksl\u00e4pp?<\/strong> M\u00e4ssdrivande Dibb f\u00f6rlag sl\u00e4pper <em>Sveriges modernaste kommun \u2013 Link\u00f6ping p\u00e5 1990-talet<\/em> skriven av f\u00f6rra kommunalr\u00e5det Sven Lindgren. F\u00f6rfattaren ber\u00e4ttar om det politiska spelet bakom det som blev, som Link\u00f6pings Konsert &amp; Kongress och om det som inte blev, som regionflygplatsen Gothia Airport. Kunde det ha blivit annorlunda?<\/p>\n<p><strong>Men ett spelsl\u00e4pp \u00e4r v\u00e4l mer otippat?<\/strong> Catalope Games sl\u00e4pper bygg rymdskepp- och skjut fiender-spelet <em>Scrap Galaxy<\/em>. Spelf\u00f6retaget finns i Link\u00f6ping men h\u00e4lsade p\u00e5 i Norrk\u00f6ping under Kulturnatten.<\/p>\n<p>Att spel har samband med ber\u00e4ttelsen som ligger till till grund f\u00f6r litteraturen och d\u00e4rmed \u00e4ven f\u00f6r bokm\u00e4ssan Tellus bevisar Dimfrost fr\u00e5n Norrk\u00f6ping. Spelmakaren med det fantasieggande namnet \u00e4r ett av de fyra spelf\u00f6retag som deltar i bom\u00e4ssan Tellus. Mysteriespelet <em>A Writer and His Daughter<\/em> sl\u00e4pptes sent i augusti och handlar om en flicka som r\u00f6r sig mellan den verkliga v\u00e4rlden och en sagov\u00e4rld. Spelet \u00e4r \u00e4ven utvecklat f\u00f6r VR-teknik.<\/p>\n<p>&nbsp;<\/p>\n<p><a title=\"Daniel S\u00f6derqvist\" href=\"https:\/\/www.flickr.com\/photos\/kultursidan\/26943631799\/in\/album-72157666892199579\/\"><img loading=\"lazy\" decoding=\"async\" src=\"https:\/\/farm5.staticflickr.com\/4532\/26943631799_0e5a92b344.jpg\" alt=\"Daniel S\u00f6derqvist\" width=\"500\" height=\"333\" \/><\/a><br \/>\n<em>Daniel S\u00f6derqvist, vars hj\u00e4lte \u00e4r bosatt i Norrk\u00f6ping, vill p\u00e5verka l\u00e4saren med sina verklighetsn\u00e4ra sp\u00e4nningsromaner.<\/em><\/p>\n<p>&nbsp;<\/p>\n<p><strong>Men som f\u00f6rfattaren Bj\u00f6rn Ranelid kommer att understryka under bokm\u00e4ssan s\u00e5 \u00e4r det den mer traditionellt ber\u00e4ttade litteraturen som har den stora betydelsen f\u00f6r m\u00e4nskligheten.<\/strong> Verkligheten och texterna som g\u00e5r i och ur varandra, v\u00e4ver en v\u00e4rld som g\u00f6r att vi kan f\u00f6rst\u00e5 oss sj\u00e4lva och andra. \u00c4ven om n\u00e5gra av alla dessa texter \u00f6verf\u00f6rs till andra medier som film, teater eller spel.<\/p>\n<p>Allts\u00e5 \u00e4r det f\u00f6rfattarna som \u00e4r flest p\u00e5 l\u00f6rdag, merparten med anknytning till \u00d6sterg\u00f6tland. Fr\u00e5n l\u00e4nets \u00f6stra delar kommer en rad f\u00f6rfattare, som Sten Jeansson och Stina Nilsson Bassell men \u00e4ven illustrat\u00f6rer, f\u00f6rl\u00e4ggare och en omslagsmakare samt f\u00f6rmedlare. Se listan l\u00e4ngre ner.<\/p>\n<p><strong>En debutant \u00e4r Norrk\u00f6pingspolitikern Klas Corbelius med sin blodiga feelgoodroman <em>Fredsdrottningen<\/em>.<\/strong> Hj\u00e4ltinnan Juliana \u00e4r politiker liksom han sj\u00e4lv och boken har tagit fyra \u00e5r att skriva. Mer erfarna \u00e4r \u00c5ke Bjurhamn och Kerstin Rydelius, som nyligen sl\u00e4ppte<em> Crescendo till d\u00f6ds<\/em>, sjunde boken i serien om f.d. polisen Otto Wester.<\/p>\n<p><strong>Flest programpunkter \u00e4r f\u00f6rfattaren Melker Garay inblandad i, direkt eller indirekt.<\/strong> En ny bok l\u00e4r vara p\u00e5 g\u00e5ng men \u00e4r inte framme. D\u00e4remot puffar han f\u00f6r bokf\u00f6rlaget Opulens, som kom ut med f\u00f6rsta utg\u00e5van tidigt i h\u00f6stas. Dessutom st\u00e4ller han ut m\u00e5lningar p\u00e5 bibliotekets galleri V\u00e4nda sida. Slutligen ger teater Opulens en f\u00f6rest\u00e4llning av nyupps\u00e4ttningen av <em>Kinski och d\u00f6den<\/em>, som bygger p\u00e5 Garays bok <em>Josef Kinski och d\u00f6den<\/em>.<\/p>\n<p>&nbsp;<\/p>\n<p><a title=\"Emelie Schepp\" href=\"https:\/\/www.flickr.com\/photos\/kultursidan\/38001969244\/in\/album-72157666892199579\/\"><img loading=\"lazy\" decoding=\"async\" src=\"https:\/\/farm5.staticflickr.com\/4536\/38001969244_ea213b5a27.jpg\" alt=\"Emelie Schepp\" width=\"500\" height=\"333\" \/><\/a><br \/>\n<em>Popul\u00e4r. Emelie Schepp har slagit stort med sin serie om \u00e5klagaren Jana Berzelius som tillgriper oortodoxa metoder i sitt arbete.<\/em><\/p>\n<p>&nbsp;<\/p>\n<p><strong>85 utst\u00e4llare och n\u00e4ra 70 programpunkter fr\u00e5n allvarliga litteratursamtal till trollerishow.<\/strong> Men framf\u00f6rallt f\u00f6rfattare som ber\u00e4ttar om sina b\u00f6cker: romaner, ungdomsb\u00f6cker, barnb\u00f6cker, lyrik, deckare, fakta, historia, natur\u2026<\/p>\n<p>Affischnamnen \u00e4r flera. Som Birgitta Ohlsson, f.d. politiker, som ber\u00e4ttar om sin bok <em>Duktiga flickors revansch.<\/em> Emelie Schepp som \u00e4ven om hon sj\u00e4lv l\u00e4mnat Norrk\u00f6ping f\u00f6r Motala fortfarande l\u00e5ter sp\u00e4nningsserien om Jana Berzelius fr\u00e4mst utspelas i Norrk\u00f6ping. Det var h\u00e4r hon sl\u00e4ppte <em>Pappas pojke<\/em> under Augustifesten.<\/p>\n<p><strong>Andra f\u00f6rfattare som Tellus lyfter fram \u00e4r psykologen och f\u00f6rfattaren Jenny J\u00e4gerfeld, ursprungligen fr\u00e5n Sk\u00e4rblacka, som vill ge en r\u00f6st \u00e5t icke-normativa karakt\u00e4rer i sina b\u00f6cker.<\/strong> Hon skriver g\u00e4rna f\u00f6r en ung m\u00e5lgrepp, vilket \u00e4ven Sara L\u00f6vestam g\u00f6r n\u00e4r hon inte skriver om grammatik. Duon Sara Bergmark Elfgren och Mats Strandberg, skapare av Engelsfors-trilogin, kommer ocks\u00e5.<\/p>\n<p>Slutligen lyfter m\u00e4ssan fram Simona Ahrnstedt, psykolog som anv\u00e4nder den nya romancev\u00e5gen att lyfta viktiga \u00e4mnen. Nya romanen <em>Allt eller inget<\/em> handlar om k\u00e4rlek, v\u00e4nskap men ocks\u00e5 om kroppspositivism.<\/p>\n<p><em>\u00a9 Text och foto: Ann-Charlotte Sandelin<\/em><\/p>\n<blockquote>\n<h3><em>HUVUDBIBLIOTEKET Link\u00f6ping<\/em><\/h3>\n<p><em>2 december 2017<\/em><br \/>\n<strong><em>\u00d6sterg\u00f6tlands bokm\u00e4ssa Tellus\u2028<\/em><\/strong><\/p>\n<p style=\"padding-left: 30px;\"><em>MEDVERKANDE med anknytning till Norrk\u00f6ping\/S\u00f6derk\u00f6ping<\/em><\/p>\n<p style=\"padding-left: 30px;\"><em>SK\u00d6NLITTERATUR med mera<br \/>\nGunnel Anoniusson<br \/>\nMelker Garay<br \/>\nSten Jeansson<br \/>\nJenny J\u00e4gerfeld<br \/>\nUlf Lundqvist &amp; Ola Lundqvist<br \/>\nStina Nilsson-Bassell<br \/>\nJonas Rasmussen<br \/>\nUlla Winroth<br \/>\n<\/em><\/p>\n<p style=\"padding-left: 30px;\"><em>SP\u00c4NNINGSLITTERATUR<br \/>\n\u00c5ke Bjurhamn<br \/>\nKlas Corbelius<br \/>\nStefan Di-Omnia<br \/>\n<\/em><em>Emelie Schepp <\/em><br \/>\n<em>Jan-\u00c5ke Sallermo<\/em><br \/>\n<em>Daniel S\u00f6derqvist <\/em><\/p>\n<p style=\"padding-left: 30px;\"><em>ANNAT<\/em><br \/>\n<em>Lars Sundberg \u2013 Existentiella samtal i \u00d6sterg\u00f6tland<\/em><br \/>\n<em>Mats Granberg, Litteraturscen \u00d6sterg\u00f6tland (samtal med Jonas Rasmussen)<\/em><\/p>\n<p style=\"padding-left: 30px;\"><em>ILLUSTRAT\u00d6R<\/em><br \/>\n<em>Niklas Lindblad \/Mystical Garden Design<\/em><\/p>\n<p style=\"padding-left: 30px;\"><em>F\u00d6RLAG<\/em><br \/>\n<em>East f\u00f6rlag<br \/>\nOpulens f\u00f6rlag<br \/>\n<\/em><\/p>\n<p style=\"padding-left: 30px;\"><em>BOKHANDEL &amp; ANTIKVARIAT<br \/>\nNorrk\u00f6pings Antikvariat<\/em><br \/>\n<em>S\u00f6derk\u00f6pings Bokhandel &amp; Antikvariat<br \/>\n<\/em><\/p>\n<p style=\"padding-left: 30px;\"><em>SPELMAKARE<br \/>\nDimfrost Studio (Fredrik Selld\u00e9n, Ellinor Mor\u00e9n, Mikael Lindhe) <\/em><\/p>\n<p style=\"padding-left: 30px;\"><em>TEATERF\u00d6REST\u00c4LLNING<br \/>\nKinski och d\u00f6den med Teater Opulens <\/em><\/p>\n<\/blockquote>\n<p>L\u00c4NKAR<br \/>\n\u00d6sterg\u00f6tlands bokm\u00e4ssa Tellus <a href=\"http:\/\/ostergotlandsbokmassa.se\" target=\"_blank\" rel=\"noopener\">hemsida<\/a> <a href=\"http:\/\/ostergotlandsbokmassa.se\/utstallare-tellus-2017\/\" target=\"_blank\" rel=\"noopener\">utst\u00e4llare<\/a> <a href=\"http:\/\/ostergotlandsbokmassa.se\/program-2017\/\" target=\"_blank\" rel=\"noopener\">program<\/a> <a href=\"https:\/\/www.facebook.com\/ostergotlandsbokmassa\/\" target=\"_blank\" rel=\"noopener\">Facebook<\/a><\/p>\n","protected":false},"excerpt":{"rendered":"<p>LINK\u00d6PING Boksl\u00e4pp. Och spelsl\u00e4pp. Teater. \u00d6sterg\u00f6tlands bokm\u00e4ssa Tellus tar ut sv\u00e4ngarna i Link\u00f6ping p\u00e5 l\u00f6rdag. Fr\u00e5n l\u00e4nets \u00f6stra delar kommer f\u00f6rfattare, illustrat\u00f6rer, f\u00f6rl\u00e4ggare och spelmakare. Teater Opulens ger en teaterf\u00f6rest\u00e4llning. <a class=\"continue-reading-link\" href=\"https:\/\/www.kultursidan.nu\/?p=33743\">L\u00e4s mer <span class=\"meta-nav\">&rarr; <\/span><\/a><\/p>\n","protected":false},"author":1001006,"featured_media":0,"comment_status":"closed","ping_status":"open","sticky":false,"template":"","format":"standard","meta":{"_jetpack_memberships_contains_paid_content":false,"footnotes":""},"categories":[55,1],"tags":[54,29,16,12],"class_list":["post-33743","post","type-post","status-publish","format-standard","hentry","category-linkoping","category-okategoriserade","tag-evenemang","tag-festival","tag-litteratur","tag-teater"],"jetpack_featured_media_url":"","jetpack_sharing_enabled":true,"_links":{"self":[{"href":"https:\/\/www.kultursidan.nu\/index.php?rest_route=\/wp\/v2\/posts\/33743","targetHints":{"allow":["GET"]}}],"collection":[{"href":"https:\/\/www.kultursidan.nu\/index.php?rest_route=\/wp\/v2\/posts"}],"about":[{"href":"https:\/\/www.kultursidan.nu\/index.php?rest_route=\/wp\/v2\/types\/post"}],"author":[{"embeddable":true,"href":"https:\/\/www.kultursidan.nu\/index.php?rest_route=\/wp\/v2\/users\/1001006"}],"replies":[{"embeddable":true,"href":"https:\/\/www.kultursidan.nu\/index.php?rest_route=%2Fwp%2Fv2%2Fcomments&post=33743"}],"version-history":[{"count":5,"href":"https:\/\/www.kultursidan.nu\/index.php?rest_route=\/wp\/v2\/posts\/33743\/revisions"}],"predecessor-version":[{"id":33754,"href":"https:\/\/www.kultursidan.nu\/index.php?rest_route=\/wp\/v2\/posts\/33743\/revisions\/33754"}],"wp:attachment":[{"href":"https:\/\/www.kultursidan.nu\/index.php?rest_route=%2Fwp%2Fv2%2Fmedia&parent=33743"}],"wp:term":[{"taxonomy":"category","embeddable":true,"href":"https:\/\/www.kultursidan.nu\/index.php?rest_route=%2Fwp%2Fv2%2Fcategories&post=33743"},{"taxonomy":"post_tag","embeddable":true,"href":"https:\/\/www.kultursidan.nu\/index.php?rest_route=%2Fwp%2Fv2%2Ftags&post=33743"}],"curies":[{"name":"wp","href":"https:\/\/api.w.org\/{rel}","templated":true}]}}