{"id":33815,"date":"2017-12-04T15:57:26","date_gmt":"2017-12-04T14:57:26","guid":{"rendered":"https:\/\/intelligent-friend-7861.standoutwp.com\/?p=33815"},"modified":"2017-12-04T16:05:27","modified_gmt":"2017-12-04T15:05:27","slug":"ellen-gothberg-ar-arets-norrkopingslucia","status":"publish","type":"post","link":"https:\/\/www.kultursidan.nu\/?p=33815","title":{"rendered":"Ellen G\u00f6thberg \u00e4r \u00e5rets Norrk\u00f6pingslucia"},"content":{"rendered":"<p><img loading=\"lazy\" decoding=\"async\" class=\"alignnone size-medium wp-image-33820\" src=\"https:\/\/www.kultursidan.nu\/wp-content\/uploads\/2017\/12\/021-Kandidaterna-567x293.jpg\" alt=\"\" width=\"567\" height=\"293\" srcset=\"https:\/\/www.kultursidan.nu\/wp-content\/uploads\/2017\/12\/021-Kandidaterna-567x293.jpg 567w, https:\/\/www.kultursidan.nu\/wp-content\/uploads\/2017\/12\/021-Kandidaterna-768x397.jpg 768w, https:\/\/www.kultursidan.nu\/wp-content\/uploads\/2017\/12\/021-Kandidaterna-1024x529.jpg 1024w, https:\/\/www.kultursidan.nu\/wp-content\/uploads\/2017\/12\/021-Kandidaterna-150x78.jpg 150w, https:\/\/www.kultursidan.nu\/wp-content\/uploads\/2017\/12\/021-Kandidaterna.jpg 1238w\" sizes=\"auto, (max-width: 567px) 100vw, 567px\" \/><br \/>\n<em>Sp\u00e4nd grupp. Ungdomarna v\u00e4ntade p\u00e5 att f\u00e5 h\u00f6ra juryns beslut om Lucia.\u00a0<\/em><\/p>\n<p>&nbsp;<\/p>\n<h1><span style=\"color: #ff0000;\">De f\u00e5r \u00e4ven delta i Kulturskolans Melodifestival<br \/>\n<\/span><\/h1>\n<p>&nbsp;<\/p>\n<p>NORRK\u00d6PING <strong>Ljusb\u00e4rare.<\/strong> I torsdags kv\u00e4ll p\u00e5 Kulturskolan tillk\u00e4nnagav juryn sitt val av Lucia 2017. Det blev den s\u00e5ng- och musikintresserade Ellen G\u00f6thberg som f\u00e5r b\u00e4ra Luciakronan. Men Odense har backat ur.<\/p>\n<p><strong>Fr\u00e5n och med 2016 s\u00e5 \u00e4r det audition som g\u00e4ller f\u00f6r de som \u00e4r intresserade av att delta i luciat\u00e5get. <\/strong>Det var en n\u00e5got sp\u00e4nd grupp ungdomar som p\u00e5 torsdagskv\u00e4llen, sjungande lucias\u00e5ngen, t\u00e5gade in i Kulturskolans sal f\u00f6r att h\u00f6ra juryns beslut om vem som blir 2017 \u00e5rs Lucia.<\/p>\n<p>\u2013 De som deltar i luciat\u00e5get f\u00e5r ett stipendium och deltar \u00e4ven i Kulturskolans Melodifestival 2018, ber\u00e4ttade Ulla-Britt Eriksson fr\u00e5n Kulturskolan.<\/p>\n<p>&nbsp;<\/p>\n<p><a title=\"Ellen G\u00f6thberg\" href=\"https:\/\/www.flickr.com\/photos\/kultursidan\/27055179009\/in\/album-72157661258765257\/\"><img loading=\"lazy\" decoding=\"async\" src=\"https:\/\/farm5.staticflickr.com\/4534\/27055179009_9a312103a2.jpg\" alt=\"Ellen G\u00f6thberg\" width=\"351\" height=\"500\" \/><\/a><br \/>\n<em>Utvald. Ellen G\u00f6thberg blir Norrk\u00f6pings lucia 2017.<\/em><\/p>\n<p>&nbsp;<\/p>\n<p><strong>Lucia v\u00e4ljs av en jury som utses av arrang\u00f6rerna, bland annat f\u00f6reningen Norden och Norrk\u00f6pings kommun. <\/strong>F\u00f6rra \u00e5rets lucia Sofia Almroth, som ocks\u00e5 ing\u00e5r i juryn, var den som avsl\u00f6jande juryns val. Ellen G\u00f6thberg blir den som f\u00e5r b\u00e4ra den st\u00e5tliga ljuskronan. Hon \u00e4r en s\u00e5ng- och musikintresserad 17-\u00e5ring fr\u00e5n Katrineholm som pluggar sitt andra \u00e5r p\u00e5 De Geergymnasiets musikprogram.<\/p>\n<p><strong>Den 70 \u00e5r l\u00e5nga traditionen,<\/strong> i samarbete med F\u00f6reningen Norden, med Norrk\u00f6pings danska v\u00e4nort Odense \u00e4r i \u00e5r bruten. Odense har backat ur.<\/p>\n<p><em>\u00a9 Text &amp; foto: Sven \u00c5ke Molund<\/em><\/p>\n<blockquote>\n<h3><em>DE GEERHALLEN Norrk\u00f6ping<\/em><\/h3>\n<p>12 december 2017 kl 18<br \/>\n<em><strong>Luciakr\u00f6ning<br \/>\n<\/strong>Lucia \u2013 Ellen G\u00f6thberg<\/em><br \/>\n<em> Luciat\u00e5get \u2013 Linus S\u00f6derlund, Albin Olsson, Andreas Backstr\u00f6m, Maja Skog, Clara Lindegren, Elin Binden\u00e4s, Ebba Fransson, Hanna Bohlin och Mirjam Jonsson<\/em><br \/>\n<em> K\u00f6r fr\u00e5n De Geergymnasiet<\/em><\/p><\/blockquote>\n","protected":false},"excerpt":{"rendered":"<p>NORRK\u00d6PING Ljusb\u00e4rare. I torsdags kv\u00e4ll p\u00e5 Kulturskolan tillk\u00e4nnagav juryn sitt val av Lucia 2017. Det blev den s\u00e5ng- och musikintresserade Ellen G\u00f6thberg som f\u00e5r b\u00e4ra Luciakronan. Men Odense har backat ur. <a class=\"continue-reading-link\" href=\"https:\/\/www.kultursidan.nu\/?p=33815\">L\u00e4s mer <span class=\"meta-nav\">&rarr; <\/span><\/a><\/p>\n","protected":false},"author":1001006,"featured_media":0,"comment_status":"closed","ping_status":"open","sticky":false,"template":"","format":"standard","meta":{"_jetpack_memberships_contains_paid_content":false,"footnotes":""},"categories":[7],"tags":[13],"class_list":["post-33815","post","type-post","status-publish","format-standard","hentry","category-norrkoping","tag-musik"],"jetpack_featured_media_url":"","jetpack_sharing_enabled":true,"_links":{"self":[{"href":"https:\/\/www.kultursidan.nu\/index.php?rest_route=\/wp\/v2\/posts\/33815","targetHints":{"allow":["GET"]}}],"collection":[{"href":"https:\/\/www.kultursidan.nu\/index.php?rest_route=\/wp\/v2\/posts"}],"about":[{"href":"https:\/\/www.kultursidan.nu\/index.php?rest_route=\/wp\/v2\/types\/post"}],"author":[{"embeddable":true,"href":"https:\/\/www.kultursidan.nu\/index.php?rest_route=\/wp\/v2\/users\/1001006"}],"replies":[{"embeddable":true,"href":"https:\/\/www.kultursidan.nu\/index.php?rest_route=%2Fwp%2Fv2%2Fcomments&post=33815"}],"version-history":[{"count":7,"href":"https:\/\/www.kultursidan.nu\/index.php?rest_route=\/wp\/v2\/posts\/33815\/revisions"}],"predecessor-version":[{"id":33827,"href":"https:\/\/www.kultursidan.nu\/index.php?rest_route=\/wp\/v2\/posts\/33815\/revisions\/33827"}],"wp:attachment":[{"href":"https:\/\/www.kultursidan.nu\/index.php?rest_route=%2Fwp%2Fv2%2Fmedia&parent=33815"}],"wp:term":[{"taxonomy":"category","embeddable":true,"href":"https:\/\/www.kultursidan.nu\/index.php?rest_route=%2Fwp%2Fv2%2Fcategories&post=33815"},{"taxonomy":"post_tag","embeddable":true,"href":"https:\/\/www.kultursidan.nu\/index.php?rest_route=%2Fwp%2Fv2%2Ftags&post=33815"}],"curies":[{"name":"wp","href":"https:\/\/api.w.org\/{rel}","templated":true}]}}