{"id":3383,"date":"2011-12-01T10:55:36","date_gmt":"2011-12-01T09:55:36","guid":{"rendered":"https:\/\/intelligent-friend-7861.standoutwp.com\/?p=3383"},"modified":"2011-12-02T18:19:16","modified_gmt":"2011-12-02T17:19:16","slug":"artister-pa-speeddating-for-skapande-skola","status":"publish","type":"post","link":"https:\/\/www.kultursidan.nu\/?p=3383","title":{"rendered":"Artister p\u00e5 speeddating f\u00f6r Skapande skola"},"content":{"rendered":"<p>[flickr]http:\/\/www.flickr.com\/photos\/kultursidan\/6432283355\/[\/flickr]<\/p>\n<p><em>Erfarna kulturk\u00f6pare. Linnea Arnstedt, Matilda S\u00f6derstr\u00f6m och Ingela Svad\u00a0 fr\u00e5n R\u00e5sslaskolan<br \/>\ni Kolm\u00e5rden uppskattade presentationsdagen. I bakgrunden Amjad Altayyar och Sahar Burhan.<br \/>\n<\/em><\/p>\n<p>&nbsp;<\/p>\n<h1><span style=\"color: #ff0000;\">7 minuter p\u00e5 scenen: Vem \u00e4r du? Vad erbjuder du?<\/span><\/h1>\n<p>&nbsp;<\/p>\n<p><strong>\u2013 Det \u00e4r bra med presentationsdagen. Man f\u00e5r en b\u00e4ttre bild av personerna, hur de \u00e4r och vad det blir f\u00f6r slags projekt.<\/strong><\/p>\n<p>Matilda S\u00f6derstr\u00f6m, elev p\u00e5 R\u00e5sslaskolan, var en av f\u00e5 elevrepresentanter p\u00e5 den f\u00f6rsta stora utbudsdagen inf\u00f6r n\u00e4sta omg\u00e5ng av Skapande skola. Tillsammans med kamraten Linnea Arnstedt och l\u00e4raren Ingela Svad lyssnade hon till 24 kulturut\u00f6vare, enskilda och grupper, en l\u00e5ng onsdagseftermiddag f\u00f6r att tillsammans v\u00e4lja ut passande Skapande skolaprojekt till R\u00e5sslaskolan i Kolm\u00e5rden.<\/p>\n<p><strong>Skapande skola \u00e4r ett statligt st\u00f6d f\u00f6r att st\u00e4rka skolans samarbete med det professionella kulturlivet.<\/strong> Genom Kulturr\u00e5det slussar staten ut 150 miljoner kronor eller i genomsnitt 250 kronor per elev i bidrag till Skapande skolaprojekt under \u00e5ret. Skapande skola har v\u00e4xt till att nu t\u00e4cka alla \u00e5rskurser i grundskolan.<\/p>\n<p>\u2013 Vi pratade redan i v\u00e5ras om en st\u00f6rre plattform d\u00e4r alla kan presentera sig, sade en n\u00f6jd Nicklas Samuelsson fr\u00e5n Arbetsf\u00f6rmedlingens avdelning f\u00f6r kultur och media i f\u00f6rsta pausen, efter knappt tio sjuminuterspresentationer.<\/p>\n<p><strong>Startade gjorde Saad Hajo, konstn\u00e4r och karikatyrtecknare<\/strong>, som ber\u00e4ttade hur EWK:s karikatyr av Syriens president v\u00e4ckt f\u00f6rundran, beundran och avgjorde den unge syrianens yrkesval.<\/p>\n<p>\u2013 Med karikatyrens hj\u00e4lp kan man \u00f6ppna f\u00f6r samtal om demokrati, milj\u00f6, aktuella fr\u00e5gor, f\u00f6rklarade Saad Hajo och understr\u00f6k sitt budskap med ett underh\u00e5llande bildspel av fr\u00e4mst egna karikatyrer.<\/p>\n<p><strong>Kathleen Ginyard fr\u00e5n Norrk\u00f6pings kommuns kultur- och fritidskontor stod redo med gonggongen f\u00f6r att markera sjuminutersgr\u00e4nsen.<\/strong> En egen variant av speeddating eller PechaKuchateknik. Det m\u00e4rktes att det var en rolig dag att vara kulturadministrat\u00f6r p\u00e5:<\/p>\n<p>\u2013 Det fysiska direkta m\u00f6tet mellan konstn\u00e4r och publik. Det ska ge inspiration och det ska vara intensivt och snabbt, sade Kathleen Ginyard och presenterade alla i rask takt, ett bra val f\u00f6r att hantera ett ganska s\u00e5 mastigt program. Kulturskolan var d\u00e4r, alla Norrk\u00f6pings fria teatergrupper var p\u00e5 plats, en l\u00e5ng rad konstn\u00e4rer och tecknare presenterade sig, medan musikerna var n\u00e5got f\u00e4rre om man inte r\u00e4knar med \u00d6stg\u00f6tamusikens producent som ju representerar flera musikkonstellationer.<\/p>\n<p><strong>Omv\u00e4xling pr\u00e4glade programmet<\/strong>, ordningssamma illustrat\u00f6ren Pia Alfredsson powerpointade fram <em>Plask i plurret<\/em> och andra f\u00e4rdiga projekt hon genomf\u00f6rt i skolor. Medan teater Gulasch inte \u00e4ntrade scenen utan st\u00e4llde sig intill publiken och spelade en frejdig l\u00e5t fr\u00e5n nya f\u00f6rest\u00e4llningen <em>Robin Hood<\/em>, som b\u00e5de handlar om milj\u00f6 och om kamratskap. Konstn\u00e4ren Amjad Altayyar drabbades av att den erbjudna tekniken saknade h\u00f6gtalare och d\u00e4rmed f\u00f6ll musikdelen till hans bildspel om det mandalaprojekt han genomf\u00f6rt med elever i Motala. Of\u00f6rberedd och os\u00e4ker p\u00e5 svenska spr\u00e5ket f\u00f6rblev han tyst, men publiken tycktes \u00e4nd\u00e5 fokusera p\u00e5 budskapet.<\/p>\n<p>\u2013 Om de \u00e4r os\u00e4kra inf\u00f6r publiken ser man \u00e4nd\u00e5 p\u00e5 bilderna att eleverna hade kul, kommenterade Matilda S\u00f6derstr\u00f6m.<\/p>\n<p><strong>Ytterligare en i den breda gruppen av samarrang\u00f6rer \u00e4r Utbildningskontoret<\/strong> vars H\u00e5kan Karlsson r\u00e4knade in de 27 skolor och fritidsg\u00e5rdar som anm\u00e4lt sig till dagen i Hagebyhus i Norrk\u00f6ping.<\/p>\n<p>\u2013 Det borde vara n\u00e5gra fler h\u00e4r tycker jag, s\u00e4ger H\u00e5kan Karlsson. Det jag tycker \u00e4r mest intressant \u00e4r att fritidsg\u00e5rdarna vill satsa p\u00e5 barn med funktionshinder. De st\u00e5r p\u00e5 scenen h\u00e4r p\u00e5 Hagebyhus en g\u00e5ng om \u00e5ret och det \u00e4r j\u00e4ttekul. Men fritidsg\u00e5rdarna s\u00f6ker dans- och teaterpedagoger som kan ge dem mer kl\u00f6s, s\u00e5 att de f\u00e5r g\u00f6ra mer \u00e4n mima till musiken och spela luftgitarr.<\/p>\n<p><strong>Redan i f\u00f6rsta gruppen hittade R\u00e5sslaskolan n\u00e5gra favoriter<\/strong> \u00e4ven om de hade m\u00e5nga m\u00e5nga kvar att se och lyssna p\u00e5 innan den l\u00e5nga presentationsdagen var slut.<\/p>\n<p>\u2013 Jag tyckte om Lars Pettersson Udd, att vara ute och bygga, sade Linnea Arnstedt fr\u00e5n R\u00e5sslaskolan och fick medh\u00e5ll av l\u00e4raren Ingela Svad medan Matilda S\u00f6derstr\u00f6m hittat en annan favorit:<\/p>\n<p>\u2013 Sara Appelberg som arbetar med teaterprojekt hade en bra plan.<\/p>\n<p><strong>Den 6 februari ska kommunens ans\u00f6kningar vara inne p\u00e5 Kulturr\u00e5det, inte en dag senare.<\/strong> Det inneb\u00e4r att H\u00e5kan Karlsson p\u00e5 utbildningskontoret ska ha dem redan i januari. Hans favoritprojekt?<\/p>\n<p>\u2013 Ett bra projekt ska f\u00f6rst\u00e4rka skolans \u00f6vriga verksamhet, som Angelworks lyfte fram.<\/p>\n<p><em>Text och foto: Ann-Charlotte Sandelin<\/em><\/p>\n<p>&nbsp;<\/p>\n<p>L\u00c4NKAR<br \/>\nKulturr\u00e5det Skapande skola <a title=\"Kulturr\u00e5det\" href=\"http:\/\/www.kulturradet.se\/sv\/Skapande-skola\/\" target=\"_blank\">hemsida<\/a><\/p>\n<p>FLER BILDER FR\u00c5N SKAPANDE SKOLA-PRESENTATIONERNA \u2013 KLICKA<\/p>\n<p>[flickr-gallery mode=&#8221;photoset&#8221; photoset=&#8221;72157628223334447&#8243;]<\/p>\n<p>&nbsp;<\/p>\n","protected":false},"excerpt":{"rendered":"<p>NORRK\u00d6PING En l\u00e5ng l\u00e5ng rad konstn\u00e4rer, sk\u00e5despelare och andra kulturproducenter visade upp sig och ber\u00e4ttade om projekt inf\u00f6r n\u00e4sta ans\u00f6kningsomg\u00e5ng av Skapande skola p\u00e5 Hagebyhus. <a class=\"continue-reading-link\" href=\"https:\/\/www.kultursidan.nu\/?p=3383\">L\u00e4s mer <span class=\"meta-nav\">&rarr; <\/span><\/a><\/p>\n","protected":false},"author":1001006,"featured_media":0,"comment_status":"open","ping_status":"open","sticky":false,"template":"","format":"standard","meta":{"_jetpack_memberships_contains_paid_content":false,"footnotes":""},"categories":[7],"tags":[37],"class_list":["post-3383","post","type-post","status-publish","format-standard","hentry","category-norrkoping","tag-barnkultur"],"jetpack_featured_media_url":"","jetpack_sharing_enabled":true,"_links":{"self":[{"href":"https:\/\/www.kultursidan.nu\/index.php?rest_route=\/wp\/v2\/posts\/3383","targetHints":{"allow":["GET"]}}],"collection":[{"href":"https:\/\/www.kultursidan.nu\/index.php?rest_route=\/wp\/v2\/posts"}],"about":[{"href":"https:\/\/www.kultursidan.nu\/index.php?rest_route=\/wp\/v2\/types\/post"}],"author":[{"embeddable":true,"href":"https:\/\/www.kultursidan.nu\/index.php?rest_route=\/wp\/v2\/users\/1001006"}],"replies":[{"embeddable":true,"href":"https:\/\/www.kultursidan.nu\/index.php?rest_route=%2Fwp%2Fv2%2Fcomments&post=3383"}],"version-history":[{"count":0,"href":"https:\/\/www.kultursidan.nu\/index.php?rest_route=\/wp\/v2\/posts\/3383\/revisions"}],"wp:attachment":[{"href":"https:\/\/www.kultursidan.nu\/index.php?rest_route=%2Fwp%2Fv2%2Fmedia&parent=3383"}],"wp:term":[{"taxonomy":"category","embeddable":true,"href":"https:\/\/www.kultursidan.nu\/index.php?rest_route=%2Fwp%2Fv2%2Fcategories&post=3383"},{"taxonomy":"post_tag","embeddable":true,"href":"https:\/\/www.kultursidan.nu\/index.php?rest_route=%2Fwp%2Fv2%2Ftags&post=3383"}],"curies":[{"name":"wp","href":"https:\/\/api.w.org\/{rel}","templated":true}]}}