{"id":33903,"date":"2017-12-11T12:40:30","date_gmt":"2017-12-11T11:40:30","guid":{"rendered":"https:\/\/intelligent-friend-7861.standoutwp.com\/?p=33903"},"modified":"2017-12-11T12:40:30","modified_gmt":"2017-12-11T11:40:30","slug":"son-blaste-in-husets-storsta-julhandelse","status":"publish","type":"post","link":"https:\/\/www.kultursidan.nu\/?p=33903","title":{"rendered":"SON bl\u00e5ste in husets st\u00f6rsta julh\u00e4ndelse"},"content":{"rendered":"<p><img loading=\"lazy\" decoding=\"async\" class=\"alignnone size-medium wp-image-33904\" src=\"https:\/\/www.kultursidan.nu\/wp-content\/uploads\/2017\/12\/DSCF4613-567x378.jpg\" alt=\"\" width=\"567\" height=\"378\" srcset=\"https:\/\/www.kultursidan.nu\/wp-content\/uploads\/2017\/12\/DSCF4613-567x378.jpg 567w, https:\/\/www.kultursidan.nu\/wp-content\/uploads\/2017\/12\/DSCF4613-768x512.jpg 768w, https:\/\/www.kultursidan.nu\/wp-content\/uploads\/2017\/12\/DSCF4613-1024x682.jpg 1024w, https:\/\/www.kultursidan.nu\/wp-content\/uploads\/2017\/12\/DSCF4613-500x333.jpg 500w, https:\/\/www.kultursidan.nu\/wp-content\/uploads\/2017\/12\/DSCF4613-150x100.jpg 150w, https:\/\/www.kultursidan.nu\/wp-content\/uploads\/2017\/12\/DSCF4613.jpg 1280w\" sizes=\"auto, (max-width: 567px) 100vw, 567px\" \/><br \/>\n<em>Barocktrumpet. St\u00e4mledaren Elias Svanberg bl\u00e5ste in julens budskap n\u00e4r Norrk\u00f6pings Symfoniorkester gav Bachs Juloratorium i l\u00f6rdags.<\/em><\/p>\n<p>&nbsp;<\/p>\n<h1><span style=\"color: #ff0000;\">Juloratoriets starkaste kantater<\/span><\/h1>\n<p>&nbsp;<\/p>\n<p>RECENSION\/ NORRK\u00d6PING <strong>Absolut sluts\u00e5lt.<\/strong> Symfoniorkestern st\u00e4llde upp en barockslank orkester, fyra s\u00e5ngsolister och dubbla k\u00f6rer vid l\u00f6rdagens framf\u00f6rande av gedigne J.S. Bachs <em>Juloratorium<\/em>.<\/p>\n<p><strong>Musikaliska S\u00e4llskapets Kammark\u00f6r och Bel Cantok\u00f6ren utgjorde en m\u00e4ktig k\u00f6r bakom\u00a0 Norrk\u00f6pings Symfoniorkester.<\/strong> Ut\u00f6ver s\u00e5ngsolisterna, Johan Christensson, tenoren i evangelistens roll, Jeremy Carpenter, baryton, Katija Dragojevic, mezzosopran, och inhoppade Kerstin Avemo, sopran, h\u00e4mtades instrumentalsolister ur orkesterns egna led. Som Elias Svanberg som tog tv\u00e5 steg fram med barocktrumpeten.<\/p>\n<p>&nbsp;<\/p>\n<p><a title=\"Bachs Juloratorium\" href=\"https:\/\/www.flickr.com\/photos\/kultursidan\/38944095752\/in\/album-72157689442622011\/\"><img loading=\"lazy\" decoding=\"async\" src=\"https:\/\/farm5.staticflickr.com\/4562\/38944095752_fecac9ba80.jpg\" alt=\"Bachs Juloratorium\" width=\"500\" height=\"333\" \/><\/a><br \/>\n<em>Koraler. Dubbelk\u00f6ren, best\u00e5ende av Musikaliska S\u00e4llskapets Kammark\u00f6r och Bel Cantok\u00f6ren, gav ett m\u00e4ktigt intryck. S\u00e5ngsolisten \u00e4r tenoren Johan Christensson i evangelistens roll.<\/em><\/p>\n<p>&nbsp;<\/p>\n<p><strong>Vi fick h\u00f6ra ett l\u00e4tt \u201dpopulistiskt\u201d <em>Juloratorium<\/em> d\u00e4r man valt ut de starkaste delarna av verket,<\/strong> med snabba tempon, mycket text och s\u00e4kra solister med en riktig stj\u00e4rna i Katija Dragojevic, med en enast\u00e5ende fyllig mezzosopran. Susanna Stern fick l\u00e4mna \u00e5terbud p\u00e5 grund av sjukdom men ersattes med bravur av Kerstin Avemo.<\/p>\n<p><strong>K\u00f6ren n\u00e5dde under andra halvan understundom en utomordentligt h\u00f6g niv\u00e5, oftast med tydligt men inte alltid idiomatiskt tyskt uttal. <\/strong>\u00d6verlag finns det mycket kunnande i b\u00e5da k\u00f6rerna, kanske lika mycket som i orkestern och dirigenten fick ut det mesta av b\u00e4gge.<\/p>\n<p>Musiken \u00e4r mycket djupare \u00e4n man kan tro vid f\u00f6rsta genomlyssningen men Bach \u00e4r b\u00e5de folklig och oerh\u00f6rt gedigen som tons\u00e4ttare. B\u00e5de k\u00f6ren och solisterna blev gradvis b\u00e4ttre under konsertens g\u00e5ng, kanske framf\u00f6rallt Jeremy Carpenter som lite grann fungerar som Kristus \u00e4ven om denne givetvis inte var f\u00f6dd \u00e4n.<\/p>\n<p>&nbsp;<\/p>\n<p><a title=\"Katija Dragojevic, mezzosopran\" href=\"https:\/\/www.flickr.com\/photos\/kultursidan\/38944096862\/in\/album-72157689442622011\/\"><img loading=\"lazy\" decoding=\"async\" src=\"https:\/\/farm5.staticflickr.com\/4645\/38944096862_0bed4ec479.jpg\" alt=\"Katija Dragojevic, mezzosopran\" width=\"500\" height=\"341\" \/><\/a><br \/>\n<em> Varm och klar. Katija Dragojevic, mezzosopran, bidrog starkt till upplevelsen.<\/em><\/p>\n<p>&nbsp;<\/p>\n<p><strong>Det var helt fullsatt i De Geerhallen i vad som borde ses som den st\u00f6rsta julh\u00e4ndelsen i v\u00e5rt konserthus.<\/strong> Man kan m\u00f6jligen h\u00e4vda att en kyrka \u00e4r ett \u00e4nnu b\u00e4ttre forum f\u00f6r utpr\u00e4glad julmusik men det spelar mindre roll. Bach sj\u00e4lv var ocks\u00e5 en pragmatiker som blandade religi\u00f6st och profant, en del av musiken i <em>Juloratoriet<\/em> kommer ocks\u00e5 fr\u00e5n hans \u201dv\u00e4rldsliga\u201d musik.<\/p>\n<p>Verket framf\u00f6rdes \u00e4ven p\u00e5 fredagen, d\u00e5 i v\u00e4lfyllda Link\u00f6pings Konsert &amp; Kongress.<\/p>\n<p><em>\u00a9 Text: Lars Henriksson<\/em><br \/>\n<em>\u2028\u00a9 Foto: Ann-Charlotte Sandelin<\/em><\/p>\n<p>FLERA BILDER \u2013 KLICKA<\/p>\n<p><a data-flickr-embed='true' href='https:\/\/www.flickr.com\/photos\/kultursidan\/albums\/72157689442622011' title='Bachs Juloratorium, SON 2017 by Kultursidan, on Flickr'><img src='https:\/\/live.staticflickr.com\/4536\/38944097392_528f5cd10b_z.jpg' width='800' height='600' alt='Jeremy Carpenter, Anders Spering, Johan Christensson, Katija Dragojevic och Kerstin Avemo'><\/a><script async src='https:\/\/embedr.flickr.com\/assets\/client-code.js' charset='utf-8'><\/script><\/p>\n<blockquote>\n<h3><em>DE GEERHALLEN Norrk\u00f6ping<\/em><\/h3>\n<p>9 december 2017<br \/>\n<em><strong>Bachs Juloratorium<br \/>\n<\/strong>Norrk\u00f6pings Symfoniorkester<\/em><br \/>\n<em>Musikaliska S\u00e4llskapets Kammark\u00f6r, Bel Cantok\u00f6ren<\/em><br \/>\n<em>Dirigent: Anders Spering<\/em><br \/>\n<em>Kerstin Avemo, sopran<\/em><br \/>\n<em>Katija Dragojevic, mezzosopran<\/em><br \/>\n<em>Johan Christensson, tenor<\/em><br \/>\n<em>Jeremy Carpenter, baryton<\/em><br \/>\n<em>K\u00f6rinstudering: Inger Dalene, Michael Bruze<\/em><\/p>\n<p style=\"padding-left: 30px;\"><em>PROGRAM<\/em><br \/>\n<em>J.S. Bach <strong>Juloratorium<\/strong>, kantat 1, 2, 4, 6<\/em><\/p>\n<\/blockquote>\n<p>L\u00c4NKAR<br \/>\nNorrk\u00f6pings symfoniorkester <a href=\"http:\/\/www.norrkopingssymfoniorkester.se\" target=\"_blank\" rel=\"noopener noreferrer\">hemsida<\/a> <a href=\"https:\/\/www.facebook.com\/norrkoping.symphony\/?fref=ts\" target=\"_blank\" rel=\"noopener noreferrer\">Facebook<\/a><br \/>\nSymfoniorkestern spelar s\u00e4kert 2017\/2018 <a href=\"https:\/\/www.kultursidan.nu\/?p=30749\" target=\"_blank\" rel=\"noopener\">kr\u00f6nika<\/a> Kultursidan.nu 10\/5 2017<\/p>\n","protected":false},"excerpt":{"rendered":"<p>RECENSION\/ NORRK\u00d6PING Absolut sluts\u00e5lt. Symfoniorkestern st\u00e4llde upp en barockslank orkester, fyra s\u00e5ngsolister och dubbla k\u00f6rer vid l\u00f6rdagens framf\u00f6rande av gedigne J.S. Bachs Juloratorium. <a class=\"continue-reading-link\" href=\"https:\/\/www.kultursidan.nu\/?p=33903\">L\u00e4s mer <span class=\"meta-nav\">&rarr; <\/span><\/a><\/p>\n","protected":false},"author":1001006,"featured_media":0,"comment_status":"closed","ping_status":"open","sticky":false,"template":"","format":"standard","meta":{"_jetpack_memberships_contains_paid_content":false,"footnotes":""},"categories":[7],"tags":[13],"class_list":["post-33903","post","type-post","status-publish","format-standard","hentry","category-norrkoping","tag-musik"],"jetpack_featured_media_url":"","jetpack_sharing_enabled":true,"_links":{"self":[{"href":"https:\/\/www.kultursidan.nu\/index.php?rest_route=\/wp\/v2\/posts\/33903","targetHints":{"allow":["GET"]}}],"collection":[{"href":"https:\/\/www.kultursidan.nu\/index.php?rest_route=\/wp\/v2\/posts"}],"about":[{"href":"https:\/\/www.kultursidan.nu\/index.php?rest_route=\/wp\/v2\/types\/post"}],"author":[{"embeddable":true,"href":"https:\/\/www.kultursidan.nu\/index.php?rest_route=\/wp\/v2\/users\/1001006"}],"replies":[{"embeddable":true,"href":"https:\/\/www.kultursidan.nu\/index.php?rest_route=%2Fwp%2Fv2%2Fcomments&post=33903"}],"version-history":[{"count":2,"href":"https:\/\/www.kultursidan.nu\/index.php?rest_route=\/wp\/v2\/posts\/33903\/revisions"}],"predecessor-version":[{"id":33908,"href":"https:\/\/www.kultursidan.nu\/index.php?rest_route=\/wp\/v2\/posts\/33903\/revisions\/33908"}],"wp:attachment":[{"href":"https:\/\/www.kultursidan.nu\/index.php?rest_route=%2Fwp%2Fv2%2Fmedia&parent=33903"}],"wp:term":[{"taxonomy":"category","embeddable":true,"href":"https:\/\/www.kultursidan.nu\/index.php?rest_route=%2Fwp%2Fv2%2Fcategories&post=33903"},{"taxonomy":"post_tag","embeddable":true,"href":"https:\/\/www.kultursidan.nu\/index.php?rest_route=%2Fwp%2Fv2%2Ftags&post=33903"}],"curies":[{"name":"wp","href":"https:\/\/api.w.org\/{rel}","templated":true}]}}