{"id":33947,"date":"2017-12-14T11:58:07","date_gmt":"2017-12-14T10:58:07","guid":{"rendered":"https:\/\/intelligent-friend-7861.standoutwp.com\/?p=33947"},"modified":"2017-12-14T14:09:43","modified_gmt":"2017-12-14T13:09:43","slug":"luciakroning-fylld-av-musikens-gladje","status":"publish","type":"post","link":"https:\/\/www.kultursidan.nu\/?p=33947","title":{"rendered":"Luciakr\u00f6ning fylld av musikens gl\u00e4dje"},"content":{"rendered":"<p><img loading=\"lazy\" decoding=\"async\" class=\"alignnone size-medium wp-image-33948\" src=\"https:\/\/www.kultursidan.nu\/wp-content\/uploads\/2017\/12\/DSCF5317-567x378.jpg\" alt=\"\" width=\"567\" height=\"378\" srcset=\"https:\/\/www.kultursidan.nu\/wp-content\/uploads\/2017\/12\/DSCF5317-567x378.jpg 567w, https:\/\/www.kultursidan.nu\/wp-content\/uploads\/2017\/12\/DSCF5317-768x512.jpg 768w, https:\/\/www.kultursidan.nu\/wp-content\/uploads\/2017\/12\/DSCF5317-1024x682.jpg 1024w, https:\/\/www.kultursidan.nu\/wp-content\/uploads\/2017\/12\/DSCF5317-500x333.jpg 500w, https:\/\/www.kultursidan.nu\/wp-content\/uploads\/2017\/12\/DSCF5317-150x100.jpg 150w, https:\/\/www.kultursidan.nu\/wp-content\/uploads\/2017\/12\/DSCF5317.jpg 1280w\" sizes=\"auto, (max-width: 567px) 100vw, 567px\" \/><br \/>\n<em>Ljust\u00e4ndning. Kommunfullm\u00e4ktiges ordf\u00f6rande Louise Malmstr\u00f6m t\u00e4nder ljuskronan som b\u00e4rs av Norrk\u00f6pings Lucia Ellen G\u00f6thberg.<\/em><\/p>\n<p>&nbsp;<\/p>\n<h1><span style=\"color: #ff0000;\">\u201dVar inte r\u00e4dd f\u00f6r m\u00f6rkret ty ljuset vilar d\u00e4r\u201d<\/span><\/h1>\n<p>&nbsp;<\/p>\n<p>NORRK\u00d6PING\u00a0<strong>Ljuset som v\u00e4nder m\u00f6rkret.<\/strong> Norrk\u00f6pings Lucia kr\u00f6ntes i De Geerhallen. Unga r\u00f6ster fr\u00e5n Kulturskolans och De Geergymnasiets k\u00f6rer fyllde tillsammans med och instrumentalister kv\u00e4llen med st\u00e4mningsfull s\u00e5ng och musik.<\/p>\n<p><strong>Det kan k\u00e4nnas lite udda att ett protestantiskkristet land som Sverige hyllar ett sicilianskt helgon, Santa Lucia.<\/strong> Det var den h\u00e4r natten p\u00e5 \u00e5ret som demoner kunde bl\u00e5sa genom husv\u00e4ggar och husdjur kunde b\u00f6rja tala. En beskyddare beh\u00f6vdes, en ljusbringare. Lucia blev den som kom med ljus till v\u00e5rt land under \u00e5rets m\u00f6rkaste tid.<\/p>\n<p>&nbsp;<\/p>\n<p><a title=\"M\u00f6rker, m\u00f6rker\/Den lilla l\u00e5gan med Kulturskolans barnk\u00f6rer\" href=\"https:\/\/www.flickr.com\/photos\/kultursidan\/39016675402\/in\/album-72157667415336219\/\"><img loading=\"lazy\" decoding=\"async\" src=\"https:\/\/farm5.staticflickr.com\/4538\/39016675402_b98ae88d26.jpg\" alt=\"M\u00f6rker, m\u00f6rker\/Den lilla l\u00e5gan med Kulturskolans barnk\u00f6rer\" width=\"500\" height=\"324\" \/><\/a><br \/>\n<em>Ljus i m\u00f6rkret. M\u00f6rker, m\u00f6rker\/Den lilla l\u00e5gan sj\u00f6ng Kulturskolans barnk\u00f6rer.<\/em><\/p>\n<p>&nbsp;<\/p>\n<p><strong>Den moderna varianten av Luciat\u00e5get gjorde sitt int\u00e5g i Sverige f\u00f6r 90 \u00e5r sedan.<\/strong> N\u00e4r det tog fart p\u00e5 riktigt befann vi oss i skuggan av Andra v\u00e4rldskrigens grymheter, d\u00e5 ett f\u00f6rebud om en ljusare framtid verkligen beh\u00f6vdes. Om detta p\u00e5minde kommunfullm\u00e4ktiges ordf\u00f6rande Louise Malmstr\u00f6m i sitt inledningstal till Luciakonserten i De Geerhallen.<\/p>\n<p><strong>Traditioner \u00e4ndras \u00f6ver tid.<\/strong> Efter 70 \u00e5rs samarbete s\u00e4nde inte danska v\u00e4norten Odense n\u00e5gon lussebrud till Norrk\u00f6ping, \u00e4ven om v\u00e4nortssamarbetet forts\u00e4tter p\u00e5 andra s\u00e4tt.<\/p>\n<p>I st\u00e4llet \u00f6ppnades d\u00f6rren f\u00f6r en annan av kommunens v\u00e4norter, Riga, som s\u00e4nde fyra unga skickliga fl\u00f6jtister, Baltic Sea Friendship Flutes. Jag sj\u00e4lv har alltid tyckt att tv\u00e4rfl\u00f6jt \u00e4r n\u00e5got magiskt, det finns en fragil sk\u00f6rhet i instrumentet som b\u00e4r fram klara och starka toner.<\/p>\n<p>&nbsp;<\/p>\n<p><a title=\"Baltic Sea Frindship Flutes\" href=\"https:\/\/www.flickr.com\/photos\/kultursidan\/39016674722\/in\/album-72157667415336219\/\"><img loading=\"lazy\" decoding=\"async\" src=\"https:\/\/farm5.staticflickr.com\/4725\/39016674722_8233958c65.jpg\" alt=\"Baltic Sea Friendship Flutes\" width=\"500\" height=\"333\" \/><\/a><br \/>\n<em> Fr\u00e5n piccola till basfl\u00f6jt. Kvartetten Baltic Sea Friendship Flutes bidrog med tv\u00e5 stycken av amerikanska tons\u00e4ttaren Catherine McMichael.<\/em><\/p>\n<p>&nbsp;<\/p>\n<p><strong>\u2013 L\u00e5t oss sl\u00e4ppa in ljuset och medm\u00e4nskligheten,<\/strong> manade konferencieren \u00c5sa Sj\u00f6berg som kn\u00f6t ihop programmet som inleddes med bl\u00e5sarklang och Luciat\u00e5g inramat av mycket k\u00f6rs\u00e5ng.<\/p>\n<p>Louise Malmstr\u00f6m kr\u00f6nte musikgymnasisten Ellen G\u00f6thberg med luciakronan och t\u00e4nde ljusen. Den som blir vald som Lucia ska vara en bra ambassad\u00f6r f\u00f6r Norrk\u00f6pings stad.<\/p>\n<p><strong>En varm barndomsk\u00e4nsla infinner sig n\u00e4r Lucias\u00e5ngen b\u00f6rjar och man ser ljusen glimma d\u00e4r ungdomarna skrider fram och fyller scenen.<\/strong> Det \u00e4r vackert med de levande ljusen l\u00e4ngst fram (den stora k\u00f6ren har batteridrivna ljus) och det blir lite varmare i sj\u00e4len.<\/p>\n<p>De Geerhallen \u00e4r fylld upp till toppen och st\u00e4mningen \u00e4r god. Alla dessa s\u00e5nger blir m\u00e4ktiga i k\u00f6rens olika st\u00e4mmor, allt fr\u00e5n barnr\u00f6ster till unga vuxna. En del av dessa r\u00f6ster \u00e4r jag \u00f6vertygad om att vi kommer f\u00e5 h\u00f6ra mer av i musikaliska sammanhang, \u00e4ven s\u00e5 bland musikerna.<\/p>\n<p>&nbsp;<\/p>\n<p><a title=\"#Kuljul\" href=\"https:\/\/www.flickr.com\/photos\/kultursidan\/38337370884\/in\/album-72157667415336219\/\"><img loading=\"lazy\" decoding=\"async\" src=\"https:\/\/farm5.staticflickr.com\/4571\/38337370884_071cfce6f0.jpg\" alt=\"#Kuljul\" width=\"500\" height=\"333\" \/><\/a><br \/>\n<em>#Kuljul. Ett fartigt potpurri fyllt av Disneys\u00e5nger med Kulturskolans barnk\u00f6rer.<\/em><\/p>\n<p>&nbsp;<\/p>\n<p><strong>Vi fick bland annat h\u00f6ra ett medley av Disneys\u00e5nger under titeln <em>#Kuljul<\/em>.<\/strong> Instrumentalt framf\u00f6rs <em>Stilla natt<\/em> i ett modernt arrangemang och den \u00e4r lika m\u00e4ktig utan s\u00e5ng. Det hela avslutas med <em>Nu t\u00e4ndas tusen juleljus<\/em> och publiken uppmanas att sjunga med i alla fyra verserna. Det var en fin och st\u00e4mningsfylld konsert.<\/p>\n<p><em>\u00a9 Text: Christina Wernersson\u2028<\/em><br \/>\n<em>\u00a9 Foto: Ann-Charlotte Sandelin<\/em><\/p>\n<p>BILDSPEL \u2013 KLICKA P\u00c5 BILDENS PILAR<\/p>\n<p><a data-flickr-embed='true' href='https:\/\/www.flickr.com\/photos\/kultursidan\/sets\/72157667415336219' title='Luciakonsert, De Geerhallen 2017 by Kultursidan, on Flickr'><img src='https:\/\/live.staticflickr.com\/4573\/25181095638_28e5435c77_z.jpg' width='800' height='600' alt='Musiken b\u00f6rjade redan i foaj\u00e9n'><\/a><script async src='https:\/\/embedr.flickr.com\/assets\/client-code.js' charset='utf-8'><\/script><\/p>\n<blockquote>\n<h3><em>DE GEERHALLEN Norrk\u00f6ping<\/em><\/h3>\n<p>12 december 2017<br \/>\n<strong><em>Luciakonsert med kr\u00f6ning av Norrk\u00f6pings Lucia<\/em><\/strong><br \/>\n<em>Luciat\u00e5g: Ellen G\u00f6thberg (Lucia), Albin Olsson, Andreas Backstr\u00f6m, Clara Lindegren, Ebba Fransson, Elin Biden\u00e4s, Hanna Bohlin, Linus S\u00f6derlund, Maja Skog och Mirjan Jonsson<\/em><br \/>\n<em>K\u00f6r- och instrumentalelever fr\u00e5n De Geergymnasiet och Kulturskolan<\/em><br \/>\n<em>Konferencier: \u00c5sa Sj\u00f6berg<\/em><br \/>\n<em>Tal av kommunfullm\u00e4ktiges ordf\u00f6rande Louise Malmstr\u00f6m<\/em><br \/>\n<em>Arr: Kulturskolan, De Geergymnasiet, Norrk\u00f6pings kommun och NT<\/em><\/p>\n<p style=\"padding-left: 30px;\"><em>PROGRAM<\/em><br \/>\n<em>Purcell\/arr: Fitzgerald Intrada ur Suite no 5<\/em><br \/>\n<em>Luciatabl\u00e5<\/em><br \/>\n<em>Wikman\/Hertzman och W\u00e4rnberger\/arr: Jansson M\u00f6rker, m\u00f6rker\/Den lilla l\u00e5gan<\/em><br \/>\n<em>Rehnqvist Var inte r\u00e4dd f\u00f6r m\u00f6rkret<\/em><br \/>\n<em>Elmblad\/Ros\u00e9n\/arr Hillerud Lucias\u00e5ngen<\/em><br \/>\n<em>Johansson\/Agnestig S\u00e5 m\u00f6rk \u00e4r natten<\/em><br \/>\n<em>B\u00e4ckman\/Moraeus\/arr: Sund Kopp\u00e5ngen<\/em><br \/>\n<em>Aas\/Forsman en stj\u00e4rna lyser s\u00e5 klar<\/em><br \/>\n<em>Ok\u00e4nd\/arr: Stureborg Himlen h\u00e4nger stj\u00e4rnsvart<\/em><br \/>\n<em>Bergion Nye Staffan<\/em><br \/>\n<em>Sk\u00f6ld Staffan var en stalledr\u00e4ng<\/em><br \/>\n<em>\u00d6sterverg\/Hallstr\u00f6m\/Aul\u00e9n Nu vagnen<\/em><br \/>\n<em>Rydberg\/Wideen\/arr: Bergion Betlehems stj\u00e4rna<\/em><br \/>\n<em>Cahn\/Styne Let it Snow<\/em><br \/>\n<em>McMichael Gaelic Offering \u2013 Rose Cottage, A Reel<\/em><br \/>\n<em>Arr: Bergsten Julpotpurri #Kuljul<\/em><br \/>\n<em>Pierpont Jingle Bells<\/em><br \/>\n<em>Ok\u00e4nd Josef och Maria<\/em><br \/>\n<em>Ok\u00e4nd Till Lucia<\/em><br \/>\n<em>Gruber\/arr: Davis &amp; Custer Stilla Natt<\/em><br \/>\n<em>Torm\u00e9\/Wells\/arr: Lowden A Christmas Song<\/em><br \/>\n<em>K\u00f6hler Nu t\u00e4ndas tusen juleljus<\/em><\/p>\n<\/blockquote>\n<p>L\u00c4NKAR<br \/>\nKulturskolan <a href=\"http:\/\/www.norrkoping.se\/kultur-fritid\/fritid\/kulturskolan\/\" target=\"_blank\" rel=\"noopener\">hemsida<\/a> <a href=\"https:\/\/www.facebook.com\/Kulturskolannorrkoping\/?fref=ts\" target=\"_blank\" rel=\"noopener\">Facebook<\/a><br \/>\nDe Geergymnasiet <a href=\"http:\/\/www.degeer.norrkoping.se\" target=\"_blank\" rel=\"noopener noreferrer\">hemsida<\/a>\u00a0 <a href=\"https:\/\/www.facebook.com\/DeGeergymnasiet\/?fref=ts\" target=\"_blank\" rel=\"noopener noreferrer\">Facebook<\/a><\/p>\n","protected":false},"excerpt":{"rendered":"<p>NORRK\u00d6PING Ljuset som v\u00e4nder m\u00f6rkret. Norrk\u00f6pings Lucia kr\u00f6ntes i De Geerhallen. Unga r\u00f6ster fr\u00e5n Kulturskolans och De Geergymnasiets k\u00f6rer fyllde tillsammans med och instrumentalister kv\u00e4llen med st\u00e4mningsfull s\u00e5ng och musik.  <a class=\"continue-reading-link\" href=\"https:\/\/www.kultursidan.nu\/?p=33947\">L\u00e4s mer <span class=\"meta-nav\">&rarr; <\/span><\/a><\/p>\n","protected":false},"author":1001006,"featured_media":0,"comment_status":"closed","ping_status":"open","sticky":false,"template":"","format":"standard","meta":{"_jetpack_memberships_contains_paid_content":false,"footnotes":""},"categories":[7],"tags":[37,13],"class_list":["post-33947","post","type-post","status-publish","format-standard","hentry","category-norrkoping","tag-barnkultur","tag-musik"],"jetpack_featured_media_url":"","jetpack_sharing_enabled":true,"_links":{"self":[{"href":"https:\/\/www.kultursidan.nu\/index.php?rest_route=\/wp\/v2\/posts\/33947","targetHints":{"allow":["GET"]}}],"collection":[{"href":"https:\/\/www.kultursidan.nu\/index.php?rest_route=\/wp\/v2\/posts"}],"about":[{"href":"https:\/\/www.kultursidan.nu\/index.php?rest_route=\/wp\/v2\/types\/post"}],"author":[{"embeddable":true,"href":"https:\/\/www.kultursidan.nu\/index.php?rest_route=\/wp\/v2\/users\/1001006"}],"replies":[{"embeddable":true,"href":"https:\/\/www.kultursidan.nu\/index.php?rest_route=%2Fwp%2Fv2%2Fcomments&post=33947"}],"version-history":[{"count":3,"href":"https:\/\/www.kultursidan.nu\/index.php?rest_route=\/wp\/v2\/posts\/33947\/revisions"}],"predecessor-version":[{"id":33951,"href":"https:\/\/www.kultursidan.nu\/index.php?rest_route=\/wp\/v2\/posts\/33947\/revisions\/33951"}],"wp:attachment":[{"href":"https:\/\/www.kultursidan.nu\/index.php?rest_route=%2Fwp%2Fv2%2Fmedia&parent=33947"}],"wp:term":[{"taxonomy":"category","embeddable":true,"href":"https:\/\/www.kultursidan.nu\/index.php?rest_route=%2Fwp%2Fv2%2Fcategories&post=33947"},{"taxonomy":"post_tag","embeddable":true,"href":"https:\/\/www.kultursidan.nu\/index.php?rest_route=%2Fwp%2Fv2%2Ftags&post=33947"}],"curies":[{"name":"wp","href":"https:\/\/api.w.org\/{rel}","templated":true}]}}