{"id":33992,"date":"2017-12-18T12:55:41","date_gmt":"2017-12-18T11:55:41","guid":{"rendered":"https:\/\/intelligent-friend-7861.standoutwp.com\/?p=33992"},"modified":"2017-12-18T13:09:15","modified_gmt":"2017-12-18T12:09:15","slug":"henrik-marmen-ny-konstnarlig-son-chef","status":"publish","type":"post","link":"https:\/\/www.kultursidan.nu\/?p=33992","title":{"rendered":"Henrik Marm\u00e9n ny konstn\u00e4rlig SON-chef"},"content":{"rendered":"<p><img loading=\"lazy\" decoding=\"async\" class=\"alignnone size-medium wp-image-33993\" src=\"https:\/\/www.kultursidan.nu\/wp-content\/uploads\/2017\/12\/HenrikMarmenF_JensIhrstrm-567x373.jpg\" alt=\"\" width=\"567\" height=\"373\" srcset=\"https:\/\/www.kultursidan.nu\/wp-content\/uploads\/2017\/12\/HenrikMarmenF_JensIhrstrm-567x373.jpg 567w, https:\/\/www.kultursidan.nu\/wp-content\/uploads\/2017\/12\/HenrikMarmenF_JensIhrstrm-768x505.jpg 768w, https:\/\/www.kultursidan.nu\/wp-content\/uploads\/2017\/12\/HenrikMarmenF_JensIhrstrm-1024x673.jpg 1024w, https:\/\/www.kultursidan.nu\/wp-content\/uploads\/2017\/12\/HenrikMarmenF_JensIhrstrm-507x333.jpg 507w, https:\/\/www.kultursidan.nu\/wp-content\/uploads\/2017\/12\/HenrikMarmenF_JensIhrstrm-150x99.jpg 150w, https:\/\/www.kultursidan.nu\/wp-content\/uploads\/2017\/12\/HenrikMarmenF_JensIhrstrm.jpg 1255w\" sizes=\"auto, (max-width: 567px) 100vw, 567px\" \/><br \/>\n<em> Februariskott. Henrik Marm\u00e9n blir ny konstn\u00e4rlig chef f\u00f6r Norrk\u00f6pings Symfoniorkester. Han kommer n\u00e4rmast fr\u00e5n Malm\u00f6 Opera d\u00e4r han \u00e4r orkesterchef.<\/em><\/p>\n<p>&nbsp;<\/p>\n<h1><span style=\"color: #ff0000;\">Ska utveckla samarbetet med \u00d6stg\u00f6tateatern<\/span><\/h1>\n<p>&nbsp;<\/p>\n<p>NORRK\u00d6PING <strong>Spets, bredd och samarbete.<\/strong> Norrk\u00f6pings Symfoniorkesters nye konstn\u00e4rlige chef Henrik Marm\u00e9n kommer n\u00e4rmast fr\u00e5n Malm\u00f6 Opera. Han har redan hunnit uppskatta musikernas spelgl\u00e4dje och imponerats av musikelevernas kvalitet vid torsdagens Julkonsert.<\/p>\n<p><strong>\u2013 F\u00f6r mig som \u00e4r musiker i grund och botten \u00e4r det v\u00e4ldigt roligt. <\/strong>Henrik Marm\u00e9n tilltr\u00e4der som Norrk\u00f6pings Symfoniorkesters nye konstn\u00e4rlige chef tidigt n\u00e4sta \u00e5r.<\/p>\n<p>N\u00e4rmast kommer han fr\u00e5n Malm\u00f6 Opera d\u00e4r han varit orkesterchef sedan 2010. Likheter finns \u2013 som detta med spets och bredd \u2013 men skillnaderna i hur orkestrarna arbetar \u00e4r stora. Malm\u00f6 opera producerar sex \u00e0 sju upps\u00e4ttningar per \u00e5r, vilket inneb\u00e4r att operaorkesterns 62 musiker kan f\u00f6rdjupa sig i musiken under l\u00e5nga spelperioder, upp till 50 f\u00f6rest\u00e4llningar.<\/p>\n<p>&nbsp;<\/p>\n<p><a title=\"SON i Petterssons 7:a\" href=\"https:\/\/www.flickr.com\/photos\/kultursidan\/30812211241\/in\/album-72157661720257987\/\"><img loading=\"lazy\" decoding=\"async\" src=\"https:\/\/farm6.staticflickr.com\/5475\/30812211241_2082cbb891.jpg\" alt=\"SON i Petterssons 7:a\" width=\"500\" height=\"333\" \/><\/a><br \/>\n<em>D\u00e4r satt den! Norrk\u00f6pings Symfoniorkester spelade Allan Petterssons sjunde symfoni, dirigerad av Christian Lindberg, i november f\u00f6rra \u00e5ret. <\/em><\/p>\n<p>&nbsp;<\/p>\n<p><strong>Att j\u00e4mf\u00f6ra med Norrk\u00f6pings Symfoniorkester.<\/strong> Den \u00e4r ett rej\u00e4lt nummer st\u00f6rre, 85 musiker stark och ger nya konserter s\u00e5 gott som varje vecka.<\/p>\n<p>\u2013 Utmaningen f\u00f6r Norrk\u00f6pings symfoniorkester \u00e4r att leverera p\u00e5 toppniv\u00e5 efter bara n\u00e5gra dagars repetition, j\u00e4mf\u00f6r Henrik Marm\u00e9n.<\/p>\n<p>Han noterar att de senaste \u00e5rens Grammisnomineringar och vinster \u00e4r ett tydligt kvitto p\u00e5 niv\u00e5n vad g\u00e4ller s\u00e5v\u00e4l konstmusikalisk spets \u2013 Allan Petterssoninspelningar \u2013 som popul\u00e4rmusikalisk bredd \u2013 Sven-Bertil Taubes Hommage-serie.<\/p>\n<p><strong>Henrik Marm\u00e9n har en gedigen bakgrund.<\/strong> Han \u00e4r utbildad konsertpianist och pianopedagog, utbildad bland annat vid Universit\u00e4t der K\u00fcnste i Berlin, Musikh\u00f6gskolan i Malm\u00f6 och Mozarteum i Salzburg. Innan han tog \u00f6ver som orkesterchef p\u00e5 Malm\u00f6 Opera har han varit kulturskolechef i b\u00e5de Varberg och Malm\u00f6. Den kombinationen g\u00f6r honom som klippt och skuren f\u00f6r Norrk\u00f6pings Symfoniorkester.<\/p>\n<p>\u2013 Vi \u00e4r mycket n\u00f6jda med att ha rekryterat en chef till SON som kan vidareutveckla verksamheten utifr\u00e5n den starka plattform som den vilar p\u00e5 idag. Vi vill b\u00e5de bibeh\u00e5lla v\u00e5r k\u00e4rnverksamhet och hitta nya uttryck, b\u00e5de f\u00f6rdjupa och f\u00f6rnya verksamheten. Henrik st\u00e4mmer utm\u00e4rkt in p\u00e5 den kravprofil vi tagit fram, framh\u00e5ller Scenkonstbolagets VD Pia Kronqvist i ett pressmeddelande.<\/p>\n<p>&nbsp;<\/p>\n<p><a title=\"Tanja Orraryd och Mattias Lindstr\u00f6m\" href=\"https:\/\/www.flickr.com\/photos\/kultursidan\/30160703372\/in\/album-72157661720257987\/\"><img loading=\"lazy\" decoding=\"async\" src=\"https:\/\/farm6.staticflickr.com\/5669\/30160703372_9ae935b4b3.jpg\" alt=\"Tanja Orraryd och Mattias Lindstr\u00f6m\" width=\"500\" height=\"333\" \/><\/a><br \/>\n<em> Uppdrag: mer samarbete. Symfoniorkesterns violinist Tanja Orraryd och \u00d6stg\u00f6tateaterns nycirkusartist Mattias Lindstr\u00f6m i gemensamma projektet Vibrationer i luften som gavs f\u00f6r mellanstadieelever i oktober 2016.<\/em><\/p>\n<p>&nbsp;<\/p>\n<p><strong>\u2013 Jag hade n\u00f6jet att vara p\u00e5 Symfoniorkesterns Julkonsert tillsammans med musikklasserna i torsdags.<\/strong> Jag blev varm i hj\u00e4rtat av orkesterns spelgl\u00e4dje och imponerad av den h\u00f6ga kvaliteten p\u00e5 \u00e5terv\u00e4xten bland eleverna, s\u00e4ger Henrik Marm\u00e9n som uppfattar Norrk\u00f6ping som en rik kulturstad.<\/p>\n<p>Han tilltr\u00e4der 12 februari d\u00e5 han kliver in efter Mats Engstr\u00f6m som varit tillf\u00f6rordnad konstn\u00e4rlig chef sedan i v\u00e5ras. Bland det f\u00f6rsta Henrik Marm\u00e9n t\u00e4nker g\u00f6ra, f\u00f6rutom att l\u00e4ra k\u00e4nna orkestern, \u00e4r att skapa sig en uppfattning om omgivande akt\u00f6rer, som nutida och eventuellt framtida samarbetspartners. Medan Malm\u00f6 Opera har en egen professionell operak\u00f6r samarbetar SON med lokala k\u00f6rer, fr\u00e5n kammark\u00f6rer p\u00e5 amat\u00f6relitniv\u00e5 till barnk\u00f6rer.<\/p>\n<p><strong>Den nye konstn\u00e4rlige ledarens uppdrag \u00e4r att forts\u00e4tta orkesterns arbete med utg\u00e5ngspunkt fr\u00e5n dagens plattform, <\/strong>s\u00e5 som den utvecklats inte minst under de senaste \u00e5ren med Karin Veres som ledare.<\/p>\n<p>\u2013 Vi vill b\u00e5de bibeh\u00e5lla v\u00e5r k\u00e4rnverksamhet och hitta nya uttryck, b\u00e5de f\u00f6rdjupa och f\u00f6rnya verksamheten, understryker Pia Kronqvist.<\/p>\n<p>Att Henrik Marm\u00e9n har ett gediget operakunnande och som han s\u00e4ger b\u00e5de \u201dteaterdamm i lungorna och opera i blodomloppet\u201d ligger honom knappast i fatet.<\/p>\n<p>\u2013 Det finns stora m\u00f6jligheter att g\u00f6ra sceniska upps\u00e4ttningar, men jag t\u00e4nker inte s\u00e4tta n\u00e5gon tydlig operapr\u00e4gel.<\/p>\n<p><strong>Uppdraget \u00e4r att nu som tidigare ut till nya publikgrupper, till barn och ungdomar och i regionen <\/strong>\u2013 namnet till trots \u00e4r Norrk\u00f6pings Symfoniorkester hela \u00d6sterg\u00f6tlands symfoniorkester. Och med Scenkonstbolaget som gemensamt paraply finns en annan stor konstn\u00e4rlig organisation att utveckla samarbete med; \u00d6stg\u00f6tateatern som ocks\u00e5 n\u00e4rmar sig chefsbyte n\u00e4r Nils Poletti tar vid efter Johan Celander kommande h\u00f6st.<\/p>\n<p>\u2013 Det ska bli intressant och sp\u00e4nnande! Jag har i uppdrag att finna helt nya incitament till samarbete med \u00d6stg\u00f6tateatern, avslutar Henrik Marm\u00e9n.<\/p>\n<p><em>\u00a9 Text: Ann-Charlotte Sandelin<br \/>\n\u00a9 Foto: Jens Ihlstr\u00f6m och Ann-Charlotte Sandelin<br \/>\n<\/em><\/p>\n<p>L\u00c4NKAR<br \/>\nMalm\u00f6 Opera <a href=\"https:\/\/www.malmoopera.se\" target=\"_blank\" rel=\"noopener\">hemsida<\/a><br \/>\nNorrk\u00f6pings symfoniorkester <a href=\"http:\/\/www.norrkopingssymfoniorkester.se\" target=\"_blank\" rel=\"noopener\">hemsida<\/a> <a href=\"https:\/\/www.facebook.com\/norrkoping.symphony?fref=ts\" target=\"_blank\" rel=\"noopener\">Facebook<br \/>\n<\/a>SON kan r\u00e4kna Grammisnomineringar <a href=\"https:\/\/www.kultursidan.nu\/?p=33964\" target=\"_blank\" rel=\"noopener\">reportage<\/a> Kultursidan.nu 15\/12 2017<br \/>\nNycirkus med SON f\u00f6r mellanstadieelever <a href=\"https:\/\/www.kultursidan.nu\/?p=27358\" target=\"_blank\" rel=\"noopener\">recension<\/a> Kultursidan.nu 12\/10 2016<\/p>\n","protected":false},"excerpt":{"rendered":"<p> NORRK\u00d6PING Spets, bredd och samarbete. Norrk\u00f6pings Symfoniorkesters nye konstn\u00e4rlige chef Henrik Marm\u00e9n kommer n\u00e4rmast fr\u00e5n Malm\u00f6 Opera. Han har redan hunnit uppskatta musikernas spelgl\u00e4dje och imponerats av musikelevernas kvalitet vid torsdagens Julkonsert. <a class=\"continue-reading-link\" href=\"https:\/\/www.kultursidan.nu\/?p=33992\">L\u00e4s mer <span class=\"meta-nav\">&rarr; <\/span><\/a><\/p>\n","protected":false},"author":1001006,"featured_media":0,"comment_status":"closed","ping_status":"open","sticky":false,"template":"","format":"standard","meta":{"_jetpack_memberships_contains_paid_content":false,"footnotes":""},"categories":[7,1],"tags":[13],"class_list":["post-33992","post","type-post","status-publish","format-standard","hentry","category-norrkoping","category-okategoriserade","tag-musik"],"jetpack_featured_media_url":"","jetpack_sharing_enabled":true,"_links":{"self":[{"href":"https:\/\/www.kultursidan.nu\/index.php?rest_route=\/wp\/v2\/posts\/33992","targetHints":{"allow":["GET"]}}],"collection":[{"href":"https:\/\/www.kultursidan.nu\/index.php?rest_route=\/wp\/v2\/posts"}],"about":[{"href":"https:\/\/www.kultursidan.nu\/index.php?rest_route=\/wp\/v2\/types\/post"}],"author":[{"embeddable":true,"href":"https:\/\/www.kultursidan.nu\/index.php?rest_route=\/wp\/v2\/users\/1001006"}],"replies":[{"embeddable":true,"href":"https:\/\/www.kultursidan.nu\/index.php?rest_route=%2Fwp%2Fv2%2Fcomments&post=33992"}],"version-history":[{"count":6,"href":"https:\/\/www.kultursidan.nu\/index.php?rest_route=\/wp\/v2\/posts\/33992\/revisions"}],"predecessor-version":[{"id":33999,"href":"https:\/\/www.kultursidan.nu\/index.php?rest_route=\/wp\/v2\/posts\/33992\/revisions\/33999"}],"wp:attachment":[{"href":"https:\/\/www.kultursidan.nu\/index.php?rest_route=%2Fwp%2Fv2%2Fmedia&parent=33992"}],"wp:term":[{"taxonomy":"category","embeddable":true,"href":"https:\/\/www.kultursidan.nu\/index.php?rest_route=%2Fwp%2Fv2%2Fcategories&post=33992"},{"taxonomy":"post_tag","embeddable":true,"href":"https:\/\/www.kultursidan.nu\/index.php?rest_route=%2Fwp%2Fv2%2Ftags&post=33992"}],"curies":[{"name":"wp","href":"https:\/\/api.w.org\/{rel}","templated":true}]}}