{"id":34044,"date":"2017-12-22T16:01:10","date_gmt":"2017-12-22T15:01:10","guid":{"rendered":"https:\/\/intelligent-friend-7861.standoutwp.com\/?p=34044"},"modified":"2017-12-22T16:01:10","modified_gmt":"2017-12-22T15:01:10","slug":"rosor-och-ris-till-tolerans-manifestation","status":"publish","type":"post","link":"https:\/\/www.kultursidan.nu\/?p=34044","title":{"rendered":"Rosor och ris till tolerans-manifestation"},"content":{"rendered":"<p><img loading=\"lazy\" decoding=\"async\" class=\"alignnone size-medium wp-image-34045\" src=\"https:\/\/www.kultursidan.nu\/wp-content\/uploads\/2017\/12\/030-Publik-567x377.jpg\" alt=\"\" width=\"567\" height=\"377\" srcset=\"https:\/\/www.kultursidan.nu\/wp-content\/uploads\/2017\/12\/030-Publik-567x377.jpg 567w, https:\/\/www.kultursidan.nu\/wp-content\/uploads\/2017\/12\/030-Publik-768x510.jpg 768w, https:\/\/www.kultursidan.nu\/wp-content\/uploads\/2017\/12\/030-Publik-1024x680.jpg 1024w, https:\/\/www.kultursidan.nu\/wp-content\/uploads\/2017\/12\/030-Publik-501x333.jpg 501w, https:\/\/www.kultursidan.nu\/wp-content\/uploads\/2017\/12\/030-Publik-150x100.jpg 150w, https:\/\/www.kultursidan.nu\/wp-content\/uploads\/2017\/12\/030-Publik.jpg 1280w\" sizes=\"auto, (max-width: 567px) 100vw, 567px\" \/><br \/>\n<em>Demokratins eld. M\u00e5nga kom till manifestationen i Carl Johans Park p\u00e5 onsdagskv\u00e4llen. <\/em><\/p>\n<p>&nbsp;<\/p>\n<h1><span style=\"color: #ff0000;\">\u201d\u00c4r vi de goda, de onda eller de som tittar p\u00e5\u201d<\/span><\/h1>\n<p>&nbsp;<\/p>\n<p>NORRK\u00d6PING &#8221;<strong>Today I Love You \u2013 varje dag.&#8221; <\/strong>Ett hundratal personer samlades till onsdagskv\u00e4llens manifestation i Carl Johans Park. Bland de m\u00e5nga talen f\u00f6r tolerans och religionsfrihet blandades \u00e4ven kritik mot att Sverigedemokraterna bjudits in.<\/p>\n<p><strong>\u2013 En attack mot synagogan \u00e4r en attack mot demokratin<\/strong>. Och en attack mot demokratin \u00e4r en attack mot alla, inledde Juno Blom som presenterade manifestationen och kv\u00e4llens talare.<\/p>\n<p>Med kort varsel, efter hoten mot judar i Malm\u00f6 f\u00f6rra fredagen och mordbrandsattacken mot en synagoga i G\u00f6teborg dagen d\u00e4rp\u00e5, arrangerade Liberalerna i Norrk\u00f6ping en v\u00e4lbes\u00f6kt manifestation mot f\u00f6rtryck och f\u00f6r religionsfrihet och tolerans.<\/p>\n<p><strong>Ett hundratal \u00e5h\u00f6rare som samlats i parken fick lyssna p\u00e5 14 talare som, med ett par minuters talartid var,<\/strong> gav sin syn p\u00e5 religionsfrihet, tolerans och m\u00e4nniskors lika v\u00e4rde.<\/p>\n<p>Platsen f\u00f6r manifestation var Carl Johans Park \u2013 passande nog framf\u00f6r ljuskonstverket \u201dToday I love you\u201d. Kommunalr\u00e5det Reidar Svedahl fick ta emot stor uppskattning f\u00f6r sitt initiativ att bjuda in samtliga partier med s\u00e4te i Norrk\u00f6pings kommunfullm\u00e4ktige, liksom Svenska kyrkan och andra trossamfund men ocks\u00e5 organisationer som Forum f\u00f6r levande historia och Svenska FN-f\u00f6rbundet.<\/p>\n<p>&nbsp;<\/p>\n<p><a title=\"Joakim von Scheele\" href=\"https:\/\/www.flickr.com\/photos\/kultursidan\/38342317175\/in\/album-72157691338330665\/\"><img loading=\"lazy\" decoding=\"async\" src=\"https:\/\/farm5.staticflickr.com\/4638\/38342317175_55ddd09e21.jpg\" alt=\"Joakim von Scheele\" width=\"500\" height=\"333\" \/><\/a><br \/>\n<em> Kunskapsgrund. Joakim von Sch\u00e9ele arbetar vid Forum f\u00f6r levande historia som b\u00f6rjade som ett projekt f\u00f6r att ge fakta om F\u00f6rintelsen under andra v\u00e4rldskriget men nu skapar utbildningsmaterial om alla brott mot m\u00e4nskligheten i v\u00e5r tid.<\/em><\/p>\n<p>&nbsp;<\/p>\n<p><strong>Joakim von Sch\u00e9ele fr\u00e5n Forum f\u00f6r levande historia p\u00e5minde om att kunskap och fakta \u00e4r viktigt mot generaliserande f\u00f6rdomar.<\/strong> Han tog \u00e4ven upp risken f\u00f6r falska rykten, som nu om den planerade mosk\u00e9n i Ektorp, som spelar p\u00e5 m\u00e4nniskors r\u00e4dsla.<\/p>\n<p>\u2013 V\u00e4ldigt f\u00f6renklat kan man dela in m\u00e4nskligheten i de goda, de onda och de som tittar p\u00e5. Vi m\u00e5ste fr\u00e5ga oss sj\u00e4lva \u2013 vilka vill vi tillh\u00f6ra?<\/p>\n<p><strong>\u2013 H\u00e4r i v\u00e5r stad, som vi alla \u00e4r en del av, m\u00e5ste det vara s\u00e5 att det aldrig n\u00e5gonsin ska brinna i v\u00e5r gamla synagoga,<\/strong> att det aldrig n\u00e5gonsin ska st\u00e5 saker klottrade p\u00e5 v\u00e5ra medeltida kyrkor, eller att rutor ska vara krossade i nybyggda mosk\u00e9er, understr\u00f6k kyrkoherde Thomas W\u00e4rfman, Svenska kyrkan.<\/p>\n<p>\u2013 Tv\u00e4rtom! Vem som helst ska kunna s\u00e4ga: jag \u00e4r jude, jag \u00e4r kristen, jag \u00e4r muslim, jag \u00e4r ateist, i det offentliga rummet, utan att vara r\u00e4dd efter\u00e5t. Krigen i Mellan\u00f6stern, i Afrika och Afghanistan ska inte forts\u00e4tta h\u00e4r. M\u00e4nniskor har kommit hit f\u00f6r att \u00e4r fred h\u00e4r, det ska forts\u00e4tta vara fred h\u00e4r. Det \u00e4r ett ansvar f\u00f6r oss allihopa. Det \u00e4r ett hopp f\u00f6r hela v\u00e4rlden, att det finns en plats som det \u00e4r fred p\u00e5.<\/p>\n<p><strong>\u2013 Vi \u00e4r h\u00e4r i kv\u00e4ll f\u00f6r att s\u00e4ga nej till all antisemitism och all islamofobi, f\u00f6r att s\u00e4ga till v\u00e5ra judiska v\u00e4nner att vi finns h\u00e4r till f\u00f6r er.<\/strong> Det \u00e4r bara genom att vara tillsammans vi kan \u00f6vervinna de onda krafterna, sade Mensur Mustafic, ordf\u00f6rande f\u00f6r Bosniska Islamiska f\u00f6rsamlingen och Norrk\u00f6pings muslimska r\u00e5d.<\/p>\n<p><strong>\u2013 Det \u00e4r bra att flera palestinska f\u00f6retr\u00e4dare i Sverige efter attackerna mot judar uttalat sig tydligt mot antisemitism, tillade Alexander Gabelic fr\u00e5n Svenska FN-f\u00f6rbundet<\/strong> senare under kv\u00e4llen och citerade FN:s generalsekretare Ant\u00f3nio Guterres som tidigare i \u00e5r sagt att \u201drasism, fr\u00e4mlingsfientlighet, antisemitism och islamofobi f\u00f6rgiftar v\u00e5rt samh\u00e4lle\u201d.<\/p>\n<p>&nbsp;<\/p>\n<p><a title=\"Karin Jonsson\" href=\"https:\/\/www.flickr.com\/photos\/kultursidan\/39218601721\/in\/album-72157691338330665\/\"><img loading=\"lazy\" decoding=\"async\" src=\"https:\/\/farm5.staticflickr.com\/4594\/39218601721_b86c724f51.jpg\" alt=\"Karin Jonsson\" width=\"500\" height=\"332\" \/><\/a><br \/>\n<em> Ocks\u00e5 historiekunnig. Karin Jonsson p\u00e5minde om att Norrk\u00f6ping har en av Sveriges \u00e4ldsta synagogor.<\/em><\/p>\n<p>&nbsp;<\/p>\n<p><strong>Merparten av talarna \u00e5terkom till att alla m\u00e4nniskors lika v\u00e4rde, religionsfrihet och tolerans mot varandra \u00e4r en f\u00f6ruts\u00e4ttning f\u00f6r ett demokratiskt samh\u00e4lle.<\/strong> Sofia Jarl, moderaterna, p\u00e5minde om om hur Sverige \u00e4r resultatet av folkvandringar. Centerpartiets Karin Jonsson lyfte fram att Norrk\u00f6ping som \u00e4r en av de f\u00f6rsta st\u00e4derna i Sverige d\u00e4r det byggdes en synagoga.<\/p>\n<p>Kicki Liljeblad, socialdemokraterna, erinrade om att det var m\u00e5nga svenskar som utvandrade till fr\u00e4mst USA\/Amerika, merparten f\u00f6r att s\u00f6ka lyckan och frihet fr\u00e5n fattigdom, men ocks\u00e5 p\u00e5 grund av att det i Sverige inte fanns religionsfrihet.<\/p>\n<p>\u2013 Sverige var ett land man flydde fr\u00e5n. Det \u00e4r en historia viktig att ha kunskap om i dessa tider. Nu \u00e4r Sverige ett land man flyr till.<\/p>\n<p><strong>Milj\u00f6partisten Mia Sk\u00f6ld s\u00e5g hur m\u00e4nniskors m\u00f6ten bygger kreativitet och ett nytt och b\u00e4ttre samh\u00e4lle.<\/strong> Detta h\u00f6ll kristdemokraten Eva-Britt Sj\u00f6berg med om \u2013 med \u00f6msesidig tolerans och respekt byggs ett samh\u00e4lle med en stadig grund.<\/p>\n<p>\u2013 Vad \u00e4r toleransen v\u00e4rd om vi bara tolererar dem som tror och tycker som vi?<\/p>\n<p><strong>Birgitta Olsson, riksdagsman f\u00f6r Liberalerna, citerade Martin Luther Kings ord om att ljuset \u00e4r det enda som kan driva bort m\u00f6rkret<\/strong> och att k\u00e4rlek \u00e4r det enda som kan driva bort hat. Hon skissade upp ett n\u00e4rmast \u00f6verv\u00e4ldigande m\u00f6rker, ute i v\u00e4rlden och h\u00e4r hemma, och l\u00e5nade nobelpristagen Elie Wiesels ord att motsatsen till k\u00e4rlek inte \u00e4r hat utan likgiltighet.<\/p>\n<p>\u2013 Kom ih\u00e5g, den h\u00e4r aftonen f\u00e5r inte stanna vid vackra ord och h\u00f6gtidstal. Det \u00e4r hur alla ni agerar efter\u00e5t som avg\u00f6r om vi var likgiltiga eller inte.<\/p>\n<p>&nbsp;<\/p>\n<p><a title=\"Sandra Isaksson\" href=\"https:\/\/www.flickr.com\/photos\/kultursidan\/39189873472\/in\/album-72157691338330665\/\"><img loading=\"lazy\" decoding=\"async\" src=\"https:\/\/farm5.staticflickr.com\/4730\/39189873472_130996ae42.jpg\" alt=\"Sandra Isaksson\" width=\"500\" height=\"332\" \/><\/a><br \/>\n<em> Kritisk. Sandra Isaksson klandrade arrang\u00f6rerna f\u00f6r att de bjudit in Sverigedemokraterna till manifestationen.<\/em><\/p>\n<p>&nbsp;<\/p>\n<p><strong>M\u00e5nga rosade Liberalerna f\u00f6r m\u00f6tesinitiativet men de fick \u00e4ven ta emot kritik.<\/strong> V\u00e4nsterpartiets riksdagsledamot Linda Snecker kritiserade arrang\u00f6rerna f\u00f6r att de bjudit in Sverigedemokraterna som talar f\u00f6r assimilering och vars talman ifr\u00e5gasatt om den som \u00e4r jude kan r\u00e4knas som svensk.<\/p>\n<p>\u2013 Jag hade trott att vi hade samlats under ett budskap om tolerans, acceptans och allas lika v\u00e4rde. Jag inser att s\u00e5 \u00e4r inte fallet, sade hon.<\/p>\n<p><strong>Sverigedemokraternas Darko Mamkovic, som talade direkt efter Linda Snecker,<\/strong> tackade Reidar f\u00f6r att han bjudit in samtliga partier.<\/p>\n<p>\u2013 Splittring och polarisering pr\u00e4glar v\u00e5rt samh\u00e4lle och konfrontation och v\u00e5ld anv\u00e4nds mot meningsmotst\u00e5ndare. Det tycker inte jag \u00e4r en bra v\u00e4g att g\u00e5, fortsatte han och hoppades att m\u00e4nniskor med r\u00f6tter i andra delar av v\u00e4rlden kan l\u00e4mna sina gamla konflikter bakom sig och i st\u00e4llet ansluter sig till svenska normer och v\u00e4rderingar.<\/p>\n<p><strong>Efter sitt inl\u00e4gg l\u00e4mnade han manifestationen, s\u00e5 FI:s synpunkter missade han.<\/strong> F\u00f6r \u00e4ven Feministiskt Initiativs talesperson Sandra Isaksson var emot att SD blivit inbjudna.<\/p>\n<p>\u2013 Sverigedemokraterna har aktivt f\u00f6rs\u00f6kt stoppa byggandet av den bosniska mosk\u00e9n som \u00e4r under planerande. Och de f\u00f6rs\u00f6ker i alla l\u00e4gen f\u00f6rsv\u00e5ra f\u00f6r m\u00e4nniskor som flytt krig och f\u00f6rf\u00f6ljelse och f\u00f6rs\u00f6ker hitta ett nytt liv h\u00e4r i Norrk\u00f6ping.<\/p>\n<p>&nbsp;<\/p>\n<p><a title=\"Today I Love You\" href=\"https:\/\/www.flickr.com\/photos\/kultursidan\/39189872952\/in\/album-72157691338330665\/\"><img loading=\"lazy\" decoding=\"async\" src=\"https:\/\/farm5.staticflickr.com\/4591\/39189872952_07fa787e99.jpg\" alt=\"Today I Love You\" width=\"500\" height=\"332\" \/><\/a><br \/>\n<em>\u2013 \u201dToday I love You\u201d, det \u00e4r n\u00e5got vi ska s\u00e4ga till varandra varje dag, sade Sandra Isaksson i sitt anf\u00f6rande.<\/em><\/p>\n<p>&nbsp;<\/p>\n<p><strong>Norrk\u00f6ping \u00e4r en av de f\u00f6rsta st\u00e4der i Sverige som \u00f6ppnades f\u00f6r mosaiska trosbek\u00e4nnare p\u00e5 1700-talet.<\/strong> I dag finns ingen f\u00f6rsamling, alltf\u00f6r m\u00e5nga med judisk h\u00e4rkomst har l\u00e4mnat staden under det sena 1900-talet.<\/p>\n<p><em>\u00a9 Text: Sven \u00c5ke Molund och Ann-Charlotte Sandelin<\/em><br \/>\n<em>\u00a9 Foto: Sven \u00c5ke Molund<\/em><\/p>\n<blockquote>\n<h3><em>CARL JOHANS PARK Norrk\u00f6ping<\/em><\/h3>\n<p>20 december 2017<br \/>\n<strong><em>Manifestation f\u00f6r k\u00e4rlek och tolerans<\/em><\/strong><br \/>\n<em>Arr: Liberalerna i Norrk\u00f6ping<\/em><\/p>\n<p style=\"padding-left: 30px;\"><em>TALARORDNING<\/em><br \/>\n<em>Juno Blom, (L)<\/em><br \/>\n<em>Joakim von Sch\u00e9ele, Forum f\u00f6r levande historia<\/em><br \/>\n<em>Thomas W\u00e4rfman, kyrkoherde, Svenska kyrkan<\/em><br \/>\n<em>Birgitta Olsson, riksdagsledamot (L)<\/em><br \/>\n<em>Karin Jonsson (C)<\/em><br \/>\n<em>Sofia Jarl (M)<\/em><br \/>\n<em>Mensur Mustafic, Bosniska Islamiska f\u00f6rsamlingen<\/em><br \/>\n<em>Kikki Liljeblad (S)<\/em><br \/>\n<em>Linda Snecker, riksdagsledamot (V)<\/em><br \/>\n<em>Darko Mamkovic (SD)<\/em><br \/>\n<em>Aleksander Gabelic, Svenska FN-f\u00f6rbundet<\/em><br \/>\n<em>Sandra Isaksson (FI)<\/em><br \/>\n<em>Mia Sk\u00f6ld (MP)<\/em><br \/>\n<em>Eva-Britt Sj\u00f6berg (KD)<\/em><\/p>\n<p style=\"padding-left: 30px;\"><em>Josef Dag fr\u00e5n S:t Kyriakos syrisk-ortodoxa f\u00f6rsamling var f\u00f6rhindrad <\/em><\/p>\n<\/blockquote>\n<p>L\u00c4NKAR<br \/>\nManifestation f\u00f6r k\u00e4rlek och tolerans <a href=\"https:\/\/www.facebook.com\/events\/175251679882903\/?active_tab=discussion\" target=\"_blank\" rel=\"noopener\">FB-evenemang<\/a><\/p>\n","protected":false},"excerpt":{"rendered":"<p>NORRK\u00d6PING &#8221;Today I Love You \u2013 varje dag.&#8221; Ett hundratal personer samlades till onsdagskv\u00e4llens manifestation i Carl Johans Park. Bland de m\u00e5nga talen f\u00f6r tolerans och religionsfrihet blandades \u00e4ven kritik mot att Sverigedemokraterna bjudits in. <a class=\"continue-reading-link\" href=\"https:\/\/www.kultursidan.nu\/?p=34044\">L\u00e4s mer <span class=\"meta-nav\">&rarr; <\/span><\/a><\/p>\n","protected":false},"author":1001006,"featured_media":0,"comment_status":"closed","ping_status":"open","sticky":false,"template":"","format":"standard","meta":{"_jetpack_memberships_contains_paid_content":false,"footnotes":""},"categories":[7],"tags":[56],"class_list":["post-34044","post","type-post","status-publish","format-standard","hentry","category-norrkoping","tag-politik"],"jetpack_featured_media_url":"","jetpack_sharing_enabled":true,"_links":{"self":[{"href":"https:\/\/www.kultursidan.nu\/index.php?rest_route=\/wp\/v2\/posts\/34044","targetHints":{"allow":["GET"]}}],"collection":[{"href":"https:\/\/www.kultursidan.nu\/index.php?rest_route=\/wp\/v2\/posts"}],"about":[{"href":"https:\/\/www.kultursidan.nu\/index.php?rest_route=\/wp\/v2\/types\/post"}],"author":[{"embeddable":true,"href":"https:\/\/www.kultursidan.nu\/index.php?rest_route=\/wp\/v2\/users\/1001006"}],"replies":[{"embeddable":true,"href":"https:\/\/www.kultursidan.nu\/index.php?rest_route=%2Fwp%2Fv2%2Fcomments&post=34044"}],"version-history":[{"count":9,"href":"https:\/\/www.kultursidan.nu\/index.php?rest_route=\/wp\/v2\/posts\/34044\/revisions"}],"predecessor-version":[{"id":34054,"href":"https:\/\/www.kultursidan.nu\/index.php?rest_route=\/wp\/v2\/posts\/34044\/revisions\/34054"}],"wp:attachment":[{"href":"https:\/\/www.kultursidan.nu\/index.php?rest_route=%2Fwp%2Fv2%2Fmedia&parent=34044"}],"wp:term":[{"taxonomy":"category","embeddable":true,"href":"https:\/\/www.kultursidan.nu\/index.php?rest_route=%2Fwp%2Fv2%2Fcategories&post=34044"},{"taxonomy":"post_tag","embeddable":true,"href":"https:\/\/www.kultursidan.nu\/index.php?rest_route=%2Fwp%2Fv2%2Ftags&post=34044"}],"curies":[{"name":"wp","href":"https:\/\/api.w.org\/{rel}","templated":true}]}}