{"id":34072,"date":"2017-12-27T12:56:53","date_gmt":"2017-12-27T11:56:53","guid":{"rendered":"https:\/\/intelligent-friend-7861.standoutwp.com\/?p=34072"},"modified":"2017-12-27T13:03:18","modified_gmt":"2017-12-27T12:03:18","slug":"fantasin-ska-driva-trollkarlen-fran-oz","status":"publish","type":"post","link":"https:\/\/www.kultursidan.nu\/?p=34072","title":{"rendered":"Fantasin ska driva Trollkarlen fr\u00e5n Oz"},"content":{"rendered":"<p><img loading=\"lazy\" decoding=\"async\" class=\"alignnone size-medium wp-image-34074\" src=\"https:\/\/www.kultursidan.nu\/wp-content\/uploads\/2017\/12\/Oz5-567x428.jpg\" alt=\"\" width=\"567\" height=\"428\" srcset=\"https:\/\/www.kultursidan.nu\/wp-content\/uploads\/2017\/12\/Oz5-567x428.jpg 567w, https:\/\/www.kultursidan.nu\/wp-content\/uploads\/2017\/12\/Oz5-768x580.jpg 768w, https:\/\/www.kultursidan.nu\/wp-content\/uploads\/2017\/12\/Oz5-1024x773.jpg 1024w, https:\/\/www.kultursidan.nu\/wp-content\/uploads\/2017\/12\/Oz5-441x333.jpg 441w, https:\/\/www.kultursidan.nu\/wp-content\/uploads\/2017\/12\/Oz5-150x113.jpg 150w, https:\/\/www.kultursidan.nu\/wp-content\/uploads\/2017\/12\/Oz5.jpg 1280w\" sizes=\"auto, (max-width: 567px) 100vw, 567px\" \/><br \/>\n<em>Klassiker. Lejonet, Pl\u00e5tmannen och F\u00e5gelskr\u00e4mman \u00e4r f\u00f6rst\u00e5s med. I rollerna Ana Stani\u0161i\u0107, Lisa Hu Yu och\u00a0Andreas Ferrara Noli tillsammans med<\/em> <em>Viktor Bj\u00f6rkberg och<\/em><br \/>\n<em>My Holmsten som den gr\u00f6na soldaten och Dorothy Gale.<\/em><\/p>\n<p>&nbsp;<\/p>\n<h1><span style=\"color: #ff0000;\">Tre os\u00e4kra Dorothy och en filmdiva<\/span><\/h1>\n<p>&nbsp;<\/p>\n<p>NORRK\u00d6PING <strong>\u201dAllt \u00e4r m\u00f6jligt!\u201d<\/strong> M\u00e5nga mellanstadieelever har redan sett <em>Trollkarlen fr\u00e5n Oz<\/em> i h\u00f6st. Nu \u00e4r det alla andras tur n\u00e4r Ung scen\/\u00f6st intar Stora scenen i Norrk\u00f6ping. Komposit\u00f6ren Christoffer Karlsson inspirerades av den f\u00e4rgstarka scenografin.<\/p>\n<p><strong>Nu \u00e4r det dags igen.<\/strong> \u00d6stg\u00f6tateaterns upps\u00e4ttning av <em>Trollkarlen fr\u00e5n Oz<\/em> 2005 var en riktig hit, som gladde m\u00e5nga och inspirerade mer \u00e4n en ung musikalartist att v\u00e4lja yrkesbana.<\/p>\n<p>Hela h\u00f6sten har Ung scen\/\u00f6st spelat sin nyskrivna version f\u00f6r skolelever i Elsas hus i Link\u00f6ping, i Finsp\u00e5ngs Kulturhus och p\u00e5 Teater Br\u00e5ddgatan 34 i Norrk\u00f6ping. Under jullovet flyttar den f\u00e4rgsprakande f\u00f6rest\u00e4llningen \u00f6ver till Stora teatern i Norrk\u00f6ping och spelar f\u00f6r hela familjen.<\/p>\n<p><strong>\u2013 Att vara <em>n\u00e4ra<\/em> publiken som vi \u00e4r p\u00e5 skolf\u00f6rest\u00e4llningarna ger <em>en<\/em> kvalitet.<\/strong> Nu att st\u00e5 p\u00e5 stora scenen \u00e4r <em>m\u00e4ktigt<\/em>, s\u00e4rskilt kristallkronan, s\u00e4ger sk\u00e5despelaren Lisa Hu Yy och f\u00e5r medh\u00e5ll av flera kollegor som fascineras av den stora ljusarmaturen som h\u00e4nger \u00f6ver publiken i teatersalongen.<\/p>\n<p>Lisa Hu Yu spelar, f\u00f6rutom andra roller, en av de tre Dorothy som kommer fr\u00e5n den \u201dvanliga\u201d v\u00e4rlden som kommer till det f\u00e4rgsprakande landet Oz. Jag tr\u00e4ffar henne och n\u00e5gra andra i ensemblen n\u00e4r de b\u00f6rjat k\u00e4nna in sig p\u00e5 stora scenen inf\u00f6r nypremi\u00e4ren av musikalen 28 december. De njuter av scenens rymd och ser fram emot att forts\u00e4tta spela f\u00f6rest\u00e4llningen.<\/p>\n<p>\u2013 Vi har kul ihop och lyckas \u00f6verraska varandra, s\u00e4ger Ana Stani\u0161i\u0107 som framh\u00e5ller att ensemblen utvecklat ett gott samspel under h\u00f6sten.<\/p>\n<p>&nbsp;<\/p>\n<p><a title=\"Trollkarlen fr\u00e5n Oz\" href=\"https:\/\/www.flickr.com\/photos\/kultursidan\/25461489358\/in\/album-72157662000915087\/\"><img loading=\"lazy\" decoding=\"async\" src=\"https:\/\/farm5.staticflickr.com\/4637\/25461489358_c5364cf887.jpg\" alt=\"Trollkarlen fr\u00e5n Oz\" width=\"500\" height=\"331\" \/><\/a><br \/>\n<em> M\u00e4rkligt m\u00f6te. De tre Dorothy st\u00f6ter p\u00e5 m\u00e5nga figurer i landet Oz. Sk\u00e5despelarna kliver i och ur flera roller.<\/em><\/p>\n<p>&nbsp;<\/p>\n<p><strong>Varf\u00f6r skriva en ny f\u00f6rest\u00e4llning n\u00e4r den gamla redan finns?<\/strong> Filmen har ju omvandlats till musikal flera g\u00e5nger om. Fr\u00e5gar jag Ung scen\/\u00f6sts konstn\u00e4rliga ledare AnnaLina Hertzberg som skrivit manus och regisserar.<\/p>\n<p>\u2013 Den gamla \u00e4r en bok. Och en film. Det finns en uppsj\u00f6 av filmer och scenversioner, svarar AnnaLina Hertzberg.<\/p>\n<p>Dessutom tar den k\u00e4nda filmen med Judy Garland bara upp en del av bokens inneh\u00e5ll \u2013 och l\u00e4gger till en del som inte st\u00e5r i boken.<\/p>\n<p><strong>\u2013 Boken \u00e4r min inspirationsk\u00e4lla.<\/strong> Den \u00e4r fantastisk och full av hittep\u00e5saker. Som att det kommer in en gr\u00f6n h\u00f6na och l\u00e4gger ett \u00e4gg. Allt \u00e4r till\u00e5tet! Jag ville gasa p\u00e5, ville att det skulle vara \u201df\u00f6r mycket\u201d.<\/p>\n<p>AnnaLina Hertzberg l\u00e4gger ocks\u00e5 till, genom att skriva in tre Dorothys som kommer fr\u00e5n bokens \u201dvanliga\u201d v\u00e4rld. De \u00e4r lite olika sinsemellan, r\u00e4dda eller os\u00e4kra p\u00e5 olika s\u00e4tt. Att det till\u00e4gget g\u00e5r hem har sk\u00e5despelarna m\u00e4rkt under h\u00f6sten n\u00e4r de m\u00f6tt eleverna efter f\u00f6rest\u00e4llningarna.<\/p>\n<p>\u2013 Ibland \u00e4r det tydligt vem som g\u00e5r fram till vilken Dorothy, s\u00e4ger Lisa Hu Yu.<\/p>\n<p><strong>Filmversionen har inspirerat till en fj\u00e4rde Dorothy som trion och publiken m\u00f6ter i landet Oz.<\/strong> Dorothy Gale \u201dvet\u201d hur det ska g\u00e5, styr och st\u00e4ller.<\/p>\n<p>\u2013 Hon \u00e4r ju divan, utbrister Ana Stani\u0161i\u0107 och Viktor Bj\u00f6rkberg till\u00e4gger:<br \/>\n\u2013 Hon f\u00e5r som hon vill och f\u00f6r historien fram\u00e5t.<\/p>\n<p><strong>St\u00e4mningsmusik och fem s\u00e5nger ryms i den knappt en timme l\u00e5nga f\u00f6rest\u00e4llningen.<\/strong> Om originalfilmens <em>Over the Rainbow<\/em> blivit en ikonisk l\u00e5t s\u00e5 tycker Christoffer Karlsson som skrivit den nya musiken att \u00e4ven hans s\u00e5nger \u00e4r n\u00e5got publiken kan nynna p\u00e5 efter f\u00f6rest\u00e4llningen.<\/p>\n<p>Fr\u00e5n b\u00f6rjan inspirerades han av filmen och t\u00e4nkte sig akustiska instrument och jordk\u00e4nsla. Men n\u00e4r han fick se scenografen Marcus Olsons skisser sv\u00e4ngde han om.<\/p>\n<p>\u2013 Scenografin \u00e4r f\u00e4rgstark och flummig s\u00e5 jag inspirerades av den ist\u00e4llet. I landet Oz har jag jobbat med synthar och trummaskiner medan den vanliga v\u00e4rlden \u00e4r akustisk.<\/p>\n<p><strong>Kanske <em>Trollkarlen fr\u00e5n Oz<\/em> \u00e4n en g\u00e5ng f\u00f6rtrollar en och annan i publiken<\/strong> att b\u00f6rja dr\u00f6mma om att sj\u00e4lv st\u00e5 p\u00e5 scenen en g\u00e5ng.<\/p>\n<p><em>\u00a9 Text: Ann-Charlotte Sandelin<br \/>\n\u00a9 Foto: Bertil Hertzberg<\/em><\/p>\n<blockquote>\n<h3><em>STORA TEATERN Norrk\u00f6ping<\/em><\/h3>\n<p>28 december 2017 \u2013 14 januari 2018<br \/>\n<strong><em>Trollkarlen fr\u00e5n Oz<\/em><\/strong><br \/>\n<em>Manus och regi: AnnaLina Hertzberg<\/em><br \/>\n<em>Scenografi och kostym: Marcus Olson<\/em><br \/>\n<em>Mask- och perukdesign: Agnes Kentt\u00e4<\/em><br \/>\n<em>Musik och ljuddesign: Christoffer Karlsson<\/em><br \/>\n<em>Ljusdesign: Sofie Andersson\u2028\u2028<\/em><\/p>\n<p style=\"padding-left: 30px;\"><em>SK\u00c5DESPELARE<\/em><br \/>\n<em>Ana Stani\u0161i\u0107<\/em><br \/>\n<em>Lisa Hu Yu<\/em><br \/>\n<em>Viktor Bj\u00f6rkberg<\/em><br \/>\n<em>My Holmsten<\/em><br \/>\n<em>Andreas Ferrara Noli<\/em><\/p>\n<\/blockquote>\n<p>L\u00c4NKAR<br \/>\nTrollkarlen fr\u00e5n Oz <a href=\"https:\/\/sv.wikipedia.org\/wiki\/Trollkarlen_fr\u00e5n_Oz_(bok)\" target=\"_blank\" rel=\"noopener\">boken\/Wikipedia<\/a> <a href=\"https:\/\/sv.wikipedia.org\/wiki\/Trollkarlen_fr\u00e5n_Oz\" target=\"_blank\" rel=\"noopener\">filmen\/Wikipedia<\/a><br \/>\n\u00d6stg\u00f6tateatern <a href=\"http:\/\/www.ostgotateatern.se\" target=\"_blank\" rel=\"noopener\">hemsida<\/a> <a href=\"https:\/\/www.facebook.com\/ostgotateatern\/\" target=\"_blank\" rel=\"noopener\">Facebook<\/a><br \/>\nUng scen\/\u00f6st <a href=\"http:\/\/www.ungscen.se\" target=\"_blank\" rel=\"noopener\">hemsida<\/a> <a href=\"https:\/\/www.facebook.com\/ungscen\/?fref=ts\" target=\"_blank\" rel=\"noopener\">Facebook<\/a><\/p>\n","protected":false},"excerpt":{"rendered":"<p>NORRK\u00d6PING \u201dAllt \u00e4r m\u00f6jligt!\u201d M\u00e5nga mellanstadieelever har redan sett Trollkarlen fr\u00e5n Oz i h\u00f6st. Nu \u00e4r det alla andras tur n\u00e4r Ung scen\/\u00f6st intar Stora teatern i Norrk\u00f6ping. Komposit\u00f6ren Christoffer Karlsson inspirerades av den f\u00e4rgstarka scenografin. <a class=\"continue-reading-link\" href=\"https:\/\/www.kultursidan.nu\/?p=34072\">L\u00e4s mer <span class=\"meta-nav\">&rarr; <\/span><\/a><\/p>\n","protected":false},"author":1001006,"featured_media":0,"comment_status":"closed","ping_status":"open","sticky":false,"template":"","format":"standard","meta":{"_jetpack_memberships_contains_paid_content":false,"footnotes":""},"categories":[7],"tags":[37,31,12],"class_list":["post-34072","post","type-post","status-publish","format-standard","hentry","category-norrkoping","tag-barnkultur","tag-musikal","tag-teater"],"jetpack_featured_media_url":"","jetpack_sharing_enabled":true,"_links":{"self":[{"href":"https:\/\/www.kultursidan.nu\/index.php?rest_route=\/wp\/v2\/posts\/34072","targetHints":{"allow":["GET"]}}],"collection":[{"href":"https:\/\/www.kultursidan.nu\/index.php?rest_route=\/wp\/v2\/posts"}],"about":[{"href":"https:\/\/www.kultursidan.nu\/index.php?rest_route=\/wp\/v2\/types\/post"}],"author":[{"embeddable":true,"href":"https:\/\/www.kultursidan.nu\/index.php?rest_route=\/wp\/v2\/users\/1001006"}],"replies":[{"embeddable":true,"href":"https:\/\/www.kultursidan.nu\/index.php?rest_route=%2Fwp%2Fv2%2Fcomments&post=34072"}],"version-history":[{"count":5,"href":"https:\/\/www.kultursidan.nu\/index.php?rest_route=\/wp\/v2\/posts\/34072\/revisions"}],"predecessor-version":[{"id":34079,"href":"https:\/\/www.kultursidan.nu\/index.php?rest_route=\/wp\/v2\/posts\/34072\/revisions\/34079"}],"wp:attachment":[{"href":"https:\/\/www.kultursidan.nu\/index.php?rest_route=%2Fwp%2Fv2%2Fmedia&parent=34072"}],"wp:term":[{"taxonomy":"category","embeddable":true,"href":"https:\/\/www.kultursidan.nu\/index.php?rest_route=%2Fwp%2Fv2%2Fcategories&post=34072"},{"taxonomy":"post_tag","embeddable":true,"href":"https:\/\/www.kultursidan.nu\/index.php?rest_route=%2Fwp%2Fv2%2Ftags&post=34072"}],"curies":[{"name":"wp","href":"https:\/\/api.w.org\/{rel}","templated":true}]}}