{"id":34129,"date":"2018-01-02T13:40:37","date_gmt":"2018-01-02T12:40:37","guid":{"rendered":"https:\/\/intelligent-friend-7861.standoutwp.com\/?p=34129"},"modified":"2018-01-02T14:09:05","modified_gmt":"2018-01-02T13:09:05","slug":"peter-toppar-lasarnas-10-i-topp-lista-2017","status":"publish","type":"post","link":"https:\/\/www.kultursidan.nu\/?p=34129","title":{"rendered":"Peter toppar l\u00e4sarnas 10-i-topp-lista 2017"},"content":{"rendered":"<p><img loading=\"lazy\" decoding=\"async\" class=\"alignnone size-medium wp-image-34130\" src=\"https:\/\/www.kultursidan.nu\/wp-content\/uploads\/2018\/01\/JDE_4687-567x378.jpg\" alt=\"\" width=\"567\" height=\"378\" srcset=\"https:\/\/www.kultursidan.nu\/wp-content\/uploads\/2018\/01\/JDE_4687-567x378.jpg 567w, https:\/\/www.kultursidan.nu\/wp-content\/uploads\/2018\/01\/JDE_4687-768x512.jpg 768w, https:\/\/www.kultursidan.nu\/wp-content\/uploads\/2018\/01\/JDE_4687-1024x683.jpg 1024w, https:\/\/www.kultursidan.nu\/wp-content\/uploads\/2018\/01\/JDE_4687-499x333.jpg 499w, https:\/\/www.kultursidan.nu\/wp-content\/uploads\/2018\/01\/JDE_4687-150x100.jpg 150w, https:\/\/www.kultursidan.nu\/wp-content\/uploads\/2018\/01\/JDE_4687.jpg 1300w\" sizes=\"auto, (max-width: 567px) 100vw, 567px\" \/><br \/>\n<em>H\u00f6jdaren. Peter Johansson toppar Kultursidan.nu:s lista \u00f6ver mest l\u00e4sta artiklar som publicerats under \u00e5ret. Tre placeringar av tio plockar han hem. Bilden \u00e4r fr\u00e5n Augustifestens konsert i Vasaparken.<\/em><\/p>\n<p>&nbsp;<\/p>\n<h1><span style=\"color: #ff0000;\">Tack f\u00f6r 170.866 bes\u00f6k i \u00e5r<\/span><\/h1>\n<p>&nbsp;<\/p>\n<p>KR\u00d6NIKA\/NORRK\u00d6PING <strong>The winner takes it all \u2013 Peter Johansson \u2013 eller\u2026?<\/strong> Tack f\u00f6r 170.866 bes\u00f6k p\u00e5 Kultursidan.nu under 2017 (158.946 2016). \u00c5rets tio mest klickade artiklar \u2013 vi har publicerat 612 i \u00e5r \u2013 visar att det lokala kulturlivet speglar 2017 \u00e5rs starka trender \u2013 idolerna, ifr\u00e5gas\u00e4ttandet, nya v\u00e4gar.<\/p>\n<p><strong>Vi bevakar \u00f6stra \u00d6sterg\u00f6tland, fr\u00e4mst Norrk\u00f6ping och S\u00f6derk\u00f6ping.<\/strong> P\u00e5 sommaren g\u00f6r vi en och annan utflykt, g\u00e4rna till Vadstena. Vi skriver om musik, teater och konst, p\u00e5 stora och \u00e4n mer g\u00e4rna sm\u00e5 scener. Vi har g\u00e5tt p\u00e5 nycirkus, inte minst i Finsp\u00e5ng! Under 2017 har vi fortsatt att skriva om stadsplanering, Norrk\u00f6ping v\u00e4xer.<\/p>\n<p><strong>The winner takes it all \u2013 Peter Johansson bidrog starkt till att oktober blev m\u00e5naden som krossade alla tidigare rekord \u2013 19.085 klick.<\/strong> Ett bra stycke \u00f6ver Where\u2019s The Music-februaris 16.936 bes\u00f6k, ocks\u00e5 det en rekordsiffra.<\/p>\n<p>Men som sagt \u2013 Peter Johansson, denna varma musikalartist och rockare fr\u00e5n S:t Anna i S\u00f6derk\u00f6ping, som fyllde 40 och firade under Augustifesten. Han inte bara fyllde de stora scenerna under \u00e5ret \u2013 Himmelstalundshallen, De Geerhallen och Vasaparken \u2013 han klev upp p\u00e5 Br\u00f6dernas lilla tak i majsolen. Naturligtvis fyllde han och resten av sl\u00e4kten kyrkan d\u00e4rhemma flera g\u00e5nger om i somras, \u00e4ven om vi inte var d\u00e4r.<\/p>\n<p><strong>En annan manlig idol, om \u00e4n med en mer komplicerad aura, \u00e4r Thorsten Flinck.<\/strong> Nej, han \u00e4r inte fr\u00e5n trakten men han tycker om Norrk\u00f6ping och \u00e5terkommer g\u00e4rna. S\u00e5 g\u00e4rna att han f\u00f6rlade premi\u00e4ren f\u00f6r sin konsertturn\u00e9 till Arbis. N\u00e4ra, ber\u00f6rande och bra.<\/p>\n<p>&nbsp;<\/p>\n<p><a title=\"Lina Badran\" href=\"https:\/\/www.flickr.com\/photos\/kultursidan\/39448998671\/in\/album-72157690167877581\/\"><img loading=\"lazy\" decoding=\"async\" src=\"https:\/\/farm5.staticflickr.com\/4732\/39448998671_785a2e3ea3.jpg\" alt=\"Lina Badran\" width=\"500\" height=\"333\" \/><\/a><br \/>\n<em>\u201dAlla ska inkluderas.\u201d Lina Badran vill med f\u00f6rel\u00e4sningsserien Min historia p\u00e5verka framtiden.<\/em><\/p>\n<p>&nbsp;<\/p>\n<p><strong>#metoo st\u00e5r inte p\u00e5 tio-i-topp-listan men sp\u00e5ren finns.<\/strong> Det som mullrade ig\u00e5ng i USA tidigt i oktober var inte b\u00f6rjan, inte slutet. #metoo \u00e4r ekot av hundratusentals klackar i marken \u2013 en gemenskap av ber\u00e4ttelser som nu v\u00e5gar uttalas, som lyssnas till och som bekr\u00e4ftas. Det kommer att leda till s\u00e5 stora f\u00f6r\u00e4ndringar att vi kan tala om ett paradigmskifte. #metoo markerar \u00f6gonblicket mellan f\u00f6re och efter.<\/p>\n<p>N\u00e5gonstans d\u00e4r bl\u00e5ste festivalen <em>Br\u00e5valla Love 2018<\/em> bort\u2026 Att <em>Br\u00e5vallafestivalen<\/em> tar en paus efter (\u00e4nnu) en v\u00e5ldt\u00e4kt i publikhavet v\u00e4ckte f\u00f6rst\u00e5s uppm\u00e4rksamhet, ungef\u00e4r 25 sn\u00e4pp l\u00e4ngre ner p\u00e5 listan.<\/p>\n<p><strong>Skiftet handlar om mer \u00e4n balansen mellan v\u00e4rderingen, upp- respektive ned-, av kvinnligt\/manligt\/m\u00e4nskligt.<\/strong> Viktiga ord \u00e4r gr\u00e4nser, hierarkier, makt, handling, respekt, kunskap \u2013 allt detta som kan brukas och missbrukas.<\/p>\n<p>Att det kommer att ta tid \u00e4r n\u00e5got som \u00e4r s\u00e4kert. Att det kommer att f\u00f6r\u00e4ndra v\u00e5r del av v\u00e4rlden, med lagstiftning, lagtolkningar och nya normer \u00e4r ocks\u00e5 s\u00e4kert.<\/p>\n<p><strong>Lina Badrans f\u00f6rel\u00e4sningsserie &#8221;Min historia&#8221; som startade h\u00f6sten 2016 och forts\u00e4tter med of\u00f6rminskad fart<\/strong> \u00e4r ett exempel p\u00e5 en kvinnas egenmakt och vilja att bidra till kunskap och respekt.<\/p>\n<p><strong>Teaters\u00e4llskapet Shakespeare p\u00e5 Gr\u00e4sg\u00e5rden har under m\u00e5nga \u00e5r spelat och unders\u00f6kt vad William Shakespeares dramer kan ber\u00e4tta f\u00f6r oss i v\u00e5r tid med patriarkalism\/feminism som raster.<\/strong> \u00c5rets upps\u00e4ttning <em>Romeo &amp; Juliet<\/em> \u00e5tervann en drivande ung kvinna, en Juliet som rockade i Silvana Imams tid.<\/p>\n<p>Utanf\u00f6r listan hittar jag Kvartersteaterns frist\u00e5ende version som ocks\u00e5 ber\u00f6rde starkt \u2013 <em>Romeo, Julia och Rosaline<\/em>, vasskantad och s\u00e5rig.<\/p>\n<p>&nbsp;<\/p>\n<p><a title=\"Robin Hood\" href=\"https:\/\/www.flickr.com\/photos\/kultursidan\/33099972311\/in\/album-72157690167877581\/\"><img loading=\"lazy\" decoding=\"async\" src=\"https:\/\/farm4.staticflickr.com\/3723\/33099972311_a8f228140a.jpg\" alt=\"Robin Hood\" width=\"500\" height=\"333\" \/><\/a><br \/>\n<em>Robin Hood. Grabbg\u00e4nget i Sherwoodskogen ersattes av en nytolkning med kvinnorna och de fattiga i centrum p\u00e5 Stage Skandias scen.<\/em><\/p>\n<p>&nbsp;<\/p>\n<p><strong>Kulturskolans och fritidsg\u00e5rdarnas gemensamma musikaler har en konstn\u00e4rlig h\u00f6jd som borde locka fler genuint teaterintresserade \u00e4n sl\u00e4kt och v\u00e4nner.<\/strong> I \u00e5r gav de unga amat\u00f6rerna sig p\u00e5 grabbg\u00e4ngets <em>Robin Hood<\/em> och skapade en musikteaterupplevelse som st\u00e4llde systerskapet i centrum.<\/p>\n<p><strong>I detta landskap vandrar dansaren Ninos Josef p\u00e5 egna v\u00e4gar.<\/strong> Han kom hem till Norrk\u00f6ping med premi\u00e4ren av solof\u00f6rest\u00e4llningen <em>Lilhja<\/em>, en livsskildring som rymmer sk\u00f6rhet, livsvilja, sensualitet, motg\u00e5ngar och revolt. Liljan som en manlig symbol.<\/p>\n<p><strong>Jag \u00f6nskar dig ett nytt gott och medm\u00e4nskligt kultur\u00e5r 2018.<\/strong><\/p>\n<p><em>\u00a9 Text: Ann-Charlotte Sandelin\u2028<\/em><br \/>\n<em>\u00a9 Foto: Josefina Dernsj\u00f6 och Ann-Charlotte Sandelin<\/em><\/p>\n<blockquote>\n<h3><em>Kultursidan.nu 10-i-topp 2017<\/em><\/h3>\n<p><em>2.141 <a href=\"https:\/\/www.kultursidan.nu\/?p=32828\" target=\"_blank\" rel=\"noopener\">Champions of Rock lyfte Himmelstalund<\/a><\/em><br \/>\n<em>1.205 <a href=\"https:\/\/www.kultursidan.nu\/?p=29511\" target=\"_blank\" rel=\"noopener\">Peter och Bruno trivs p\u00e5 hemmaplan<\/a><\/em><br \/>\n<em>1.035 <a href=\"https:\/\/www.kultursidan.nu\/?p=33136\" target=\"_blank\" rel=\"noopener\">Thorsten Flinck ber\u00f6r med sin n\u00e4rvaro<\/a><\/em><br \/>\n<em>\u00a0\u00a0 958 <a href=\"https:\/\/www.kultursidan.nu\/?p=32878\" target=\"_blank\" rel=\"noopener\">Stormvindar s\u00e4nker Br\u00e5valla Love 2018<\/a><\/em><br \/>\n<em>\u00a0\u00a0 907 <a href=\"https:\/\/www.kultursidan.nu\/?p=33391\" target=\"_blank\" rel=\"noopener\">Lina Badran \u00f6ppnar tabubelagda \u00e4mnen<\/a><\/em><br \/>\n<em>\u00a0\u00a0 899 <a href=\"https:\/\/www.kultursidan.nu\/?p=30029\" target=\"_blank\" rel=\"noopener\">Ninos Josefs Lilhja \u2013 en dans \u2013 ett liv<\/a><\/em><br \/>\n<em>\u00a0\u00a0 886 <a href=\"https:\/\/www.kultursidan.nu\/?p=32160\" target=\"_blank\" rel=\"noopener\">Peter Johansson rockade i Vasaparken<\/a><\/em><br \/>\n<em>\u00a0\u00a0 788 <a href=\"https:\/\/www.kultursidan.nu\/?p=31673\" target=\"_blank\" rel=\"noopener\">Romeo &amp; Juliet i Silvana Imams tid<\/a><\/em><br \/>\n<em>\u00a0\u00a0 698 <a href=\"https:\/\/www.kultursidan.nu\/?p=31081\" target=\"_blank\" rel=\"noopener\">Teatern flyttar ut i sommarl\u00e4net 2017<\/a><\/em><br \/>\n<em>\u00a0\u00a0 657 <a href=\"https:\/\/www.kultursidan.nu\/?p=29697\" target=\"_blank\" rel=\"noopener\">Robin Hood ger systerskapet scenrum<\/a><\/em><\/p><\/blockquote>\n","protected":false},"excerpt":{"rendered":"<p>KR\u00d6NIKA\/NORRK\u00d6PING The winner takes it all \u2013 Peter Johansson \u2013 eller\u2026? Tack f\u00f6r 170.866 bes\u00f6k p\u00e5 Kultursidan.nu under 2017. \u00c5rets tio mest klickade artiklar \u2013 av 612 \u2013 visar att det lokala kulturlivet speglar 2017 \u00e5rs starka trender \u2013 idolerna, ifr\u00e5gas\u00e4ttandet, nya v\u00e4gar. <a class=\"continue-reading-link\" href=\"https:\/\/www.kultursidan.nu\/?p=34129\">L\u00e4s mer <span class=\"meta-nav\">&rarr; <\/span><\/a><\/p>\n","protected":false},"author":1001006,"featured_media":0,"comment_status":"closed","ping_status":"open","sticky":false,"template":"","format":"standard","meta":{"_jetpack_memberships_contains_paid_content":false,"footnotes":""},"categories":[7,1,72],"tags":[53,13,12],"class_list":["post-34129","post","type-post","status-publish","format-standard","hentry","category-norrkoping","category-okategoriserade","category-vadstena","tag-foredrag","tag-musik","tag-teater"],"jetpack_featured_media_url":"","jetpack_sharing_enabled":true,"_links":{"self":[{"href":"https:\/\/www.kultursidan.nu\/index.php?rest_route=\/wp\/v2\/posts\/34129","targetHints":{"allow":["GET"]}}],"collection":[{"href":"https:\/\/www.kultursidan.nu\/index.php?rest_route=\/wp\/v2\/posts"}],"about":[{"href":"https:\/\/www.kultursidan.nu\/index.php?rest_route=\/wp\/v2\/types\/post"}],"author":[{"embeddable":true,"href":"https:\/\/www.kultursidan.nu\/index.php?rest_route=\/wp\/v2\/users\/1001006"}],"replies":[{"embeddable":true,"href":"https:\/\/www.kultursidan.nu\/index.php?rest_route=%2Fwp%2Fv2%2Fcomments&post=34129"}],"version-history":[{"count":6,"href":"https:\/\/www.kultursidan.nu\/index.php?rest_route=\/wp\/v2\/posts\/34129\/revisions"}],"predecessor-version":[{"id":34136,"href":"https:\/\/www.kultursidan.nu\/index.php?rest_route=\/wp\/v2\/posts\/34129\/revisions\/34136"}],"wp:attachment":[{"href":"https:\/\/www.kultursidan.nu\/index.php?rest_route=%2Fwp%2Fv2%2Fmedia&parent=34129"}],"wp:term":[{"taxonomy":"category","embeddable":true,"href":"https:\/\/www.kultursidan.nu\/index.php?rest_route=%2Fwp%2Fv2%2Fcategories&post=34129"},{"taxonomy":"post_tag","embeddable":true,"href":"https:\/\/www.kultursidan.nu\/index.php?rest_route=%2Fwp%2Fv2%2Ftags&post=34129"}],"curies":[{"name":"wp","href":"https:\/\/api.w.org\/{rel}","templated":true}]}}