{"id":34139,"date":"2018-01-03T11:29:13","date_gmt":"2018-01-03T10:29:13","guid":{"rendered":"https:\/\/intelligent-friend-7861.standoutwp.com\/?p=34139"},"modified":"2018-01-03T11:29:13","modified_gmt":"2018-01-03T10:29:13","slug":"kerstin-avemo-guldbubblar-med-son","status":"publish","type":"post","link":"https:\/\/www.kultursidan.nu\/?p=34139","title":{"rendered":"Kerstin Avemo guldbubblar med SON"},"content":{"rendered":"<p><img loading=\"lazy\" decoding=\"async\" class=\"alignnone size-medium wp-image-34140\" src=\"https:\/\/www.kultursidan.nu\/wp-content\/uploads\/2018\/01\/28999647995_e16a6af7b2_o-567x378.jpg\" alt=\"\" width=\"567\" height=\"378\" srcset=\"https:\/\/www.kultursidan.nu\/wp-content\/uploads\/2018\/01\/28999647995_e16a6af7b2_o-567x378.jpg 567w, https:\/\/www.kultursidan.nu\/wp-content\/uploads\/2018\/01\/28999647995_e16a6af7b2_o-768x512.jpg 768w, https:\/\/www.kultursidan.nu\/wp-content\/uploads\/2018\/01\/28999647995_e16a6af7b2_o-1024x682.jpg 1024w, https:\/\/www.kultursidan.nu\/wp-content\/uploads\/2018\/01\/28999647995_e16a6af7b2_o-500x333.jpg 500w, https:\/\/www.kultursidan.nu\/wp-content\/uploads\/2018\/01\/28999647995_e16a6af7b2_o-150x100.jpg 150w, https:\/\/www.kultursidan.nu\/wp-content\/uploads\/2018\/01\/28999647995_e16a6af7b2_o.jpg 1280w\" sizes=\"auto, (max-width: 567px) 100vw, 567px\" \/><br \/>\n<em>Exportguld. Kerstin Avemo \u00e4r en av Sveriges internationella s\u00e5ngstj\u00e4rnor. Bilden togs vid \u00d6sterg\u00f6tlands Musikdagars invigningskonsert sommaren 2016.<\/em><\/p>\n<p>&nbsp;<\/p>\n<h1><span style=\"color: #ff0000;\">My Way, The Girl In 14G och bakl\u00e4ngesmarsch<\/span><\/h1>\n<p>&nbsp;<\/p>\n<p>NORRK\u00d6PING <strong>Bakl\u00e4ngesmarsch! Rossini, Puccini och Straussarna och en hel del till blir en minst sagt bubblig trettondagsaftonkonsert.<\/strong> Sopranen Kerstin Avemo kommer tillbaka till Norrk\u00f6pings Symfoniorkester, bara n\u00e5gra veckor sedan senaste bes\u00f6ket. I s\u00e4llskap med hovs\u00e5ngaren Karl-Magnus Fredriksson.<\/p>\n<p><strong>Sopranen Kerstin Avemo har h\u00f6rts i Norrk\u00f6ping och Link\u00f6ping under de senaste \u00e5ren.<\/strong> Hon sj\u00f6ng med Symfoniorkestern i Bachs <em>Juloratorium<\/em> f\u00f6r mindre \u00e4n en m\u00e5nad sedan d\u00e5 hon hoppade in i Susanna Sterns st\u00e4lle. Att Avemo har &#8221;Guld i strupen&#8221; h\u00f6rdes i Link\u00f6ping n\u00e4r hon var sopransolist vid invigningen av \u00d6sterg\u00f6tlands Musikdagar sommaren 2016.<\/p>\n<p>Backar vi ytterligare n\u00e5gra \u00e5r bak\u00e5t i tiden s\u00e5 kommer vi till Symfoniorkesterns konsertanta version av Richard Strauss och Hugo von Hoffmansthals opera <em>Arabella<\/em>. Den konserten dr\u00f6jde kvar som ett s\u00e4rskilt vackert minne hos avg\u00e5ende chefdirigenten Michael Francis. Kerstin Avemo sj\u00f6ng visserligen inte Arabellas roll, det gjorde Malin Bystr\u00f6m, men v\u00e4l Arabellas syster Zdenka.<\/p>\n<p><strong>Den gyllene sopranen m\u00f6ter en baryton i den m\u00e5ngsidigt beg\u00e5vade hovs\u00e5ngaren Karl-Magnus Fredriksson.<\/strong> \u00c4ven han har tidigare g\u00e4stat s\u00e5v\u00e4l SON (<em>F\u00f6rkl\u00e4dd gud<\/em> 2013) som \u00d6sterg\u00f6tlands Musikdagar (invigningskonserten &#8221;Jussi lever!&#8221; 2011).<\/p>\n<p><strong>I det traditionella festbubblet signerat bland annat Puccini och Strauss smygs senare tiders tong\u00e5ngar in.<\/strong> Det b\u00f6rjar med Karl-Magnus Fredriksson som sjunger <em>My Way<\/em> \u2013 nej det \u00e4r inte Frank Sinatra som skrivit utan l\u00e5tskrivarna Fran\u00e7ois\/Revaux.<\/p>\n<p>Kerstin Avemo l\u00e4r briljera i Jeanine Tesoris <em>The Girl In 14G<\/em>, en musikalisk gestaltning av hur det \u00e4r att bo i ett lyh\u00f6rt hus med en opera-wannabee och en jazzs\u00e5ngerska som grannar.<\/p>\n<p>F\u00f6r att inte tala om <em>Hcsram-Ykztedar<\/em> (\u00e4 d) Nnahoj Ssuarts, som Symfoniorkestern spelar upp efter paus. F\u00f6r det \u00e4r v\u00e4l inte en viss marsch spelad bakl\u00e4nges?<\/p>\n<p><strong>Christian Kluxen, popul\u00e4r dirigent i De Geerhallen, lyfter pinnen st\u00e4llet f\u00f6r p\u00e5t\u00e4nkte Patrik Ringborg. <\/strong>Svenska Salongsorkestern, h\u00e4mtad ur SON:s led, bidrar till festglansen f\u00f6r alla som kommer i extra god tid.<\/p>\n<p><em>\u00a9 Text och foto: Ann-Charlotte Sandelin<\/em><\/p>\n<blockquote>\n<h3><em>DE GEERHALLEN Norrk\u00f6ping<\/em><\/h3>\n<p>5 januari 2018 kl 18 (Svenska Salongsorkestern i foaj\u00e9n fr\u00e5n kl 17)<br \/>\n<strong><em>Gyllene upptakt \u2013 konsert p\u00e5 trettondagsafton<\/em><\/strong><br \/>\n<em>Norrk\u00f6pings Symfoniorkester<\/em><br \/>\n<em>Dirigent: Christian Kluxen<\/em><br \/>\n<em>Solister: Kerstin Avemo, sopran, Karl-Magnus Fredriksson, baryton<\/em><\/p>\n<p style=\"padding-left: 30px;\"><em>MUSIK<\/em><br \/>\n<em><strong>Rossini<\/strong> Den tjuvaktiga skatan, uvertyr<\/em><br \/>\n<em><strong>Rossini<\/strong> Largo al factotum \u201cFigaros cavatina\u201d ur Barberaren i Sevilla<\/em><br \/>\n<em><strong>Puccini<\/strong> Chi il bel sogno di Doretta \u201cDoretta\u00b4s s\u00e5ng\u201d ur Rondine<\/em><br \/>\n<em><strong>Korngold<\/strong> Mein Sehen, mein W\u00e4hnen, \u201cFritz aria\u201d ur Den d\u00f6da staden <\/em><br \/>\n<em><strong>Dvor\u00e1k<\/strong> Karnevaluvertyr<\/em><br \/>\n<em><strong>Fran\u00e7ois\/Revaux<\/strong> My Way (Arr A Berglund)<\/em><br \/>\n<em><strong>Tesori<\/strong> The Girl In 14G (Arr F Vrtacnik)<\/em><br \/>\n<em>\u2013 paus \u2013<br \/>\n<\/em><em>Hcsram-Ykztedar (\u00e4 d) <strong>Nnahoj Ssuarts <\/strong><\/em><br \/>\n<em><strong>Strauss, Johan<\/strong> (d y) Accellerationen, vals (Arr A Winter)<\/em><br \/>\n<em><strong>K\u00e1lm\u00e1n<\/strong> Machen wir\u00b4s den Schwalben nach ur Cs\u00e1rd\u00e1sfurstinnan<\/em><br \/>\n<em><strong>Strauss, Josef<\/strong> Feuerfest, polka fran\u00e7aise (Arr M Sch\u00f6nherr)<\/em><br \/>\n<em><strong>Strauss, Johann<\/strong> (d \u00e4) Erinnerung an Ernst eller Karneval i Venedig <\/em><br \/>\n<em><strong>Strauss, Johann<\/strong> (d y) Fr\u00fchlingsstimmen (Arr Atzler)<\/em><br \/>\n<em><strong>Strauss, Johann<\/strong> (d y) Banditen-Galopp\u2028<\/em><\/p><\/blockquote>\n<p>L\u00c4NKAR<br \/>\nNorrk\u00f6pings symfoniorkester <a href=\"http:\/\/www.norrkopingssymfoniorkester.se\" target=\"_blank\" rel=\"noopener\">hemsida<\/a> <a href=\"https:\/\/www.facebook.com\/norrkoping.symphony?fref=ts\" target=\"_blank\" rel=\"noopener\">Facebook<\/a><br \/>\nSON bl\u00e5ste in husets st\u00f6rsta julh\u00e4ndelse <a href=\"https:\/\/www.kultursidan.nu\/?p=33903\" target=\"_blank\" rel=\"noopener\">recension<\/a> Kultursidan.nu 11\/12 2017<br \/>\nStark och h\u00f6g inledning p\u00e5 Musikdagarna <a href=\"https:\/\/www.kultursidan.nu\/?p=26509\" target=\"_blank\" rel=\"noopener\">recension<\/a> Kultursidan.nu 15\/8 2016<br \/>\nMichael Francis tar farv\u00e4l av Norrk\u00f6ping <a href=\"https:\/\/www.kultursidan.nu\/?p=24743\" target=\"_blank\" rel=\"noopener\">reportage<\/a> Kultursidan.nu 14\/4 2016<br \/>\nMalin Bystr\u00f6m sjunger Arabella med SON <a href=\"https:\/\/www.kultursidan.nu\/?p=12488\" target=\"_blank\" rel=\"noopener\">reportage<\/a> Kultursidan.nu 9\/10 2013<\/p>\n","protected":false},"excerpt":{"rendered":"<p>NORRK\u00d6PING Bakl\u00e4ngesmarsch! Rossini, Puccini och Straussarna och en hel del till blir en minst sagt bubblig trettondagsaftonkonsert. Sopranen Kerstin Avemo kommer tillbaka till Norrk\u00f6pings Symfoniorkester, bara n\u00e5gra veckor sedan senaste bes\u00f6ket. I s\u00e4llskap med hovs\u00e5ngaren Karl-Magnus Fredriksson. <a class=\"continue-reading-link\" href=\"https:\/\/www.kultursidan.nu\/?p=34139\">L\u00e4s mer <span class=\"meta-nav\">&rarr; <\/span><\/a><\/p>\n","protected":false},"author":1001006,"featured_media":0,"comment_status":"closed","ping_status":"open","sticky":false,"template":"","format":"standard","meta":{"_jetpack_memberships_contains_paid_content":false,"footnotes":""},"categories":[7],"tags":[13],"class_list":["post-34139","post","type-post","status-publish","format-standard","hentry","category-norrkoping","tag-musik"],"jetpack_featured_media_url":"","jetpack_sharing_enabled":true,"_links":{"self":[{"href":"https:\/\/www.kultursidan.nu\/index.php?rest_route=\/wp\/v2\/posts\/34139","targetHints":{"allow":["GET"]}}],"collection":[{"href":"https:\/\/www.kultursidan.nu\/index.php?rest_route=\/wp\/v2\/posts"}],"about":[{"href":"https:\/\/www.kultursidan.nu\/index.php?rest_route=\/wp\/v2\/types\/post"}],"author":[{"embeddable":true,"href":"https:\/\/www.kultursidan.nu\/index.php?rest_route=\/wp\/v2\/users\/1001006"}],"replies":[{"embeddable":true,"href":"https:\/\/www.kultursidan.nu\/index.php?rest_route=%2Fwp%2Fv2%2Fcomments&post=34139"}],"version-history":[{"count":5,"href":"https:\/\/www.kultursidan.nu\/index.php?rest_route=\/wp\/v2\/posts\/34139\/revisions"}],"predecessor-version":[{"id":34145,"href":"https:\/\/www.kultursidan.nu\/index.php?rest_route=\/wp\/v2\/posts\/34139\/revisions\/34145"}],"wp:attachment":[{"href":"https:\/\/www.kultursidan.nu\/index.php?rest_route=%2Fwp%2Fv2%2Fmedia&parent=34139"}],"wp:term":[{"taxonomy":"category","embeddable":true,"href":"https:\/\/www.kultursidan.nu\/index.php?rest_route=%2Fwp%2Fv2%2Fcategories&post=34139"},{"taxonomy":"post_tag","embeddable":true,"href":"https:\/\/www.kultursidan.nu\/index.php?rest_route=%2Fwp%2Fv2%2Ftags&post=34139"}],"curies":[{"name":"wp","href":"https:\/\/api.w.org\/{rel}","templated":true}]}}