{"id":34202,"date":"2018-01-09T16:24:32","date_gmt":"2018-01-09T15:24:32","guid":{"rendered":"https:\/\/intelligent-friend-7861.standoutwp.com\/?p=34202"},"modified":"2018-01-09T16:24:32","modified_gmt":"2018-01-09T15:24:32","slug":"museer-trippelsatsar-pa-kulturtorsdag","status":"publish","type":"post","link":"https:\/\/www.kultursidan.nu\/?p=34202","title":{"rendered":"Museer trippelsatsar p\u00e5 Kulturtorsdag"},"content":{"rendered":"<p><img loading=\"lazy\" decoding=\"async\" class=\"alignnone size-medium wp-image-34203\" src=\"https:\/\/www.kultursidan.nu\/wp-content\/uploads\/2018\/01\/Marianne-Hllbom-567x397.jpg\" alt=\"\" width=\"567\" height=\"397\" srcset=\"https:\/\/www.kultursidan.nu\/wp-content\/uploads\/2018\/01\/Marianne-Hllbom-567x397.jpg 567w, https:\/\/www.kultursidan.nu\/wp-content\/uploads\/2018\/01\/Marianne-Hllbom-768x538.jpg 768w, https:\/\/www.kultursidan.nu\/wp-content\/uploads\/2018\/01\/Marianne-Hllbom-1024x717.jpg 1024w, https:\/\/www.kultursidan.nu\/wp-content\/uploads\/2018\/01\/Marianne-Hllbom-150x105.jpg 150w, https:\/\/www.kultursidan.nu\/wp-content\/uploads\/2018\/01\/Marianne-Hllbom-476x333.jpg 476w, https:\/\/www.kultursidan.nu\/wp-content\/uploads\/2018\/01\/Marianne-Hllbom.jpg 1280w\" sizes=\"auto, (max-width: 567px) 100vw, 567px\" \/><br \/>\n<em>N\u00e5lverk. Medlemmar fr\u00e5n Broderiakademin \u00e4r p\u00e5 plats i utst\u00e4llningen Brodera mera p\u00e5 Stadsmuseet p\u00e5 torsdag. Testa p\u00e5 broderi, f\u00e5 tips och goda r\u00e5d.<\/em><\/p>\n<p>&nbsp;<\/p>\n<h1><span style=\"color: #ff0000;\">\u201dSom Kulturnatten i miniformat\u201d<\/span><\/h1>\n<p>&nbsp;<\/p>\n<p>NORRK\u00d6PING <strong>\u201dSom Kulturnatten i miniformat.\u201d<\/strong> Samarbete i st\u00e4llet f\u00f6r konkurrens ska ge fler bes\u00f6kare till alla. Grannarna Arbetets museum, Stadsmuseet och Visualiseringscenter g\u00e5r ihop om Kulturtorsdag som startar 11 januari med minivisningar och samtal i utst\u00e4llningarna.<\/p>\n<p>\u2013 Vi har haft programkv\u00e4llar p\u00e5 tisdagar men uppt\u00e4ckt att det inte \u00e4r p\u00e5 den dagen som folk r\u00f6r sig i Industrilandskapet utan p\u00e5 torsdagar, s\u00e4ger Helena Karlsson, kommunikationschef p\u00e5 Arbetets museum.<\/p>\n<p><strong>Id\u00e9n har v\u00e4xt fram under det senaste \u00e5ret.<\/strong> Arbetets museums programchef M\u00e5rten Mellberg kl\u00e4ckte id\u00e9n och fick grannarna Stadsmuseet och Visualiseringscenter med sig. Inte s\u00e5 sv\u00e5rt eftersom de redan nu har kv\u00e4lls\u00f6ppet p\u00e5 torsdagar.<\/p>\n<p>\u2013 Vi har mer att vinna p\u00e5 samarbete \u00e4n p\u00e5 att konkurrera med varandra. Och nu \u00e4r vi tydligare med vad vi har att erbjuda. Det blir som Kulturnatten i miniatyr, framh\u00e5ller Helena Karlsson.<\/p>\n<p><strong>De tre institutionerna som st\u00e5r bakom initiativet har startat en egen Facebooksida f\u00f6r Kulturtorsdag.<\/strong> H\u00e4r ska evenemangen fyllas p\u00e5 vecka f\u00f6r vecka. F\u00f6rsta torsdagen fylls av \u201dextra allt\u201d. F\u00f6rutom korta introduktioner till flera utst\u00e4llningar blir det intressanta evenemang.<\/p>\n<p><strong>P\u00e5 Stadsmuseet finns medlemmar fr\u00e5n Broderiakademin p\u00e5 plats i utst\u00e4llningen Brodera mera.<\/strong> Prova p\u00e5 med n\u00e5l och vackra tr\u00e5dar!<\/p>\n<p>&nbsp;<\/p>\n<p><a title=\"Vertumnus 1590\u20131591\" href=\"https:\/\/www.flickr.com\/photos\/kultursidan\/39566615522\/in\/album-72157689219310502\/\"><img loading=\"lazy\" decoding=\"async\" src=\"https:\/\/farm5.staticflickr.com\/4770\/39566615522_6c2bd8b3df.jpg\" alt=\"Vertumnus 1590\u20131591\" width=\"403\" height=\"500\" \/><\/a><br \/>\n<em>Under fernissan. M\u00e5lningen Vertumnus gestaltar den \u00e4ppelkindade tysk-romerske kejsaren Rudolf II som h\u00f6ll hov i Prag. Visualiseringscenter presenterar m\u00e5lningen p\u00e5 torsdag.<\/em><\/p>\n<p>&nbsp;<\/p>\n<p><strong>Visualiseringscenter introducerar m\u00e5lningen Vertumnus \u2013 \u00e5rstidsv\u00e4xlingarnas gud.<\/strong> Bilden \u00e4r ett allegoriskt portr\u00e4tt av den tysk-romerske kejsaren Rudolf II, som m\u00e5lades omkring 1590\u20131591 av den manieristiska italienske m\u00e5laren Giuseppe Arcimboldo. Portr\u00e4ttet best\u00e5ende av frukter och gr\u00f6nsaker f\u00f6ll i svenskarnas h\u00e4nder under bel\u00e4gringen av Prag under Trettio\u00e5riga krigets slutskede.<\/p>\n<p>S\u00e5 sm\u00e5ningom hamnade det p\u00e5 Skoklosters slott vid M\u00e4laren. Djupdykningen i m\u00e5lningen g\u00f6rs i samarbete med Link\u00f6pings Universitet, Livrustkammaren, Ray Space AB och Augminded AB.<\/p>\n<p>Visualiseringscenter \u00f6ppnar igen p\u00e5 torsdag efter att ha h\u00e5llit st\u00e4ngt f\u00f6r uppgradering av domen tidigare i veckan.<\/p>\n<p>&nbsp;<\/p>\n<p><a title=\"Wisti\" href=\"https:\/\/www.flickr.com\/photos\/kultursidan\/36921818354\/in\/album-72157689219310502\/\"><img loading=\"lazy\" decoding=\"async\" src=\"https:\/\/farm5.staticflickr.com\/4446\/36921818354_9e0743f338.jpg\" alt=\"Wisti\" width=\"500\" height=\"333\" \/><\/a><br \/>\n<em>Pennskaft. Kent Wisti som st\u00e4ller ut p\u00e5 EWK-museet p\u00e5 Arbetets museum deltar i ett samtal p\u00e5 torsdag kv\u00e4ll.<\/em><\/p>\n<p>&nbsp;<\/p>\n<p><strong>Arbetets museum f\u00f6rdjupar sig i utst\u00e4llningen med Wistis bilder.<\/strong> Dels introduceras utst\u00e4llningen som h\u00e4nger p\u00e5 EWK-museets plan. Dels samtalar Kent Wisti med tidningens Dagens politiska redakt\u00f6r Elisabeth Sandlund.<\/p>\n<p>I och med Kulturtorsdag flyttar programkv\u00e4llarna, som legat p\u00e5 Arbetets museum p\u00e5 tisdagar, till torsdagskv\u00e4llar.<\/p>\n<p><em>\u00a9 Text: Ann-Charlotte Sandelin\u2028<\/em><br \/>\n<em>\u00a9 Foto: Agneta \u00d6stlund, Guiseppe Arcimboldo och Ann-Charlotte Sandelin<br \/>\n<\/em><\/p>\n<blockquote>\n<h4>ARBETETS MUSEUM, STADSMUSEET &amp; VISUALISERINGSCENTER Norrk\u00f6ping<\/h4>\n<p>Torsdagar 2018 \u00f6ppet till kl 20<br \/>\n<strong>Kulturtorsdag<\/strong><\/p>\n<p style=\"padding-left: 30px;\">PREMI\u00c4RPROGRAM 11 januari 2018<\/p>\n<p style=\"padding-left: 30px;\">Arbetets museum<\/p>\n<p style=\"padding-left: 60px;\">17.15 Introduktion: <strong>Marken under dina f\u00f6tter<\/strong> med Truls Olin.<br \/>\n17.30 Introduktion: <strong>Vi m\u00e5ste tala om Wisti<\/strong> med intendent Carina Milde.<br \/>\n18.00 Samtal: <strong>Att plantera nya tankar<\/strong> \u2013 Kent Wisti och Elisabeth Sandlund, politisk redakt\u00f6r tidningen Dagen.<\/p>\n<p style=\"padding-left: 30px;\">Norrk\u00f6pings stadsmuseum<\/p>\n<p style=\"padding-left: 60px;\">17.30\u201320.00 \u00d6ppet hus: Medlemmar av Broderiakademin p\u00e5 plats i utst\u00e4llningen <strong>Brodera mera<\/strong>.<br \/>\n18.15 Introduktion: Utst\u00e4llningen <strong>Med lapp om halsen<\/strong> med museipedagog Ellika Kyndel.<\/p>\n<p style=\"padding-left: 30px;\">Visualiseringscenter<\/p>\n<p style=\"padding-left: 60px;\">16.30 Introduktion: <strong>Att visa det man inte kan se 2.0.<\/strong><br \/>\n16.45 Introduktion: <strong>Vertumnus<\/strong> \u2013 Giuseppe Arcimbolds portr\u00e4tt av tysk-romerske kejsaren Rudolf II.<\/p>\n<\/blockquote>\n<p>L\u00c4NKAR<br \/>\nKulturtorsdag <a href=\"https:\/\/www.facebook.com\/Kulturtorsdag\/\" target=\"_blank\" rel=\"noopener\">Facebook<\/a><br \/>\nArbetets Museum <a href=\"http:\/\/www.arbetetsmuseum.se\" target=\"_blank\" rel=\"noopener\">hemsida<\/a> <a href=\"https:\/\/www.facebook.com\/arbetetsmuseum\" target=\"_blank\" rel=\"noopener\">Facebook<\/a><br \/>\nNorrk\u00f6pings stadsmuseum <a href=\"http:\/\/www.norrkopingsstadsmuseum.se\/\" target=\"_blank\" rel=\"noopener noreferrer\">hemsida<\/a> <a href=\"https:\/\/www.facebook.com\/Norrkopingsstadsmuseum?fref=ts\" target=\"_blank\" rel=\"noopener noreferrer\">Facebook<\/a><br \/>\nVisualiseringscenter C <a href=\"http:\/\/visualiseringscenter.se\" target=\"_blank\" rel=\"noopener\">hemsida<\/a> <a href=\"https:\/\/www.facebook.com\/visualiseringscenter\/\" target=\"_blank\" rel=\"noopener\">Facebook<\/a><\/p>\n","protected":false},"excerpt":{"rendered":"<p>NORRK\u00d6PING \u201dSom Kulturnatten i miniformat.\u201d Samarbete i st\u00e4llet f\u00f6r konkurrens ska ge fler bes\u00f6kare till alla. Grannarna Arbetets museum, Stadsmuseet och Visualiseringscenter g\u00e5r ihop om Kulturtorsdag som startar 11 januari med minivisningar och samtal i utst\u00e4llningarna. <a class=\"continue-reading-link\" href=\"https:\/\/www.kultursidan.nu\/?p=34202\">L\u00e4s mer <span class=\"meta-nav\">&rarr; <\/span><\/a><\/p>\n","protected":false},"author":1001006,"featured_media":0,"comment_status":"closed","ping_status":"open","sticky":false,"template":"","format":"standard","meta":{"_jetpack_memberships_contains_paid_content":false,"footnotes":""},"categories":[7],"tags":[53,47],"class_list":["post-34202","post","type-post","status-publish","format-standard","hentry","category-norrkoping","tag-foredrag","tag-utstallning"],"jetpack_featured_media_url":"","jetpack_sharing_enabled":true,"_links":{"self":[{"href":"https:\/\/www.kultursidan.nu\/index.php?rest_route=\/wp\/v2\/posts\/34202","targetHints":{"allow":["GET"]}}],"collection":[{"href":"https:\/\/www.kultursidan.nu\/index.php?rest_route=\/wp\/v2\/posts"}],"about":[{"href":"https:\/\/www.kultursidan.nu\/index.php?rest_route=\/wp\/v2\/types\/post"}],"author":[{"embeddable":true,"href":"https:\/\/www.kultursidan.nu\/index.php?rest_route=\/wp\/v2\/users\/1001006"}],"replies":[{"embeddable":true,"href":"https:\/\/www.kultursidan.nu\/index.php?rest_route=%2Fwp%2Fv2%2Fcomments&post=34202"}],"version-history":[{"count":3,"href":"https:\/\/www.kultursidan.nu\/index.php?rest_route=\/wp\/v2\/posts\/34202\/revisions"}],"predecessor-version":[{"id":34206,"href":"https:\/\/www.kultursidan.nu\/index.php?rest_route=\/wp\/v2\/posts\/34202\/revisions\/34206"}],"wp:attachment":[{"href":"https:\/\/www.kultursidan.nu\/index.php?rest_route=%2Fwp%2Fv2%2Fmedia&parent=34202"}],"wp:term":[{"taxonomy":"category","embeddable":true,"href":"https:\/\/www.kultursidan.nu\/index.php?rest_route=%2Fwp%2Fv2%2Fcategories&post=34202"},{"taxonomy":"post_tag","embeddable":true,"href":"https:\/\/www.kultursidan.nu\/index.php?rest_route=%2Fwp%2Fv2%2Ftags&post=34202"}],"curies":[{"name":"wp","href":"https:\/\/api.w.org\/{rel}","templated":true}]}}