{"id":34230,"date":"2018-01-10T14:41:45","date_gmt":"2018-01-10T13:41:45","guid":{"rendered":"https:\/\/intelligent-friend-7861.standoutwp.com\/?p=34230"},"modified":"2018-01-10T14:41:45","modified_gmt":"2018-01-10T13:41:45","slug":"vinterns-varens-bredd-hos-nyfiken-pa","status":"publish","type":"post","link":"https:\/\/www.kultursidan.nu\/?p=34230","title":{"rendered":"Vinterns\/v\u00e5rens bredd hos Nyfiken p\u00e5\u2026"},"content":{"rendered":"<p><img loading=\"lazy\" decoding=\"async\" class=\"alignnone size-medium wp-image-34231\" src=\"https:\/\/www.kultursidan.nu\/wp-content\/uploads\/2018\/01\/IngridHedstrom02_mindre1_fotoMagnusLiamKarlsson-567x378.jpg\" alt=\"\" width=\"567\" height=\"378\" srcset=\"https:\/\/www.kultursidan.nu\/wp-content\/uploads\/2018\/01\/IngridHedstrom02_mindre1_fotoMagnusLiamKarlsson-567x378.jpg 567w, https:\/\/www.kultursidan.nu\/wp-content\/uploads\/2018\/01\/IngridHedstrom02_mindre1_fotoMagnusLiamKarlsson-768x512.jpg 768w, https:\/\/www.kultursidan.nu\/wp-content\/uploads\/2018\/01\/IngridHedstrom02_mindre1_fotoMagnusLiamKarlsson-1024x682.jpg 1024w, https:\/\/www.kultursidan.nu\/wp-content\/uploads\/2018\/01\/IngridHedstrom02_mindre1_fotoMagnusLiamKarlsson-150x100.jpg 150w, https:\/\/www.kultursidan.nu\/wp-content\/uploads\/2018\/01\/IngridHedstrom02_mindre1_fotoMagnusLiamKarlsson-500x333.jpg 500w, https:\/\/www.kultursidan.nu\/wp-content\/uploads\/2018\/01\/IngridHedstrom02_mindre1_fotoMagnusLiamKarlsson.jpg 1280w\" sizes=\"auto, (max-width: 567px) 100vw, 567px\" \/><br \/>\n<em>Medk\u00e4nsla. Ingrid Hedstr\u00f6m har mest gjort sig k\u00e4nd som deckarf\u00f6rfattare. Med Gick obem\u00e4rkt f\u00f6rbi, utgiven p\u00e5 Alfabeta f\u00f6rlag, gr\u00e4ver hon i en svensk folkhemsk verklighet \u2013 anstalterna f\u00f6r sinnessl\u00f6a.<\/em><\/p>\n<p>&nbsp;<\/p>\n<h1><span style=\"color: #ff0000;\">De som har och de som inte r\u00e4knas<br \/>\n<\/span><\/h1>\n<p>&nbsp;<\/p>\n<p>S\u00d6DERK\u00d6PING <strong>D\u00e5 och Nu.<\/strong> Vinterns och v\u00e5rens sju samtal hos f\u00f6rel\u00e4sningsf\u00f6reningen Nyfiken p\u00e5\u2026 granskar skillnader i samh\u00e4llet. Mellan de som har och de som saknar, mellan stad och land. Men f\u00f6rst handlar det om teater.<\/p>\n<p><strong>Anna Pettersson \u00e4r sk\u00e5despelare, regiss\u00f6r och chef f\u00f6r Strindbergs Intima teater.<\/strong> N\u00e4r hon inleder Nyfiken p\u00e5\u2026 blir det f\u00f6rst\u00e5s en inblick i Strindbergs teater men ocks\u00e5 em nya former inom teatern i Sverige.<\/p>\n<p><strong>Vinterns och v\u00e5rens program ber\u00f6r samh\u00e4llsfr\u00e5gor och kanske mest om skillnader.<\/strong> Mellan de som har och de som ses \u00f6ver axeln. Advokaten Viktor Banke ber\u00e4ttar i sin bok <em>Andrum<\/em> om m\u00e4nniskorna i flyktingv\u00e5gen, deras resa och deras m\u00f6te med svenska myndigheter. Titeln p\u00e5 f\u00f6redraget \u00e4r ocks\u00e5 bokens undertitel: Om st\u00f6lden av en flyktingkris och om de bestulna.<\/p>\n<p><strong>F\u00f6rfattaren Ingrid Hedstr\u00f6m p\u00e5minner i sin bok <em>Gick obem\u00e4rkt f\u00f6rbi<\/em> om Folkhemmets syn p\u00e5 \u201dunderm\u00e5liga\u201d m\u00e4nniskor.<\/strong> Barn som placerades p\u00e5 sinnessl\u00f6anstalter utsattes f\u00f6r vanv\u00e5rd, m\u00e5nga dog i ett 1930-tal pr\u00e4glat av rashygieniskt t\u00e4nkande.<\/p>\n<p>&nbsp;<\/p>\n<p><a title=\"Mats Jonsson \u2013 ur Nya Norrland\" href=\"https:\/\/www.flickr.com\/photos\/kultursidan\/24745020197\/in\/album-72157689254050672\/\"><img loading=\"lazy\" decoding=\"async\" src=\"https:\/\/farm5.staticflickr.com\/4715\/24745020197_ec688aff22.jpg\" alt=\"Mats Jonsson \u2013 ur Nya Norrland\" width=\"500\" height=\"233\" \/><\/a><br \/>\n<em> Halvtomt. ur Nya Norrland av Mats Jonsson.<\/em><\/p>\n<p>&nbsp;<\/p>\n<p><strong>Tillbaka till nuet.<\/strong> En som arbetar f\u00f6r den goda integrationen \u00e4r imamen Awad Olwan fr\u00e5n. Fisks\u00e4tra i Nacka kommun. I sin bok <em>R\u00f6d mosk\u00e9 med vita knutar<\/em>, utgiven p\u00e5 som handlar om vikten av dialog och som tar d\u00f6d p\u00e5 m\u00e5nga myter om islam.<\/p>\n<p><strong>Serietecknaren Mats Jonsson \u00e5terv\u00e4nder till uppv\u00e4xtens Bollstabruk med sitt runda ritstift i handen.<\/strong> Han minns, j\u00e4mf\u00f6r, undrar, grunnar. Nu bor han vid Telefonplan i H\u00e4gersten och funderar \u00e4ven d\u00e4r. Men varf\u00f6r \u00e4r samh\u00e4llet Bollstabruk utarmat n\u00e4r det gigantiska s\u00e5gverket g\u00e5r som t\u00e5get? <em>Nya Norrland<\/em> \u00e4r en serieroman om f\u00f6rdelningspolitik mellan land och stad.<\/p>\n<p><strong>En tung och kunnig \u00e4mbetsman \u00e4r numera frist\u00e5ende debatt\u00f6ren Per Molander som inte bara arbetat f\u00f6r svenska staten utan \u00e4ven f\u00f6r V\u00e4rldsbanken och OECD.<\/strong> I senaste boken <em>Condorcdets misstag<\/em> argumenterar f\u00f6rfattaren f\u00f6r att demokrati, j\u00e4mlikhet andra centrala v\u00e4rden hela tiden m\u00e5ste f\u00f6rsvaras f\u00f6r att inte vittra bort. Bara f\u00f6r att m\u00e4nniskorna en g\u00e5ng n\u00e5tts av upplysningens id\u00e9er, s\u00e5 f\u00f6rblir vi inte upplysta f\u00f6r all tid fram\u00f6ver.<\/p>\n<p><strong>Sist ut \u00e4r Helena Thorfinn, tidigare journalist som arbetar med m\u00e4nskliga r\u00e4ttigheter som bist\u00e5ndsarbetare i syd\u00f6stra Asien.<\/strong> I sin roman <em>Den som g\u00e5r p\u00e5 tigerstigar<\/em> skildrar hon krocken mellan privatmoral och globala \u00e5taganden.<\/p>\n<p><em>\u00a9 Text: Ann-Charlotte Sandelin\u2028<\/em><br \/>\n<em>\u00a9 Foto: Magnus Liam Karlsson och Mats Jonsson<\/em><\/p>\n<blockquote>\n<h4>STINSEN S\u00f6derk\u00f6ping<\/h4>\n<p><em>Vinter\u2013v\u00e5r 2018 kl 18.30\u2028<\/em><br \/>\n<strong>Nyfiken p\u00e5\u2026 \u2028<\/strong><br \/>\nF\u00f6rel\u00e4sningar<br \/>\nSamarr: S\u00f6derk\u00f6pings f\u00f6rel\u00e4sningsf\u00f6rening, Kulturkontoret, Folkuniversitetet och S\u00f6derk\u00f6pings Bokhandel<\/p>\n<p style=\"padding-left: 30px;\">Torsdag 18 januari<br \/>\n<strong>Anna Pettersson<\/strong> Om sk\u00e5despelaren och Strindbergs teater<\/p>\n<p style=\"padding-left: 30px;\">Onsdag 31 januari<br \/>\n<strong>Viktor Banke<\/strong> Om st\u00f6dden av en flyktingkris och om de bestulna<\/p>\n<p style=\"padding-left: 30px;\">Onsdag 28 februari<br \/>\n<strong>Ingrid Hedstr\u00f6m<\/strong> De vi g\u00f6mde undan<\/p>\n<p style=\"padding-left: 30px;\">Onsdag 14 mars<br \/>\n<strong>Awad Olwan<\/strong> R\u00f6d mosk\u00e9 med vita knutar<\/p>\n<p style=\"padding-left: 30px;\">Onsdag 4 april<br \/>\n<strong>Mats Jonsson<\/strong> Vad blir Nya Norrland\u2026<\/p>\n<p style=\"padding-left: 30px;\">Onsdag 25 april<br \/>\n<strong>Per Molander<\/strong> Hoten mot staten och demokratin<\/p>\n<p style=\"padding-left: 30px;\">Onsdag 23 maj<br \/>\n<strong>Helena Thorfinn<\/strong> Den som g\u00e5r p\u00e5 tigerstigar<\/p>\n<p>L\u00c4NKAR<br \/>\nNyfiken p\u00e5\u2026 <a href=\"http:\/\/nyfikenpasoderkoping.se\" target=\"_blank\" rel=\"noopener\">hemsida<\/a> <a href=\"https:\/\/www.facebook.com\/groups\/Nyfikenpa\/?fref=ts\" target=\"_blank\" rel=\"noopener\">Facebook<\/a><br \/>\nS\u00f6derk\u00f6pings kommun \/Kulturkontoret <a href=\"http:\/\/www.soderkoping.se\/kultur-fritid\/kultur\/\" target=\"_blank\" rel=\"noopener\">hemsida<\/a><\/p><\/blockquote>\n","protected":false},"excerpt":{"rendered":"<p>S\u00d6DERK\u00d6PING D\u00e5 och Nu. Vinterns och v\u00e5rens sju samtal hos f\u00f6rel\u00e4sningsf\u00f6reningen Nyfiken p\u00e5\u2026 granskar skillnader i samh\u00e4llet. Mellan de som har och de som saknar, mellan stad och land. Men f\u00f6rst handlade om teater.  <a class=\"continue-reading-link\" href=\"https:\/\/www.kultursidan.nu\/?p=34230\">L\u00e4s mer <span class=\"meta-nav\">&rarr; <\/span><\/a><\/p>\n","protected":false},"author":1001006,"featured_media":0,"comment_status":"closed","ping_status":"open","sticky":false,"template":"","format":"standard","meta":{"_jetpack_memberships_contains_paid_content":false,"footnotes":""},"categories":[6],"tags":[53],"class_list":["post-34230","post","type-post","status-publish","format-standard","hentry","category-soderkoping","tag-foredrag"],"jetpack_featured_media_url":"","jetpack_sharing_enabled":true,"_links":{"self":[{"href":"https:\/\/www.kultursidan.nu\/index.php?rest_route=\/wp\/v2\/posts\/34230","targetHints":{"allow":["GET"]}}],"collection":[{"href":"https:\/\/www.kultursidan.nu\/index.php?rest_route=\/wp\/v2\/posts"}],"about":[{"href":"https:\/\/www.kultursidan.nu\/index.php?rest_route=\/wp\/v2\/types\/post"}],"author":[{"embeddable":true,"href":"https:\/\/www.kultursidan.nu\/index.php?rest_route=\/wp\/v2\/users\/1001006"}],"replies":[{"embeddable":true,"href":"https:\/\/www.kultursidan.nu\/index.php?rest_route=%2Fwp%2Fv2%2Fcomments&post=34230"}],"version-history":[{"count":5,"href":"https:\/\/www.kultursidan.nu\/index.php?rest_route=\/wp\/v2\/posts\/34230\/revisions"}],"predecessor-version":[{"id":34236,"href":"https:\/\/www.kultursidan.nu\/index.php?rest_route=\/wp\/v2\/posts\/34230\/revisions\/34236"}],"wp:attachment":[{"href":"https:\/\/www.kultursidan.nu\/index.php?rest_route=%2Fwp%2Fv2%2Fmedia&parent=34230"}],"wp:term":[{"taxonomy":"category","embeddable":true,"href":"https:\/\/www.kultursidan.nu\/index.php?rest_route=%2Fwp%2Fv2%2Fcategories&post=34230"},{"taxonomy":"post_tag","embeddable":true,"href":"https:\/\/www.kultursidan.nu\/index.php?rest_route=%2Fwp%2Fv2%2Ftags&post=34230"}],"curies":[{"name":"wp","href":"https:\/\/api.w.org\/{rel}","templated":true}]}}