{"id":34286,"date":"2018-01-15T19:38:20","date_gmt":"2018-01-15T18:38:20","guid":{"rendered":"https:\/\/intelligent-friend-7861.standoutwp.com\/?p=34286"},"modified":"2018-01-15T19:38:20","modified_gmt":"2018-01-15T18:38:20","slug":"oppet-hus-med-son-och-ayla-pa-lordag","status":"publish","type":"post","link":"https:\/\/www.kultursidan.nu\/?p=34286","title":{"rendered":"\u00d6ppet hus med SON och Ayla p\u00e5 l\u00f6rdag"},"content":{"rendered":"<p><img loading=\"lazy\" decoding=\"async\" class=\"alignnone size-full wp-image-34287\" src=\"https:\/\/www.kultursidan.nu\/wp-content\/uploads\/2018\/01\/Anna-Ahlenius-FSON.jpg\" alt=\"\" width=\"449\" height=\"337\" srcset=\"https:\/\/www.kultursidan.nu\/wp-content\/uploads\/2018\/01\/Anna-Ahlenius-FSON.jpg 449w, https:\/\/www.kultursidan.nu\/wp-content\/uploads\/2018\/01\/Anna-Ahlenius-FSON-150x113.jpg 150w, https:\/\/www.kultursidan.nu\/wp-content\/uploads\/2018\/01\/Anna-Ahlenius-FSON-444x333.jpg 444w\" sizes=\"auto, (max-width: 449px) 100vw, 449px\" \/><br \/>\n<em>Gissa visan. Valthornisten Anna Ahlenius bj\u00f6d in till musiklek med de yngsta vid ett tidigare \u00f6ppet hus. P\u00e5 l\u00f6rdag \u00e4r det dags igen.<\/em><\/p>\n<p>&nbsp;<\/p>\n<h1><span style=\"color: #ff0000;\">Nordiskt med John Bauers bilder<\/span><\/h1>\n<p>&nbsp;<\/p>\n<p>NORRK\u00d6PING <strong>Musik i varje vr\u00e5.<\/strong> \u00d6ppet hus med Norrk\u00f6pings Symfoniorkester v\u00e4lkomnar b\u00e5de barn och vuxna. En l\u00e5ng eftermiddag med musikf\u00f6redrag, pyssel och lek avslutas med konserten <em>I Bergakungens sal<\/em> till bilder av John Bauer.<\/p>\n<p><strong>N\u00e4r Norrk\u00f6pings Symfoniorkester \u00f6ppnar huset s\u00e5 fylls det med toner i varje vr\u00e5.<\/strong> I verkstaden g\u00f6rs det b\u00e5de pyssel och melodier. I \u00f6vningsrummen kan barnen f\u00e5 tr\u00e4ffa musiker och f\u00e5 prova deras instrument.<\/p>\n<p>F\u00f6r lite \u00e4ldre visas notbiblioteket och den som vill veta mer om 100-\u00e5rsjubilaren Leonard Bernstein har en tid att passa klockan tv\u00e5.<\/p>\n<p><strong>Mycket musik blir det p\u00e5 l\u00f6rdag.<\/strong> SON-musiker spelar i foaj\u00e9n. \u00d6ver 100 barn fr\u00e5n kulturskolorna i Norrk\u00f6ping och Motala spelar och sjunger tillsammans med Symfoniorkestern.<\/p>\n<p>Dagen avslutas med familjekonserten <em>I Bergakungens sal<\/em> som enbart bjuder p\u00e5 nordisk musik, fr\u00e5n Sibelius Finlandia till Trollmors vaggs\u00e5ng. Ayla Kabaca \u00e4r v\u00e4rd, Jakob Hultberg dirigent och John Bauer har gjort bilderna.<\/p>\n<p><em>\u00a9 Text: Ann-Charlotte Sandelin\u2028<\/em><br \/>\n<em>\u00a9 Foto: Norrk\u00f6pings Symfoniorkester<\/em><\/p>\n<blockquote>\n<h4>LOUIS DE GEER Norrk\u00f6ping<\/h4>\n<p><em>20 januari 2018 fr\u00e5n kl 12.30<\/em><br \/>\n<strong>\u00d6ppet hus f\u00f6r hela familjen<\/strong><\/p>\n<p><strong>Aktiviteter<\/strong><\/p>\n<p style=\"padding-left: 30px;\"><strong>F\u00f6r barnen<\/strong><br \/>\n12.45 och kl 14.15 Gissa visan! F\u00f6r sm\u00e5 barn.<br \/>\n\u2022 Verkstad: G\u00f6r din egen pysselbok.<br \/>\n\u2022 Hur g\u00f6r man! Var med och skapa en melodi. F\u00f6r barn ca 6\u20139 \u00e5r.<\/p>\n<p style=\"padding-left: 30px;\"><strong>F\u00f6r barn och vuxna<\/strong><br \/>\n\u2022 Smygtitt bakom podiet \u2013 f\u00f6lj med en musiker. Samling i bistron.<br \/>\n\u2022 Tr\u00e4ffa musiker \u2013 se, lyssna och prova p\u00e5 instrument.<br \/>\n\u2022 Visning av notbiblioteket.<br \/>\n\u2022 Tipspromenad med fr\u00e5gor f\u00f6r stora och sm\u00e5.<\/p>\n<p style=\"padding-left: 30px;\"><strong>F\u00f6r vuxna<\/strong><br \/>\n14.00 Leonard Bernstein 100 \u00e5r. F\u00f6redrag om en av v\u00e5r tids st\u00f6rsta musikgenier med Matts Eriksson.<\/p>\n<p><strong>Konserter<\/strong><\/p>\n<p style=\"padding-left: 30px;\">12.30\u2013 14.45<br \/>\n<strong>SON-musiker spelar<\/strong> p\u00e5 scenen i foaj\u00e9n Bistron.<\/p>\n<p style=\"padding-left: 30px;\">13.30\u201313.50<br \/>\n<strong>Sida vid sida.<\/strong><br \/>\nBarn fr\u00e5n Motalas och Norrk\u00f6pings kulturskolor spelar och sjunger tillsammans med hela symfoniorkestern.<\/p>\n<p style=\"padding-left: 30px;\">15.00\u201315.45<br \/>\n<strong>I Bergakungens sal<\/strong><br \/>\nStor barn- och familjekonsert<\/p>\n<p style=\"padding-left: 60px;\">PROGRAM<br \/>\n<strong>Sibelius<\/strong> ur Finlandia<br \/>\n<strong>Grieg<\/strong> Morgonst\u00e4mning ur Peer Gynt<br \/>\n<strong>Andr\u00e9e<\/strong> Rings drapa ur Fridolf-svit<br \/>\n<strong>S\u00f6derman<\/strong> Sorgmarsch vid kung Carl XV:s d\u00f6d<br \/>\n<strong>Nielsen<\/strong> Allegro espansive ur Symfoni nr 3 d-moll<br \/>\n<strong>Holmberg<\/strong> Trollmors vaggs\u00e5ng (Arr K Backman)<br \/>\n<strong>Munktell<\/strong> ur Br\u00e4nningar<br \/>\n<strong>Sibelius<\/strong> ur Finlandia<br \/>\n<strong>Stenhammar<\/strong> ur Excelsior!, \u201cSymfonisk uvertyr\u201d<br \/>\n<strong>Grieg<\/strong> Bergakungens sal ur Peer Gynt<br \/>\n<strong>Grieg<\/strong> Morgonst\u00e4mning ur Peer Gynt<\/p>\n<\/blockquote>\n<p>L\u00c4NKAR<br \/>\nNorrk\u00f6pings symfoniorkester <a href=\"http:\/\/www.norrkopingssymfoniorkester.se\" target=\"_blank\" rel=\"noopener\">hemsida<\/a> <a href=\"https:\/\/www.facebook.com\/norrkoping.symphony?fref=ts\" target=\"_blank\" rel=\"noopener\">Facebook<\/a><\/p>\n","protected":false},"excerpt":{"rendered":"<p>NORRK\u00d6PING Musik i varje vr\u00e5. \u00d6ppet hus med Norrk\u00f6pings Symfoniorkester v\u00e4lkomnar b\u00e5de barn och vuxna. En l\u00e5ng eftermiddag med musikf\u00f6redrag, pyssel och lek avslutas med konserten I Bergakungens sal till bilder av John Bauer. <a class=\"continue-reading-link\" href=\"https:\/\/www.kultursidan.nu\/?p=34286\">L\u00e4s mer <span class=\"meta-nav\">&rarr; <\/span><\/a><\/p>\n","protected":false},"author":1001006,"featured_media":0,"comment_status":"closed","ping_status":"open","sticky":false,"template":"","format":"standard","meta":{"_jetpack_memberships_contains_paid_content":false,"footnotes":""},"categories":[7],"tags":[37,13],"class_list":["post-34286","post","type-post","status-publish","format-standard","hentry","category-norrkoping","tag-barnkultur","tag-musik"],"jetpack_featured_media_url":"","jetpack_sharing_enabled":true,"_links":{"self":[{"href":"https:\/\/www.kultursidan.nu\/index.php?rest_route=\/wp\/v2\/posts\/34286","targetHints":{"allow":["GET"]}}],"collection":[{"href":"https:\/\/www.kultursidan.nu\/index.php?rest_route=\/wp\/v2\/posts"}],"about":[{"href":"https:\/\/www.kultursidan.nu\/index.php?rest_route=\/wp\/v2\/types\/post"}],"author":[{"embeddable":true,"href":"https:\/\/www.kultursidan.nu\/index.php?rest_route=\/wp\/v2\/users\/1001006"}],"replies":[{"embeddable":true,"href":"https:\/\/www.kultursidan.nu\/index.php?rest_route=%2Fwp%2Fv2%2Fcomments&post=34286"}],"version-history":[{"count":5,"href":"https:\/\/www.kultursidan.nu\/index.php?rest_route=\/wp\/v2\/posts\/34286\/revisions"}],"predecessor-version":[{"id":34292,"href":"https:\/\/www.kultursidan.nu\/index.php?rest_route=\/wp\/v2\/posts\/34286\/revisions\/34292"}],"wp:attachment":[{"href":"https:\/\/www.kultursidan.nu\/index.php?rest_route=%2Fwp%2Fv2%2Fmedia&parent=34286"}],"wp:term":[{"taxonomy":"category","embeddable":true,"href":"https:\/\/www.kultursidan.nu\/index.php?rest_route=%2Fwp%2Fv2%2Fcategories&post=34286"},{"taxonomy":"post_tag","embeddable":true,"href":"https:\/\/www.kultursidan.nu\/index.php?rest_route=%2Fwp%2Fv2%2Ftags&post=34286"}],"curies":[{"name":"wp","href":"https:\/\/api.w.org\/{rel}","templated":true}]}}