{"id":34438,"date":"2018-01-24T19:32:25","date_gmt":"2018-01-24T18:32:25","guid":{"rendered":"https:\/\/intelligent-friend-7861.standoutwp.com\/?p=34438"},"modified":"2018-01-24T19:32:25","modified_gmt":"2018-01-24T18:32:25","slug":"stig-jacobsson-om-den-unge-sibelius","status":"publish","type":"post","link":"https:\/\/www.kultursidan.nu\/?p=34438","title":{"rendered":"Stig Jacobsson om Den unge Sibelius"},"content":{"rendered":"<p><img loading=\"lazy\" decoding=\"async\" class=\"alignnone size-medium wp-image-34440\" src=\"https:\/\/www.kultursidan.nu\/wp-content\/uploads\/2018\/01\/IMG_0010-567x425.jpg\" alt=\"\" width=\"567\" height=\"425\" srcset=\"https:\/\/www.kultursidan.nu\/wp-content\/uploads\/2018\/01\/IMG_0010-567x425.jpg 567w, https:\/\/www.kultursidan.nu\/wp-content\/uploads\/2018\/01\/IMG_0010-768x576.jpg 768w, https:\/\/www.kultursidan.nu\/wp-content\/uploads\/2018\/01\/IMG_0010-1024x768.jpg 1024w, https:\/\/www.kultursidan.nu\/wp-content\/uploads\/2018\/01\/IMG_0010-150x113.jpg 150w, https:\/\/www.kultursidan.nu\/wp-content\/uploads\/2018\/01\/IMG_0010-444x333.jpg 444w, https:\/\/www.kultursidan.nu\/wp-content\/uploads\/2018\/01\/IMG_0010.jpg 1280w\" sizes=\"auto, (max-width: 567px) 100vw, 567px\" \/><br \/>\n<em>\u00d6sterut. Stig Jacobsson ber\u00e4ttar om Finlands nationalkomposit\u00f6r Jean Sibelius under fyra tillf\u00e4llen i v\u00e5r.<\/em><\/p>\n<p>&nbsp;<\/p>\n<h1><span style=\"color: #ff0000;\">Johans 225 ungdomsverk<\/span><\/h1>\n<p>&nbsp;<\/p>\n<p>S\u00d6DERK\u00d6PING <strong>Han ville bli violinist, en v\u00e4rldsber\u00f6md virtuos.<\/strong> Ber\u00f6md blev han, men som tons\u00e4ttare. K\u00e4nt och ok\u00e4nt om den finske tons\u00e4ttaren Jean Sibelius st\u00e5r i fokus under v\u00e5rens fyra musikk\u00e5serier med Stig Jacobsson p\u00e5 Stinsen i S\u00f6derk\u00f6ping.<\/p>\n<p><strong>Stig Jacobsson inledde i veckan med att ber\u00e4tta om <em>Den unge Sibelius<\/em>.<\/strong> Han presenterade, med ord bild och musik, en ung man med violinistdr\u00f6mmar. Det var inte vilken violinist som helst han ville bli. Nej han ville bli v\u00e4rldsber\u00f6md, han ville m\u00e4ta sig med de stora virtuoserna.<\/p>\n<p>I st\u00e4llet blev han v\u00e4rldsber\u00f6md som tons\u00e4ttare. Vi f\u00f6rknippar honom mest som skapare av stora orkesterverk. Men h\u00e4r fick vi l\u00e4ra k\u00e4nna en annan, mindre k\u00e4nd, sida av honom.<\/p>\n<p><strong>Jean Sibelius levde mellan 1865 och 1957.<\/strong> 25 \u00e5r efter hans d\u00f6d, 1982, sk\u00e4nkte familjen en samling kompositioner till Helsingfors universitet. En hittills helst ok\u00e4nd ungdomsproduktion som inneh\u00f6ll 225 f\u00e4rdiga verk plus en del fragment.<\/p>\n<p>Denna rika skatt resulterade i en 816 sidor tjock och 2 kilo tung katalog. D\u00e4r finns inga orkesterverk, enbart kammarmusik.<\/p>\n<p>&nbsp;<\/p>\n<p><a title=\"Sibelius som skolpojke \u00e5r 1876\" href=\"https:\/\/www.flickr.com\/photos\/kultursidan\/39167333284\/in\/album-72157689743717572\/\"><img loading=\"lazy\" decoding=\"async\" src=\"https:\/\/farm5.staticflickr.com\/4653\/39167333284_88533bb92e.jpg\" alt=\"Sibelius som skolpojke \u00e5r 1876\" width=\"248\" height=\"500\" \/><\/a><br \/>\n<em>Skolpojke. Johan Sibelius var hans namn. Familjen kallade honom Janne.<\/em><\/p>\n<p>&nbsp;<\/p>\n<p><strong>P\u00e5 Stinsen f\u00e5r vi lyssna till ett stycke p\u00e5 endast 24 takter f\u00f6r fiol och cello som Jean s\u00e4gs ha skrivit n\u00e4r han var 10 \u00e5r gammal.<\/strong> Eller kanske att han var 16.<\/p>\n<p>\u2013 Jag tror att han var 10 \u00e5r, s\u00e4ger Stig Jacobsson. \u00c5 andra sidan hade han inte b\u00f6rjat spela fiol i den \u00e5ldern, bara piano.<\/p>\n<p><strong>\u2013 Varf\u00f6r gavs dessa musikstycken aldrig ut, fr\u00e5gar n\u00e5gon i publiken.<\/strong><\/p>\n<p>\u2013 Jean Sibelius var mycket sj\u00e4lvkritisk, svarar Stig Jacobsson.<br \/>\n\u2013 Under de sista 26 \u00e5ren av sitt liv gav han inte heller ut ett enda verk. Det s\u00e4gs att han arbetade p\u00e5 en \u00e5ttonde symfoni, men han var inte n\u00f6jd med verket. N\u00e5gon p\u00e5st\u00e5s till och med ha h\u00e5llit partituret i handen, nu \u00e4r det f\u00f6rsvunnet.<\/p>\n<p><strong>Johan Julius Christian Sibelius f\u00f6ddes i Tavastehus, en liten garnisonstad tio mil norr om Helsingfors.<\/strong> Hans far, som var stadsl\u00e4kare, avled n\u00e4r sonen var tv\u00e5 och ett halvt \u00e5r gammal. Han hade d\u00e5 en \u00e4ldre syster och en \u00e4nnu of\u00f6dd lillebror. Familjen var inte s\u00e4rskilt musikinriktad, men de tre syskonen spelade ibland tillsammans.<\/p>\n<p>&nbsp;<\/p>\n<p><a title=\"Stig Jacobssons publik\" href=\"https:\/\/www.flickr.com\/photos\/kultursidan\/26004553338\/in\/album-72157689743717572\/\"><img loading=\"lazy\" decoding=\"async\" src=\"https:\/\/farm5.staticflickr.com\/4768\/26004553338_8e3146e49f.jpg\" alt=\"Stig Jacobssons publik\" width=\"500\" height=\"375\" \/><\/a><br \/>\n<em>Musiklyssnare. Stig Jacobsson forskar g\u00e4rna fram det lilla extra n\u00e4r han ger sig i kast med sitt \u00e4mne.<\/em><\/p>\n<p>&nbsp;<\/p>\n<p><strong>Hur blev d\u00e5 Johan Jean?<\/strong> Jo, han l\u00e4r ha \u00e4rvt en visitkort med namnet Jean och tog det som sitt.<\/p>\n<p>Jean Sibelius var autodidakt, n\u00e4r han vid 20 \u00e5rs \u00e5lder flyttade till Helsingfors f\u00f6r att studera \u2013 juridik. Men samtidigt b\u00f6rjade han studera musik och det dr\u00f6jde inte l\u00e4nge f\u00f6rr\u00e4n han ins\u00e5g att det var d\u00e4r han h\u00f6rde hemma.<\/p>\n<p><strong>Vi f\u00e5r lyssna till n\u00e5gra stycken som han skrev under den h\u00e4r tiden,<\/strong> bland annat hans examensverk, en str\u00e5kkvartett som Stig Jacobsson beskriver som frisk och vital musik.<br \/>\nHittills har det mesta han skrivit lutat \u00e5t den klassiska stilen. Nu b\u00f6rjar det bli mera personligt. Kanske anar man till och med de m\u00f6rka skogarna och vemodet som ska bli s\u00e5 utm\u00e4rkande f\u00f6r hans senare produktion.<\/p>\n<p>Om detta f\u00e5r vi veta mera i n\u00e4sta k\u00e5seri som handlar om <em>Sibelius och myterna<\/em>.<\/p>\n<p><em>\u00a9 Text: Bibi Friedrichsen<br \/>\n\u00a9 Foto: Johanna Hellstrand<\/em><\/p>\n<blockquote>\n<h4>STINSEN S\u00f6derk\u00f6ping<\/h4>\n<p><em>Vinter-v\u00e5r 2018 kl 17.30<\/em><br \/>\n<strong>4 x Sibelius<\/strong><br \/>\nMusikk\u00e5serier<br \/>\nStig Jacobsson<\/p>\n<p>23 januari<br \/>\n<strong>Den unge Sibelius<\/strong><\/p>\n<p style=\"padding-left: 30px;\">6 februari<br \/>\n<strong>Sibelius och myterna<\/strong><\/p>\n<p style=\"padding-left: 30px;\">20 februari<br \/>\n<strong>Sibelius och teatern<\/strong><\/p>\n<p style=\"padding-left: 30px;\">6 mars<br \/>\n<strong>Sibelius och Finlands kamp<\/strong><\/p>\n<\/blockquote>\n<p>L\u00c4NKAR<br \/>\nKulturkontoret\/S\u00f6derk\u00f6pings kommun <a href=\"http:\/\/www.soderkoping.se\/kultur-fritid\/kultur\/\" target=\"_blank\" rel=\"noopener\">hemsida<\/a> <a href=\"https:\/\/www.visitostergotland.se\/sv\/soderkoping\/261508\/Musikkaserier-4xSIBELIUS\/\" target=\"_blank\" rel=\"noopener\">Evenemang<\/a><\/p>\n","protected":false},"excerpt":{"rendered":"<p>S\u00d6DERK\u00d6PING Han ville bli violinist, en v\u00e4rldsber\u00f6md virtuos. Ber\u00f6md blev han, men som tons\u00e4ttare. K\u00e4nt och ok\u00e4nt om den finske tons\u00e4ttaren Jean Sibelius st\u00e5r i fokus under v\u00e5rens fyra musikk\u00e5serier med Stig Jacobsson p\u00e5 Stinsen i S\u00f6derk\u00f6ping. <a class=\"continue-reading-link\" href=\"https:\/\/www.kultursidan.nu\/?p=34438\">L\u00e4s mer <span class=\"meta-nav\">&rarr; <\/span><\/a><\/p>\n","protected":false},"author":1001006,"featured_media":0,"comment_status":"closed","ping_status":"open","sticky":false,"template":"","format":"standard","meta":{"_jetpack_memberships_contains_paid_content":false,"footnotes":""},"categories":[6],"tags":[53,13],"class_list":["post-34438","post","type-post","status-publish","format-standard","hentry","category-soderkoping","tag-foredrag","tag-musik"],"jetpack_featured_media_url":"","jetpack_sharing_enabled":true,"_links":{"self":[{"href":"https:\/\/www.kultursidan.nu\/index.php?rest_route=\/wp\/v2\/posts\/34438","targetHints":{"allow":["GET"]}}],"collection":[{"href":"https:\/\/www.kultursidan.nu\/index.php?rest_route=\/wp\/v2\/posts"}],"about":[{"href":"https:\/\/www.kultursidan.nu\/index.php?rest_route=\/wp\/v2\/types\/post"}],"author":[{"embeddable":true,"href":"https:\/\/www.kultursidan.nu\/index.php?rest_route=\/wp\/v2\/users\/1001006"}],"replies":[{"embeddable":true,"href":"https:\/\/www.kultursidan.nu\/index.php?rest_route=%2Fwp%2Fv2%2Fcomments&post=34438"}],"version-history":[{"count":1,"href":"https:\/\/www.kultursidan.nu\/index.php?rest_route=\/wp\/v2\/posts\/34438\/revisions"}],"predecessor-version":[{"id":34441,"href":"https:\/\/www.kultursidan.nu\/index.php?rest_route=\/wp\/v2\/posts\/34438\/revisions\/34441"}],"wp:attachment":[{"href":"https:\/\/www.kultursidan.nu\/index.php?rest_route=%2Fwp%2Fv2%2Fmedia&parent=34438"}],"wp:term":[{"taxonomy":"category","embeddable":true,"href":"https:\/\/www.kultursidan.nu\/index.php?rest_route=%2Fwp%2Fv2%2Fcategories&post=34438"},{"taxonomy":"post_tag","embeddable":true,"href":"https:\/\/www.kultursidan.nu\/index.php?rest_route=%2Fwp%2Fv2%2Ftags&post=34438"}],"curies":[{"name":"wp","href":"https:\/\/api.w.org\/{rel}","templated":true}]}}