{"id":34491,"date":"2018-01-27T17:26:03","date_gmt":"2018-01-27T16:26:03","guid":{"rendered":"https:\/\/intelligent-friend-7861.standoutwp.com\/?p=34491"},"modified":"2018-01-28T08:02:25","modified_gmt":"2018-01-28T07:02:25","slug":"retrostart-med-arkeologiskt-klostergrav","status":"publish","type":"post","link":"https:\/\/www.kultursidan.nu\/?p=34491","title":{"rendered":"Retrostart med arkeologiskt klostergr\u00e4v"},"content":{"rendered":"<p><img loading=\"lazy\" decoding=\"async\" class=\"alignnone size-medium wp-image-34492\" src=\"https:\/\/www.kultursidan.nu\/wp-content\/uploads\/2018\/01\/DSC00686-567x340.jpg\" alt=\"\" width=\"567\" height=\"340\" srcset=\"https:\/\/www.kultursidan.nu\/wp-content\/uploads\/2018\/01\/DSC00686-567x340.jpg 567w, https:\/\/www.kultursidan.nu\/wp-content\/uploads\/2018\/01\/DSC00686-768x461.jpg 768w, https:\/\/www.kultursidan.nu\/wp-content\/uploads\/2018\/01\/DSC00686-1024x614.jpg 1024w, https:\/\/www.kultursidan.nu\/wp-content\/uploads\/2018\/01\/DSC00686-150x90.jpg 150w, https:\/\/www.kultursidan.nu\/wp-content\/uploads\/2018\/01\/DSC00686-555x333.jpg 555w, https:\/\/www.kultursidan.nu\/wp-content\/uploads\/2018\/01\/DSC00686.jpg 1280w\" sizes=\"auto, (max-width: 567px) 100vw, 567px\" \/><br \/>\n<em>Gravar.\u00a0 Arkeologerna har hittat skelett och skelettdelar fr\u00e5n kyrkog\u00e5rden p\u00e5 klosteromr\u00e5det.<\/em><\/p>\n<p>&nbsp;<\/p>\n<h1><span style=\"color: #ff0000;\">Samma ritning till alla kloster<\/span><\/h1>\n<p>&nbsp;<\/p>\n<p>S\u00d6DERK\u00d6PING <strong>Franciskanerklostren i S\u00f6derk\u00f6ping, Link\u00f6ping och Stockholm \u00e4r byggda efter samma ritning.<\/strong> Arkeologen Emma Karlsson ber\u00e4ttade fr\u00e5n utgr\u00e4vningarna i Link\u00f6ping vid vinterns f\u00f6rsta Retrof\u00f6rel\u00e4sning.<\/p>\n<p><strong>Det svenska fastlandets f\u00f6rsta franciskanerkloster fanns i S\u00f6derk\u00f6ping.<\/strong> Det grundades 1235 av franciskanerna, eller gr\u00e5br\u00f6derna, och l\u00e5g vid nuvarande Tr\u00e5ngsundsgr\u00e4nd i Drothemskvarteren.<\/p>\n<p>Franciskanerna var en internationellt spridd tiggarorden, uppkallad efter Franciskus av Assisi. Vid utgr\u00e4vningar har man funnit rester av klosteranl\u00e4ggningen som revs 1529. Materialet anv\u00e4ndes vid byggandet av\u00a0 Stegeborgs slottsruin.<\/p>\n<p>N\u00e5got litet om S\u00f6derk\u00f6pings franciskanerkloster n\u00e4mnde arkeologen Emma Karlsson fr\u00e5n \u00d6sterg\u00f6tlands museum vid F\u00f6rel\u00e4sningsserien Retros f\u00f6rsta sammankomst p\u00e5 Stinsen i torsdags. Men huvudsakligen ber\u00e4ttade hon om franciskanernas klosterkyrka i Link\u00f6ping.<\/p>\n<p>&nbsp;<\/p>\n<p><a title=\"Emma Karlsson, arkeolog\" href=\"https:\/\/www.flickr.com\/photos\/kultursidan\/39928365081\/in\/album-72157665109895488\/\"><img loading=\"lazy\" decoding=\"async\" src=\"https:\/\/farm5.staticflickr.com\/4703\/39928365081_5c483560d8.jpg\" alt=\"Emma Karlsson, arkeolog\" width=\"319\" height=\"500\" \/><\/a><br \/>\n<em>Arkeolog Emma Karlsson g\u00e4stade Stinsen i torsdags.<\/em><\/p>\n<p>&nbsp;<\/p>\n<p><strong>Emma Karlsson \u00e4r projektledare f\u00f6r\u00a0utgr\u00e4vningarna av klostret, eller konventet, som l\u00e5g p\u00e5 det som nu \u00e4r Hospitalstorget i Link\u00f6ping.<\/strong> Man har l\u00e4nge k\u00e4nt till att det funnits ett kloster i staden, men inte var det l\u00e5g. Nu vet man det och utgr\u00e4vningarna \u00e4r i full g\u00e5ng.<\/p>\n<p>B\u00e5de Link\u00f6ping och S\u00f6derk\u00f6ping tillh\u00f6rde under medeltiden provinsen Dacien med huvuds\u00e4te i Danmark. Utgr\u00e4vningarna visar att klosterbyggnaderna var lika varandra. De var byggda i samma stil och storlek\u00a0 som Riddarholmskyrkan i Stockholm, vilken ju ocks\u00e5 tj\u00e4nade som franciskanerkyrka p\u00e5 den tiden.<\/p>\n<p><strong>\u00c4ven Link\u00f6pings kloster lades ned i samband med reformationen.<\/strong> P\u00e5 platsen inr\u00e4ttades i st\u00e4llet, som p\u00e5 m\u00e5nga andra platser i landet, ett hospital. \u00c4ven fr\u00e5n hospitalstiden g\u00f6rs nu arkeologiska fynd.<\/p>\n<p>\u2013 Ingen kunde bli gladare \u00e4n vi arkeologer n\u00e4r kommunen besl\u00f6t att Hospitalstorget skulle omdanas. D\u00e5 fick vi verkligen chansen att g\u00e5 till grunden med vad som finns under torget, s\u00e4ger Emma Karlsson.<\/p>\n<p>\u2013 Inte f\u00f6r att det finns s\u00e5 mycket kvar. En mur togs bort i samband med gr\u00e4vningsarbeten p\u00e5 1970-talet. Men vi har bland annat hittat skelett och skelettdelar fr\u00e5n den kyrkog\u00e5rd som ocks\u00e5 fanns i omr\u00e5det. Nu hoppas vi p\u00e5 pengar f\u00f6r att kunna forts\u00e4tta gr\u00e4va.<\/p>\n<p>&nbsp;<\/p>\n<p><a title=\"Fransiscanerkyrkans kor i S\u00f6derk\u00f6ping\" href=\"https:\/\/www.flickr.com\/photos\/kultursidan\/25056680387\/in\/album-72157665109895488\/\"><img loading=\"lazy\" decoding=\"async\" src=\"https:\/\/farm5.staticflickr.com\/4770\/25056680387_1446a78206.jpg\" alt=\"Fransiscanerkyrkans kor i S\u00f6derk\u00f6ping\" width=\"500\" height=\"327\" \/><\/a><br \/>\n<em>Fransiscanerkyrkans kor i S\u00f6derk\u00f6ping. Bilden har Emma Karlsson h\u00e4mtat fr\u00e5n en \u00e4ldre bok.<\/em><\/p>\n<p>&nbsp;<\/p>\n<p><strong>Vi var m\u00e5nga som kommit f\u00f6r att lyssna till denna kulturhistoriska tillbakablick.<\/strong> Kanske att vi hoppats f\u00e5 veta lite mera om S\u00f6derk\u00f6pingsklostret. Men tyv\u00e4rr finns det inte s\u00e5 mycket nedtecknat om konventet i Drothem. Man vet inte ens om det hade n\u00e5got namn.<\/p>\n<p><em>\u00a9 Text: Bibi Friedrichsen<br \/>\n<\/em><em>\u2028\u00a9 Foto: Monica Stangel L\u00f6fvall och \u00d6sterg\u00f6tlands museum<\/em><\/p>\n<p>BILDSPEL \u2013 KLICKA P\u00c5 BILDENS PILAR<\/p>\n<p><a data-flickr-embed='true' href='https:\/\/www.flickr.com\/photos\/kultursidan\/sets\/72157665109895488' title='Fransiscaner \u2013 arkeologi, Retro, Stinsen 2018 by Kultursidan, on Flickr'><img src='https:\/\/live.staticflickr.com\/4770\/25056680387_1446a78206_z.jpg' width='800' height='600' alt='Fransiscanerkyrkans kor i S\u00f6derk\u00f6ping'><\/a><script async src='https:\/\/embedr.flickr.com\/assets\/client-code.js' charset='utf-8'><\/script><\/p>\n<blockquote>\n<h4><em>STINSEN S\u00f6derk\u00f6ping<\/em><\/h4>\n<p><em>Vintern-v\u00e5ren 2018 kl 18.30<\/em><br \/>\n<strong><em>Retro \u2013 f\u00f6rel\u00e4sningar<\/em><\/strong><em><br \/>\nFri entr\u00e9<\/em><\/p>\n<p>Torsdag 25 januari<br \/>\n<em><strong>Link\u00f6pings Franciskaner \u2013<br \/>\n<\/strong><\/em><em><strong>arkeologi i klosterkyrka och kyrkog\u00e5rd<\/strong><\/em><br \/>\n<em>Emma Karlsson<\/em><\/p>\n<p style=\"padding-left: 30px;\">Torsdag 15 februari<br \/>\n<em><strong>DNA-tr\u00e5dar till v\u00e5ra r\u00f6tter<\/strong><\/em><br \/>\n<em>Karin Bojs<\/em><\/p>\n<p style=\"padding-left: 30px;\">Torsdag 8 mars<br \/>\n<em><strong>Nycklar till konsthistorien<br \/>\n<\/strong><\/em><em><strong>1900-talet &amp; nu<\/strong><\/em><br \/>\n<em>Karolina Nilsson<\/em><\/p>\n<p style=\"padding-left: 30px;\">Torsdag 19 april<br \/>\n<em><strong>Alguvi, R\u00f6k och Vedem\u00f6 \u2013<br \/>\n<\/strong><\/em><em><strong>n\u00e4r och hur har v\u00e5ra ortnamn<br \/>\n<\/strong><\/em><em><strong>kommit till?<\/strong><\/em><br \/>\n<em>Svante Lagman<\/em><\/p>\n<\/blockquote>\n<p>L\u00c4NKAR<br \/>\nKulturkontoret\/Medeltidscentrum <a href=\"http:\/\/www.soderkoping.se\/kultur-fritid\/kultur\/\" target=\"_blank\" rel=\"noopener\">hemsida<\/a> <a href=\"https:\/\/www.facebook.com\/soderkoping\/?fref=ts\" target=\"_blank\" rel=\"noopener\">Facebook<br \/>\n<\/a>\u2028Retrov\u00e5ren i S\u00f6derk\u00f6ping <a href=\"https:\/\/www.kultursidan.nu\/?p=34356\" target=\"_blank\" rel=\"noopener\">reportage<\/a> Kultursidan.nu 19\/1 2018<\/p>\n","protected":false},"excerpt":{"rendered":"<p>S\u00d6DERK\u00d6PING Franciskanerklostren i S\u00f6derk\u00f6ping, Link\u00f6ping och Stockholm \u00e4r byggda efter samma ritning. Arkeologen Emma Karlsson ber\u00e4ttade fr\u00e5n utgr\u00e4vningarna i Link\u00f6ping vid vinterns f\u00f6rsta Retrof\u00f6rel\u00e4sning. <a class=\"continue-reading-link\" href=\"https:\/\/www.kultursidan.nu\/?p=34491\">L\u00e4s mer <span class=\"meta-nav\">&rarr; <\/span><\/a><\/p>\n","protected":false},"author":1001006,"featured_media":0,"comment_status":"closed","ping_status":"open","sticky":false,"template":"","format":"standard","meta":{"_jetpack_memberships_contains_paid_content":false,"footnotes":""},"categories":[6],"tags":[65,53],"class_list":["post-34491","post","type-post","status-publish","format-standard","hentry","category-soderkoping","tag-arkeologi","tag-foredrag"],"jetpack_featured_media_url":"","jetpack_sharing_enabled":true,"_links":{"self":[{"href":"https:\/\/www.kultursidan.nu\/index.php?rest_route=\/wp\/v2\/posts\/34491","targetHints":{"allow":["GET"]}}],"collection":[{"href":"https:\/\/www.kultursidan.nu\/index.php?rest_route=\/wp\/v2\/posts"}],"about":[{"href":"https:\/\/www.kultursidan.nu\/index.php?rest_route=\/wp\/v2\/types\/post"}],"author":[{"embeddable":true,"href":"https:\/\/www.kultursidan.nu\/index.php?rest_route=\/wp\/v2\/users\/1001006"}],"replies":[{"embeddable":true,"href":"https:\/\/www.kultursidan.nu\/index.php?rest_route=%2Fwp%2Fv2%2Fcomments&post=34491"}],"version-history":[{"count":3,"href":"https:\/\/www.kultursidan.nu\/index.php?rest_route=\/wp\/v2\/posts\/34491\/revisions"}],"predecessor-version":[{"id":34504,"href":"https:\/\/www.kultursidan.nu\/index.php?rest_route=\/wp\/v2\/posts\/34491\/revisions\/34504"}],"wp:attachment":[{"href":"https:\/\/www.kultursidan.nu\/index.php?rest_route=%2Fwp%2Fv2%2Fmedia&parent=34491"}],"wp:term":[{"taxonomy":"category","embeddable":true,"href":"https:\/\/www.kultursidan.nu\/index.php?rest_route=%2Fwp%2Fv2%2Fcategories&post=34491"},{"taxonomy":"post_tag","embeddable":true,"href":"https:\/\/www.kultursidan.nu\/index.php?rest_route=%2Fwp%2Fv2%2Ftags&post=34491"}],"curies":[{"name":"wp","href":"https:\/\/api.w.org\/{rel}","templated":true}]}}