{"id":34516,"date":"2018-01-30T10:52:37","date_gmt":"2018-01-30T09:52:37","guid":{"rendered":"https:\/\/intelligent-friend-7861.standoutwp.com\/?p=34516"},"modified":"2018-01-30T11:04:52","modified_gmt":"2018-01-30T10:04:52","slug":"forintelsedagen-spela-aldrig-mozart","status":"publish","type":"post","link":"https:\/\/www.kultursidan.nu\/?p=34516","title":{"rendered":"F\u00f6rintelsedagen: Spela aldrig Mozart\u2026"},"content":{"rendered":"<p><img loading=\"lazy\" decoding=\"async\" class=\"alignnone size-medium wp-image-34517\" src=\"https:\/\/www.kultursidan.nu\/wp-content\/uploads\/2018\/01\/IMG_0321-567x425.jpg\" alt=\"\" width=\"567\" height=\"425\" srcset=\"https:\/\/www.kultursidan.nu\/wp-content\/uploads\/2018\/01\/IMG_0321-567x425.jpg 567w, https:\/\/www.kultursidan.nu\/wp-content\/uploads\/2018\/01\/IMG_0321-768x576.jpg 768w, https:\/\/www.kultursidan.nu\/wp-content\/uploads\/2018\/01\/IMG_0321-1024x768.jpg 1024w, https:\/\/www.kultursidan.nu\/wp-content\/uploads\/2018\/01\/IMG_0321-150x113.jpg 150w, https:\/\/www.kultursidan.nu\/wp-content\/uploads\/2018\/01\/IMG_0321-444x333.jpg 444w, https:\/\/www.kultursidan.nu\/wp-content\/uploads\/2018\/01\/IMG_0321.jpg 1280w\" sizes=\"auto, (max-width: 567px) 100vw, 567px\" \/><br \/>\n<em>Goda minnen. Den unge Paolo l\u00e4r sig om musikens v\u00e4gar som barn. I rollerna Ewa Carlsson och Bo Lindell.<\/em><\/p>\n<p>&nbsp;<\/p>\n<h1><span style=\"color: #ff0000;\">F\u00f6r\u00e4ldrarna spelade f\u00f6r livet<br \/>\n<\/span><\/h1>\n<p>&nbsp;<\/p>\n<p>RECENSION\/ NORRK\u00d6PING <strong>Klipp, klipp, klipp.<\/strong> Med fris\u00f6rsaxens ljud b\u00f6rjar historien om Paolo, sonen till tv\u00e5 judiska musiker som \u00f6verlevde F\u00f6rintelsen. F\u00f6rest\u00e4llningen <em>Spela aldrig Mozart \u2013 s\u00e5 l\u00e4nge jag lever<\/em> gavs p\u00e5 ABF Bergslagsg\u00e5rden i onsdags i samband med F\u00f6rintelsens minnesdag.<\/p>\n<p><strong>I en fris\u00f6rsalong i Venedig lyssnar Paolo Levi p\u00e5 ljudet av saxen n\u00e4r hans far formar h\u00e5ret p\u00e5 gamla damer; klipp, klipp, klipp.<\/strong> Som en melodi. Det \u00e4r s\u00e5 historien om Paolo, sonen till tv\u00e5 judiska musiker som \u00f6verlevde F\u00f6rintelsen b\u00f6rjar.<\/p>\n<p>N\u00e4r Ewa Carlsson och Bo Lindell b\u00f6rjar ber\u00e4tta sin historia om Paolo och hans f\u00f6r\u00e4ldrar faller en tyngd \u00f6ver rummet som inte lyfter f\u00f6rr\u00e4n de \u00e4r klara. Med bara en fiol som rekvisita ber\u00e4ttar de engagerat och \u00e4lskv\u00e4rt om Paolos \u00f6de som om de sj\u00e4lva vore vittnen.<\/p>\n<p>&nbsp;<\/p>\n<p><a title=\"Spela aldrig Mozart \u2013 s\u00e5 l\u00e4nge jag lever\" href=\"https:\/\/www.flickr.com\/photos\/kultursidan\/39271626074\/in\/album-72157669022006969\/\"><img loading=\"lazy\" decoding=\"async\" src=\"https:\/\/farm5.staticflickr.com\/4718\/39271626074_735381be86.jpg\" alt=\"Spela aldrig Mozart \u2013 s\u00e5 l\u00e4nge jag lever\" width=\"500\" height=\"375\" \/><\/a><br \/>\n<em> Rollskifte. Sk\u00e5despelarna tar den roll som beh\u00f6vs i stunden f\u00f6r att gestalta ber\u00e4ttelsen.<\/em><\/p>\n<p>&nbsp;<\/p>\n<p><strong>Framf\u00f6r oss st\u00e5r den unge pojken Paolo Levi, musikl\u00e4raren Benjamin Horowitz, fadern Gino Levi och modern Laura Adler.<\/strong> I ena stunden \u00e4r Ewa en os\u00e4ker, ivrig pojke vars h\u00f6gsta \u00f6nskan \u00e4r att spela fiol, i den andra en omh\u00e4ndertagande, orolig mor. Bo tar \u00f6ver efter henne, spelar nu lille Paolo. Allting g\u00f6rs vackert och bekymmersl\u00f6st. De h\u00e5ller fast i publiken, som i trans ser p\u00e5 n\u00e4r h\u00e4ndelserna utvecklar sig framf\u00f6r den.<\/p>\n<p>Med hj\u00e4lp av sk\u00e5despelarnas r\u00f6ster och agerande och med den egna fantasin f\u00f6rflyttas \u00e5sk\u00e5darna till sovrummet d\u00e4r Paolo uppt\u00e4cker sin mors fiol, till Accademiabron i Venedig d\u00e4r han m\u00f6ter herr Horowitz, och till koncentrationsl\u00e4gret. Gino och Laura \u00f6verlevde genom att spela f\u00f6r b\u00f6dlarna och f\u00f6r medf\u00e5ngarna p\u00e5 v\u00e4g till gaskamrarna.<\/p>\n<p><strong>Den enkla, avskalade stilen g\u00f6r publiken aktiv i att skapa ber\u00e4ttelsen, ingenting \u00e4r f\u00e4rdigt.<\/strong> Historien g\u00f6rs \u00e4nnu mer levande n\u00e4r Bo med sin fiol illustrerar; ljudet av gatumusikanten, Paolos f\u00f6rsta drag p\u00e5 sin l\u00e5nade fiol och den avslutande konserten n\u00e4r han f\u00f6r f\u00f6rsta g\u00e5ngen spelar Mozart.<\/p>\n<p>&nbsp;<\/p>\n<p><a title=\"Spela aldrig Mozart \u2013 s\u00e5 l\u00e4nge jag lever\" href=\"https:\/\/www.flickr.com\/photos\/kultursidan\/28202537399\/in\/album-72157669022006969\/\"><img loading=\"lazy\" decoding=\"async\" src=\"https:\/\/farm5.staticflickr.com\/4608\/28202537399_faf9403918.jpg\" alt=\"Spela aldrig Mozart \u2013 s\u00e5 l\u00e4nge jag lever\" width=\"500\" height=\"375\" \/><\/a><br \/>\n<em> Turn\u00e9. Spela aldrig Mozart \u2013 s\u00e5 l\u00e4nge jag lever spelas p\u00e5 turn\u00e9 runt om i Sverige.<\/em><\/p>\n<p>&nbsp;<\/p>\n<p><strong>N\u00e4r f\u00f6rest\u00e4llningen \u00e4r \u00f6ver andas publiken ut som om de h\u00e5llit andan.<\/strong> Pl\u00f6tsligt \u00e4r vi tillbaka i Norrk\u00f6ping, en m\u00f6rk kv\u00e4ll i januari. Efter\u00e5t, i samtalet med akt\u00f6rerna, \u00e4r det k\u00e4nslosamt. F\u00f6rsiktigt s\u00e4ger n\u00e5gon: Vilken tur att ber\u00e4ttelserna lever kvar i kulturen, \u00e4ven efter att vittnena d\u00f6tt.<\/p>\n<p><em>\u00a9 Text: Sara Keran<\/em><br \/>\n<em>\u00a9 Foto: Kulturparlamentet<\/em><\/p>\n<blockquote>\n<h4>ABF BERGSLAGSG\u00c5RDEN Norrk\u00f6ping<\/h4>\n<p>24 januari 2018<br \/>\n<strong>Spela aldrig Mozart \u2013 s\u00e5 l\u00e4nge jag lever<\/strong><br \/>\nEfter \u201dThe Mozart Question\u201d av Michael Morpurgo<br \/>\nKulturparlamentet i samarbete med Musikteater 89<\/p>\n<p style=\"padding-left: 30px;\">MEDVERKANDE<br \/>\nEwa Carlsson<br \/>\nBo Lindell<\/p>\n<\/blockquote>\n<p>L\u00c4NKAR<br \/>\nMichael Morpurgo The Mozart Qestion <a href=\"https:\/\/www.michaelmorpurgo.com\/book\/the-mozart-question\/\" target=\"_blank\" rel=\"noopener\">info<\/a><br \/>\nKulturparlamentet\/Musikteater 89 <a href=\"http:\/\/www.musikteater89.se\/aktuellt\/spela-aldrig-mozart\/\" target=\"_blank\" rel=\"noopener\">hemsida<\/a><\/p>\n","protected":false},"excerpt":{"rendered":"<p>RECENSION\/ NORRK\u00d6PING Klipp, klipp, klipp. Med fris\u00f6rsaxens ljud b\u00f6rjar historien om Paolo, sonen till tv\u00e5 judiska musiker som \u00f6verlevde F\u00f6rintelsen. F\u00f6rest\u00e4llningen Spela aldrig Mozart s\u00e5 l\u00e4nge jag lever gavs p\u00e5 ABF Bergslagsg\u00e5rden i samband med f\u00f6rintelsedagen. <a class=\"continue-reading-link\" href=\"https:\/\/www.kultursidan.nu\/?p=34516\">L\u00e4s mer <span class=\"meta-nav\">&rarr; <\/span><\/a><\/p>\n","protected":false},"author":1001006,"featured_media":0,"comment_status":"closed","ping_status":"open","sticky":false,"template":"","format":"standard","meta":{"_jetpack_memberships_contains_paid_content":false,"footnotes":""},"categories":[7],"tags":[12],"class_list":["post-34516","post","type-post","status-publish","format-standard","hentry","category-norrkoping","tag-teater"],"jetpack_featured_media_url":"","jetpack_sharing_enabled":true,"_links":{"self":[{"href":"https:\/\/www.kultursidan.nu\/index.php?rest_route=\/wp\/v2\/posts\/34516","targetHints":{"allow":["GET"]}}],"collection":[{"href":"https:\/\/www.kultursidan.nu\/index.php?rest_route=\/wp\/v2\/posts"}],"about":[{"href":"https:\/\/www.kultursidan.nu\/index.php?rest_route=\/wp\/v2\/types\/post"}],"author":[{"embeddable":true,"href":"https:\/\/www.kultursidan.nu\/index.php?rest_route=\/wp\/v2\/users\/1001006"}],"replies":[{"embeddable":true,"href":"https:\/\/www.kultursidan.nu\/index.php?rest_route=%2Fwp%2Fv2%2Fcomments&post=34516"}],"version-history":[{"count":5,"href":"https:\/\/www.kultursidan.nu\/index.php?rest_route=\/wp\/v2\/posts\/34516\/revisions"}],"predecessor-version":[{"id":34522,"href":"https:\/\/www.kultursidan.nu\/index.php?rest_route=\/wp\/v2\/posts\/34516\/revisions\/34522"}],"wp:attachment":[{"href":"https:\/\/www.kultursidan.nu\/index.php?rest_route=%2Fwp%2Fv2%2Fmedia&parent=34516"}],"wp:term":[{"taxonomy":"category","embeddable":true,"href":"https:\/\/www.kultursidan.nu\/index.php?rest_route=%2Fwp%2Fv2%2Fcategories&post=34516"},{"taxonomy":"post_tag","embeddable":true,"href":"https:\/\/www.kultursidan.nu\/index.php?rest_route=%2Fwp%2Fv2%2Ftags&post=34516"}],"curies":[{"name":"wp","href":"https:\/\/api.w.org\/{rel}","templated":true}]}}