{"id":3452,"date":"2011-12-02T18:12:15","date_gmt":"2011-12-02T17:12:15","guid":{"rendered":"https:\/\/intelligent-friend-7861.standoutwp.com\/?p=3452"},"modified":"2016-04-11T18:33:56","modified_gmt":"2016-04-11T17:33:56","slug":"fredrik-sundqvists-minnesrika-maleri-pa-konstforum","status":"publish","type":"post","link":"https:\/\/www.kultursidan.nu\/?p=3452","title":{"rendered":"Fredrik Sundqvists minnesrika m\u00e5leri p\u00e5 Konstforum"},"content":{"rendered":"<p><a title=\"Landet bortom\" href=\"https:\/\/www.flickr.com\/photos\/kultursidan\/6442269343\/in\/album-72157628248714677\/\"><img loading=\"lazy\" decoding=\"async\" src=\"https:\/\/farm8.staticflickr.com\/7161\/6442269343_4063001b41.jpg\" alt=\"Landet bortom\" width=\"500\" height=\"333\" \/><\/a><br \/>\n<em>Landet bortom. Gestalter och platser \u00e5terkommer, men i nya konstellationer i Fredrik Sundqvists m\u00e5leri.<\/em><\/p>\n<p>&nbsp;<\/p>\n<h1><span style=\"color: #ff0000;\">Mycket speciella st\u00e4mningar uppst\u00e5r<\/span><\/h1>\n<p>&nbsp;<\/p>\n<p><strong>Hemv\u00e4ndare, Skogsminne, Landet bortom, Vingslag, Spegling\u2026<\/strong> Fredrik Sundqvists titlar understryker de st\u00e4mningar vi ser i hans m\u00e5lningar, oljor p\u00e5 duk eller pann\u00e5, som just nu visas p\u00e5 Konstforum i Norrk\u00f6ping.<\/p>\n<p>I den lilla <em>Uppt\u00e4ckten<\/em> ser vi ett barn tillsammans med en kvinna, de st\u00e5r vid skogsranden och blickar in\u00e5t. \u00c4r detta b\u00f6rjan p\u00e5 den stora ber\u00e4ttelse om allt som finns och funnits och som skogarna minns?<\/p>\n<p>F\u00f6r mycket har h\u00e4nt i landet genom tiderna. Och Fredrik Sundqvist tycks hitta delar av dessa minnen, gestalter eller fragment av gestalter i mer eller mindre sorterad ordning. Vems minnena \u00e4r, egna eller ber\u00e4ttelser, f\u00f6rt\u00e4ljer inte hans bilder, men mycket speciella st\u00e4mningar uppst\u00e5r. Som mest i m\u00e5lningen <em>Gul tid<\/em> som befolkas av flera olika grupper av gestalter som inte tycks st\u00e5 i kontakt med varandra.<\/p>\n<p>Tiden har inte n\u00e5gon kronologisk linje n\u00e4r m\u00e4nniskor som tycks kl\u00e4dda i \u00e4ldre tiders kl\u00e4dedr\u00e4kt framst\u00e5r tydligare \u00e4n mer nutida personer. Och varf\u00f6r sitter n\u00e5gra h\u00f6gt uppe i skogens tr\u00e4d, har tr\u00e4den v\u00e4xt och m\u00e4nniskorna f\u00f6ljt med upp?<\/p>\n<p><strong>Landskapen laddas av alla dessa m\u00e4nskliga och \u00e4ven djuriska gestalter.<\/strong> N\u00e5gra specifika milj\u00f6er \u00e5terkommer, ett norrl\u00e4ndskt landskap med \u00e4lv och sj\u00f6. H\u00e4r \u00e4r ocks\u00e5 en hed, och m\u00e4nniskor p\u00e5 rad i m\u00f6rkret.<\/p>\n<p>Inte alla bilder, men v\u00e4ldigt m\u00e5nga anv\u00e4nder vattnet som spegelbild. Landskapet speglar sig, d\u00e4remot inte gestalterna.<\/p>\n<p>Det bortv\u00e4nda paret, barnet och kvinnan \u00e5terkommer ocks\u00e5, de tycks sv\u00e4va h\u00f6gt uppe i luften mot en ny tr\u00e4drand, men det \u00e4r inte l\u00e4ngre den m\u00f6rka djupa skogen de blickar mot. Det \u00e4r <em>Landet bortom<\/em>.<\/p>\n<p>Fredrik Sundqvists m\u00e5leri \u00e4r mycket fascinerande, det v\u00e4cker fler fr\u00e5gor \u00e4n det svarar.<\/p>\n<p><em>Text och foto: Ann-Charlotte Sandelin<\/em><\/p>\n<p>&nbsp;<\/p>\n<ul>\n<li>\n<h3>KONSTFORUM Norrk\u00f6ping<\/h3>\n<\/li>\n<li><em>26 november \u2013 11 december 2011<br \/>\n<\/em><strong>Fredrik Sundqvist<br \/>\n<\/strong>M\u00e5leri<\/li>\n<\/ul>\n<p>&nbsp;<\/p>\n<p>L\u00c4NKAR<br \/>\nKonstforum <a title=\"Konstforum\" href=\"http:\/\/www.konstforumnorrkoping.se\" target=\"_blank\">hemsida <\/a><br \/>\nFredrik Sundqvist <a title=\"Fredrik Sundqvist\" href=\"http:\/\/fredriksundqvist.se\/\" target=\"_blank\">hemsida<\/a><\/p>\n<p>BILDSPEL (FLASH) \u2013 KLICKA P\u00c5 BILDEN <em><br \/>\nALT\/MOBIL: SE BILDSPELET <a title=\"Bildspel\" href=\"https:\/\/www.flickr.com\/photos\/kultursidan\/sets\/72157628248714677\/show\/\" target=\"_blank\">H\u00c4R<\/a><\/em><br \/>\n<object width=\"400\" height=\"300\"><param name=\"flashvars\" value=\"offsite=true&amp;lang=en-us&amp;page_show_url=%2Fphotos%2Fkultursidan%2Fsets%2F72157628248714677%2Fshow%2F&amp;page_show_back_url=%2Fphotos%2Fkultursidan%2Fsets%2F72157628248714677%2F&amp;set_id=72157628248714677&amp;jump_to=\" \/><param name=\"movie\" value=\"https:\/\/www.flickr.com\/apps\/slideshow\/show.swf?v=1811922554\" \/><param name=\"allowFullScreen\" value=\"true\" \/><\/object><\/p>\n","protected":false},"excerpt":{"rendered":"<p>NORRK\u00d6PING Mycket speciella st\u00e4mningar uppst\u00e5r i de ber\u00e4ttelser vi kan skymta i ett m\u00e5leri som v\u00e4cker fr\u00e5gor hellre \u00e4n det svarar. Gestalter eller delar av dem visar sig i k\u00e4nda landskap. Men vattnen speglar bara skogarna&#8230; <a class=\"continue-reading-link\" href=\"https:\/\/www.kultursidan.nu\/?p=3452\">L\u00e4s mer <span class=\"meta-nav\">&rarr; <\/span><\/a><\/p>\n","protected":false},"author":1001006,"featured_media":0,"comment_status":"closed","ping_status":"open","sticky":false,"template":"","format":"standard","meta":{"_jetpack_memberships_contains_paid_content":false,"footnotes":""},"categories":[7],"tags":[14],"class_list":["post-3452","post","type-post","status-publish","format-standard","hentry","category-norrkoping","tag-konst"],"jetpack_featured_media_url":"","jetpack_sharing_enabled":true,"_links":{"self":[{"href":"https:\/\/www.kultursidan.nu\/index.php?rest_route=\/wp\/v2\/posts\/3452","targetHints":{"allow":["GET"]}}],"collection":[{"href":"https:\/\/www.kultursidan.nu\/index.php?rest_route=\/wp\/v2\/posts"}],"about":[{"href":"https:\/\/www.kultursidan.nu\/index.php?rest_route=\/wp\/v2\/types\/post"}],"author":[{"embeddable":true,"href":"https:\/\/www.kultursidan.nu\/index.php?rest_route=\/wp\/v2\/users\/1001006"}],"replies":[{"embeddable":true,"href":"https:\/\/www.kultursidan.nu\/index.php?rest_route=%2Fwp%2Fv2%2Fcomments&post=3452"}],"version-history":[{"count":0,"href":"https:\/\/www.kultursidan.nu\/index.php?rest_route=\/wp\/v2\/posts\/3452\/revisions"}],"wp:attachment":[{"href":"https:\/\/www.kultursidan.nu\/index.php?rest_route=%2Fwp%2Fv2%2Fmedia&parent=3452"}],"wp:term":[{"taxonomy":"category","embeddable":true,"href":"https:\/\/www.kultursidan.nu\/index.php?rest_route=%2Fwp%2Fv2%2Fcategories&post=3452"},{"taxonomy":"post_tag","embeddable":true,"href":"https:\/\/www.kultursidan.nu\/index.php?rest_route=%2Fwp%2Fv2%2Ftags&post=3452"}],"curies":[{"name":"wp","href":"https:\/\/api.w.org\/{rel}","templated":true}]}}