{"id":34523,"date":"2018-01-30T12:44:24","date_gmt":"2018-01-30T11:44:24","guid":{"rendered":"https:\/\/intelligent-friend-7861.standoutwp.com\/?p=34523"},"modified":"2018-01-30T19:02:35","modified_gmt":"2018-01-30T18:02:35","slug":"tosca-inledde-biosanda-operasasongen","status":"publish","type":"post","link":"https:\/\/www.kultursidan.nu\/?p=34523","title":{"rendered":"Tosca inledde bios\u00e4nda operas\u00e4songen"},"content":{"rendered":"<p><img loading=\"lazy\" decoding=\"async\" class=\"alignnone size-medium wp-image-34524\" src=\"https:\/\/www.kultursidan.nu\/wp-content\/uploads\/2018\/01\/Tosca-3-567x425.jpg\" alt=\"\" width=\"567\" height=\"425\" srcset=\"https:\/\/www.kultursidan.nu\/wp-content\/uploads\/2018\/01\/Tosca-3-567x425.jpg 567w, https:\/\/www.kultursidan.nu\/wp-content\/uploads\/2018\/01\/Tosca-3-768x575.jpg 768w, https:\/\/www.kultursidan.nu\/wp-content\/uploads\/2018\/01\/Tosca-3-1024x767.jpg 1024w, https:\/\/www.kultursidan.nu\/wp-content\/uploads\/2018\/01\/Tosca-3-150x112.jpg 150w, https:\/\/www.kultursidan.nu\/wp-content\/uploads\/2018\/01\/Tosca-3-444x333.jpg 444w, https:\/\/www.kultursidan.nu\/wp-content\/uploads\/2018\/01\/Tosca-3.jpg 1200w\" sizes=\"auto, (max-width: 567px) 100vw, 567px\" \/><br \/>\n<em>Furie. Polischefen Scarpia faller i sin egen f\u00e4lla n\u00e4r Tosca h\u00e4mnas.<\/em><\/p>\n<p>&nbsp;<\/p>\n<h1><span style=\"color: #ff0000;\">De \u00e4r n\u00e5gra av de b\u00e4sta i dag<\/span><\/h1>\n<p>&nbsp;<\/p>\n<p>RECENSION\/ NORRK\u00d6PING <strong>Politik och dramatik.<\/strong> Ett nytt ungt s\u00e5ngarlag levererade m\u00e5nga fina \u00f6gonblick i Metropolitans upps\u00e4ttning av Puccinis <em>Tosca<\/em>. Operadivans \u00e4lskade Cavaradossi f\u00e4ngslas och torteras av maktens Scarpia. Men hon h\u00e4mnas.<\/p>\n<p><strong>M\u00e5nga av oss operafreaks \u00e4r uppf\u00f6dda med <em>Tosca<\/em> och s\u00e5ngare som Caball\u00e9, Callas, Domingo och Pavarotti.<\/strong> Sj\u00e4lv hade jag en halvd\u00e5lig inspelning med Eva Marton, Carreras och Juan Pons (lite lik en spansk barytonvariant av Domingo). Det ans\u00e5gs vara lite av \u201dB-laget\u201d d\u00e5, men \u00e4r \u00e4nd\u00e5 mycket b\u00e4ttre \u00e4n det b\u00e4sta som finns idag, i alla fall s\u00e5ngligt.<\/p>\n<p>&nbsp;<\/p>\n<p><a title=\"Tosca\" href=\"https:\/\/www.flickr.com\/photos\/kultursidan\/28203354089\/in\/album-72157689939598402\/\"><img loading=\"lazy\" decoding=\"async\" src=\"https:\/\/farm5.staticflickr.com\/4610\/28203354089_a914523b50.jpg\" alt=\"Tosca\" width=\"355\" height=\"500\" \/><\/a><br \/>\n<em> F\u00f6r\u00e4lskelse. Vittorio Grigolo (Cavaradossi) och Sonya Yoncheva (Tosca) levererar m\u00e5nga fina \u00f6gonblick.<\/em><\/p>\n<p>&nbsp;<\/p>\n<p><strong>Metropolitan Opera satsar dock p\u00e5 sk\u00e5despeleriet ist\u00e4llet.<\/strong> Ett nytt s\u00e5ngarlag st\u00e5r p\u00e5 scenen i st\u00e4llet f\u00f6r de mer namnkunniga Kristine Opolais, Jonas Kaufmann och Bryn Terfel jag g\u00e4rna sett i de ledande rollerna.<\/p>\n<p>Ungdomlig entusiasm fr\u00e5n sopranen och tenoren, en emotionell stil och en traditionell iscens\u00e4ttning kommer man l\u00e5ngt med. Det g\u00e5r n\u00e4stan inte att misslyckas med Tosca, som \u00e4r oerh\u00f6rt tacksam b\u00e5de musikaliskt och dramatiskt.<\/p>\n<p><strong>Sonya Yoncheva (Tosca) har jag alltid gillat som r\u00f6st och scenisk uppenbarelse \u2013 mon hon \u00e4r ingen tragisk hj\u00e4ltinna.<\/strong> Vittorio Grigolo (Cavaradossi) \u00e4r lite valpig och \u00f6veremotionell. Men de levererar m\u00e5nga fina \u00f6gonblick b\u00e5da tv\u00e5. De \u00e4r \u00e4nd\u00e5 n\u00e5gra av de b\u00e4sta som finns idag.<\/p>\n<p>\u017deljko Lu\u010di\u0107 som \u201dskurken\u201d Scarpia saknar den italienska s\u00f6tman i r\u00f6sten och den \u00e4ldre Bryn Terfels kommunikation med publiken, men \u00e4r oftast mycket effektiv.<\/p>\n<p>&nbsp;<\/p>\n<p><a title=\"Tosca\" href=\"https:\/\/www.flickr.com\/photos\/kultursidan\/28203354009\/in\/album-72157689939598402\/\"><img loading=\"lazy\" decoding=\"async\" src=\"https:\/\/farm5.staticflickr.com\/4769\/28203354009_b150f43654.jpg\" alt=\"Tosca\" width=\"500\" height=\"431\" \/><\/a><br \/>\n<em> Finalscen. Storslagen dramatik n\u00e4r Tosca tar konsekvenserna av sin handling.<\/em><\/p>\n<p><strong>Matteusg\u00e5rden, d\u00e4r IOGT-NTO numera huserar med Lilla teatern, som lives\u00e4nder Met under v\u00e5ren,<\/strong> har ett popul\u00e4rt program framf\u00f6r sig med titlar som Askungen, K\u00e4rleksdrycken och La Boh\u00e8me. Det ska som vanligt bli roligt att f\u00f6lja Metropolitanoperans och Kungliga Operans \u00e4ventyr \u00e4ven detta \u00e5r.<\/p>\n<p>Cnema och Folkan Bio i Gusum har i stort sett samma program som s\u00e4nds via Folkets Hus och Parker.<\/p>\n<p><em>\u00a9 Text: Lars Henriksson\u2028<\/em><br \/>\n<em>\u00a9 Foto: Metropolitan Opera<\/em><\/p>\n<blockquote>\n<h4>LILLA TEATERN, MATTEUSG\u00c5RDEN Norrk\u00f6ping<\/h4>\n<p><em>27 januari 2018<\/em><br \/>\n<strong>Tosca<\/strong><br \/>\nGiacomo Puccini (musik) och Giuseppe Giacosa &amp; Luigi Illica (libretto)<br \/>\nOpera<br \/>\nDirigent: Emmanuel Villaume<br \/>\nRegi och koreografi: Leah Hausman<br \/>\nScenografi &amp; kostym: John Macfarlane<br \/>\nProducent: Sir David McVicar<br \/>\nLives\u00e4nd fr\u00e5n Metropolitan Opera via Folkets hus och parker<\/p>\n<p style=\"padding-left: 30px;\">MEDVERKANDE<br \/>\nTosca: Sonya Yoncheva<br \/>\nCavaradossi: Vittorio Grigolo<br \/>\nScarpia: \u017deljko Lu\u010di\u0107<br \/>\nSacristan: Patrick Carfizzi<br \/>\nSamt Metropolitans k\u00f6r och orkester<\/p>\n<\/blockquote>\n<p>&nbsp;<\/p>\n<blockquote>\n<h4>OPERA P\u00c5 BIO<\/h4>\n<p><em>Vinter-v\u00e5r 2018<\/em><br \/>\nCnema, Lilla teatern, Folkets Bio i Gusum<\/p>\n<p style=\"padding-left: 30px;\">27 januari<br \/>\n<strong>Tosca<\/strong> \u2013 Metropolitan Opera<\/p>\n<p style=\"padding-left: 30px;\">3 februari<br \/>\n<strong>Askungen<\/strong> \u2013 Kungliga operan<\/p>\n<p style=\"padding-left: 30px;\">10 februari<br \/>\n<strong>K\u00e4rleksdrycken<\/strong> \u2013 Metropolitan Opera<\/p>\n<p style=\"padding-left: 30px;\">24 februari<br \/>\n<strong>La Boh\u00e8me<\/strong> \u2013 Metropolitan Opera<\/p>\n<p style=\"padding-left: 30px;\">10 mars<br \/>\n<strong>Semiramis<\/strong> \u2013 Metropolitan Opera<\/p>\n<p style=\"padding-left: 30px;\">17 mars<br \/>\n<strong>Aida<\/strong> \u2013 Kungliga operan<\/p>\n<p style=\"padding-left: 30px;\">31 mars<br \/>\n<strong>Cos\u00ec fan tutte<\/strong> \u2013 Metropolitan Opera<\/p>\n<p style=\"padding-left: 30px;\">14 april<br \/>\n<strong>Luisa Miller<\/strong> \u2013 Metropolitan Opera<\/p>\n<p style=\"padding-left: 30px;\">28 april<br \/>\n<strong>Askungen<\/strong> \u2013 Metropolitan Opera<\/p>\n<\/blockquote>\n<p>L\u00c4NKAR<br \/>\nGiacomo Puccini <a href=\"https:\/\/sv.wikipedia.org\/wiki\/Giacomo_Puccini\" target=\"_blank\" rel=\"noopener\">Wikipedia <\/a><br \/>\nFolkets hus och parker <a href=\"http:\/\/www.fhp.nu\/Hem\/\" target=\"_blank\" rel=\"noopener\">hemsida<\/a> <a href=\"https:\/\/www.facebook.com\/livepabio\/\" target=\"_blank\" rel=\"noopener\">Live p\u00e5 bio\/Facebook<\/a><br \/>\nMetropolitan Operan <a href=\"http:\/\/www.metopera.org\/\" target=\"_blank\" rel=\"noopener\">hemsida<\/a> <a href=\"http:\/\/www.metopera.org\/Season\/2017-18-Season\/tosca-puccini-tickets\/\" target=\"_blank\" rel=\"noopener\">Tosca<\/a><br \/>\nTosca <a href=\"https:\/\/www.operalogg.com\/tosca-svenska-operan-synopsis\/\" target=\"_blank\" rel=\"noopener\">handling\/Operalogg<br \/>\n<\/a>Lilla Teatern <a href=\"http:\/\/www.lillateatern.se\" target=\"_blank\" rel=\"noopener\">hemsida<\/a><br \/>\nLars Henriksson \u2013 Operalaven <a href=\"http:\/\/www.operalaven.se\/\" target=\"_blank\" rel=\"noopener\">hemsida <\/a><\/p>\n","protected":false},"excerpt":{"rendered":"<p>RECENSION\/ NORRK\u00d6PING Politik och dramatik. Ett nytt ungt s\u00e5ngarlag levererade m\u00e5nga fina \u00f6gonblick i Metropolitans upps\u00e4ttning av Puccinis Tosca. Operadivans \u00e4lskade Cavaradossi f\u00e4ngslas och torteras av maktens Scarpia. Men hon h\u00e4mnas. <a class=\"continue-reading-link\" href=\"https:\/\/www.kultursidan.nu\/?p=34523\">L\u00e4s mer <span class=\"meta-nav\">&rarr; <\/span><\/a><\/p>\n","protected":false},"author":1001006,"featured_media":0,"comment_status":"closed","ping_status":"open","sticky":false,"template":"","format":"standard","meta":{"_jetpack_memberships_contains_paid_content":false,"footnotes":""},"categories":[7,10],"tags":[11],"class_list":["post-34523","post","type-post","status-publish","format-standard","hentry","category-norrkoping","category-valdemarsvik","tag-opera"],"jetpack_featured_media_url":"","jetpack_sharing_enabled":true,"_links":{"self":[{"href":"https:\/\/www.kultursidan.nu\/index.php?rest_route=\/wp\/v2\/posts\/34523","targetHints":{"allow":["GET"]}}],"collection":[{"href":"https:\/\/www.kultursidan.nu\/index.php?rest_route=\/wp\/v2\/posts"}],"about":[{"href":"https:\/\/www.kultursidan.nu\/index.php?rest_route=\/wp\/v2\/types\/post"}],"author":[{"embeddable":true,"href":"https:\/\/www.kultursidan.nu\/index.php?rest_route=\/wp\/v2\/users\/1001006"}],"replies":[{"embeddable":true,"href":"https:\/\/www.kultursidan.nu\/index.php?rest_route=%2Fwp%2Fv2%2Fcomments&post=34523"}],"version-history":[{"count":5,"href":"https:\/\/www.kultursidan.nu\/index.php?rest_route=\/wp\/v2\/posts\/34523\/revisions"}],"predecessor-version":[{"id":34532,"href":"https:\/\/www.kultursidan.nu\/index.php?rest_route=\/wp\/v2\/posts\/34523\/revisions\/34532"}],"wp:attachment":[{"href":"https:\/\/www.kultursidan.nu\/index.php?rest_route=%2Fwp%2Fv2%2Fmedia&parent=34523"}],"wp:term":[{"taxonomy":"category","embeddable":true,"href":"https:\/\/www.kultursidan.nu\/index.php?rest_route=%2Fwp%2Fv2%2Fcategories&post=34523"},{"taxonomy":"post_tag","embeddable":true,"href":"https:\/\/www.kultursidan.nu\/index.php?rest_route=%2Fwp%2Fv2%2Ftags&post=34523"}],"curies":[{"name":"wp","href":"https:\/\/api.w.org\/{rel}","templated":true}]}}