{"id":34588,"date":"2018-02-04T20:15:28","date_gmt":"2018-02-04T19:15:28","guid":{"rendered":"https:\/\/intelligent-friend-7861.standoutwp.com\/?p=34588"},"modified":"2018-02-04T20:15:28","modified_gmt":"2018-02-04T19:15:28","slug":"catharina-j-ek-och-sonny-lofvall","status":"publish","type":"post","link":"https:\/\/www.kultursidan.nu\/?p=34588","title":{"rendered":"Catharina J. Ek och Sonny L\u00f6fvall"},"content":{"rendered":"<p><img loading=\"lazy\" decoding=\"async\" class=\"alignnone size-medium wp-image-34589\" src=\"https:\/\/www.kultursidan.nu\/wp-content\/uploads\/2018\/02\/DSC_8747_preview-567x376.jpg\" alt=\"\" width=\"567\" height=\"376\" srcset=\"https:\/\/www.kultursidan.nu\/wp-content\/uploads\/2018\/02\/DSC_8747_preview-567x376.jpg 567w, https:\/\/www.kultursidan.nu\/wp-content\/uploads\/2018\/02\/DSC_8747_preview-768x509.jpg 768w, https:\/\/www.kultursidan.nu\/wp-content\/uploads\/2018\/02\/DSC_8747_preview-1024x678.jpg 1024w, https:\/\/www.kultursidan.nu\/wp-content\/uploads\/2018\/02\/DSC_8747_preview-150x99.jpg 150w, https:\/\/www.kultursidan.nu\/wp-content\/uploads\/2018\/02\/DSC_8747_preview-503x333.jpg 503w, https:\/\/www.kultursidan.nu\/wp-content\/uploads\/2018\/02\/DSC_8747_preview.jpg 1280w\" sizes=\"auto, (max-width: 567px) 100vw, 567px\" \/><br \/>\n<em>Livsf\u00f6rh\u00f6jning. Catharina Johansson Ek hyllar livet, djuren och naturen i sitt m\u00e5leri. Sonny L\u00f6fvalls dunkelm\u00e5leri \u00e4r mer av det g\u00e5tfulla slaget.<\/em><\/p>\n<p>&nbsp;<\/p>\n<h1><span style=\"color: #ff0000;\">Ljuset studsar mellan m\u00e5lningarna<\/span><\/h1>\n<p>&nbsp;<\/p>\n<p>NORRK\u00d6PING <strong>Helig skapelse och dunkla v\u00e4rldar.<\/strong> Catharina Johansson Ek och Sonny L\u00f6fvall tycks inte kunna vara mer olika som konstn\u00e4rer. Det hindrar inte att deras utst\u00e4llning studsar bra ihop p\u00e5 Galleri Kronan.<\/p>\n<p><strong>Ljusa tavlor med blomsterhyllade djur och m\u00f6rka m\u00e5lningar i bruna toner om vartannat.<\/strong> De lyfter fram varandra, ljuset fr\u00e5n tr\u00e4det d\u00e4r en katt och en p\u00e5f\u00e5gel samsas (hennes) skickas vidare till stenar i ett vatten (hans).<\/p>\n<p>Catharina Johansson Ek och Sonny L\u00f6fvall har l\u00e4rt k\u00e4nna varandra samma f\u00f6rmiddag som de h\u00e4ngt upp sina verk i Galleri Kronans tre rum. B\u00e5da m\u00e5lar i olja, Sonny L\u00f6fvall har \u00e4ven en serie med sm\u00e5 gouacher i minsta rummet.<\/p>\n<p>&nbsp;<\/p>\n<p><a title=\"Catharina Johansson Ek \u2013\" href=\"https:\/\/www.flickr.com\/photos\/kultursidan\/40050422492\/in\/album-72157669216406049\/\"><img loading=\"lazy\" decoding=\"async\" src=\"https:\/\/farm5.staticflickr.com\/4664\/40050422492_d9e499f755.jpg\" alt=\"Catharina Johansson Ek \u2013\" width=\"411\" height=\"500\" \/><\/a><br \/>\n<em>V\u00e4nskap. G\u00f6te Varg fyller 13 \u00e5r heter Catharina Johansson Ek:s m\u00e5lning.<\/em><\/p>\n<p>&nbsp;<\/p>\n<h2>Catharina Johansson Ek<\/h2>\n<p>&nbsp;<\/p>\n<p><strong>Catharina Johansson Ek har r\u00f6rt p\u00e5 sig.<\/strong> En g\u00e5ng var hon \u00f6stg\u00f6te och medlem i Alka, konstn\u00e4rsf\u00f6reningen i Link\u00f6ping innan hon flyttade till Valdemarsvik. Under flera \u00e5rs tid bodde konstn\u00e4ren p\u00e5 Gotland. Nu bor hon i Misterhult d\u00e4r Tjust sk\u00e4rg\u00e5rd skvalpat \u00f6ver gr\u00e4nsen till Oskarshamns kommun.<\/p>\n<p>Livet har l\u00e4rt henne om djur och natur, och om att tillvaron kan st\u00e4llas p\u00e5 sin spets. Nu \u00e4r hennes tid kommen.<\/p>\n<p>\u2013 De sista \u00e5ren har jag best\u00e4mt mig f\u00f6r att till fullo h\u00e4nge mig \u00e5t djur och natur. Det handlar om empati och hyllningar till livet. Jag skissar inte utan m\u00e5lar direkt.<\/p>\n<p><strong>Katter, harar, kor, f\u00e5r och en och annan f\u00e5gel m\u00f6ter betraktarens blick.<\/strong> De \u00e4r bekransade med v\u00e5r- och sommarblommor. En hund, s\u00e5 v\u00e4l f\u00e5ngad att jag misst\u00e4nker den starkt f\u00f6r ett portr\u00e4tt av en k\u00e4r v\u00e4n, G\u00f6te Varg fyller 13 \u00e5r, har f\u00e5tt som en krona av v\u00e4xter som reser sig fr\u00e5n hans panna.<\/p>\n<p>Djuren \u00e4r rara, p\u00e5 n\u00e5got s\u00e4tt f\u00f6rm\u00e4nskligade i den friskt prunkande Edens lustg\u00e5rd d\u00e4r konstn\u00e4ren placerat dem. Tv\u00e5 harar st\u00f6ttar en bl\u00e5skimrande kr\u00e5ka i m\u00e5lningen Tr\u00f6sterikets utbredningsomr\u00e5de ok\u00e4nt.<\/p>\n<p><strong>Tydliga titlar, tydliga motiv.<\/strong> Intill \u00f6vertydlighet kan tyckas, om det inte var f\u00f6r blommorna. F\u00f6r om djuren \u00e4r rara intill sagob\u00f6ckers tamhet \u00e4r blommorna ett hav av ljuvlighet. Inte minst i m\u00e5lningen M\u00e5 vi leva fredlig frihet, d\u00e4r pioner, vallmo, pingstliljor, bl\u00e5klockor och andra blomster tar \u00f6verhanden.<\/p>\n<p><strong>En <em>Maria i roseng\u00e5rd<\/em>-pastisch \u00e4r centrum i en triptyk<\/strong> (d\u00e4r sidomotiven \u00e4r av Sonny L\u00f6fvalls hand) med en h\u00e4st och en berguv med fyllda glorior.<\/p>\n<p>\u2013 Jag har tittat p\u00e5 Filippo Lippi, en 1400-talskonstn\u00e4r som gjorde sansl\u00f6sa glorior. Vem ska vara helig f\u00f6r vem, fr\u00e5gar Catharina Johansson Ek retoriskt.<\/p>\n<p><strong>\u2013 Vi skulle inte ha k\u00f6ttfabriker om vi hade filosofer.<\/strong> Vi m\u00e5ste prata om ansvar, att vi till\u00e5ter v\u00e5ldet i slakterier, r\u00e5djursjakt, kvinnof\u00f6rtryck.<\/p>\n<p>&nbsp;<\/p>\n<p><a title=\"Sonny L\u00f6fvall framf\u00f6r Under ytan 1 och 2\" href=\"https:\/\/www.flickr.com\/photos\/kultursidan\/26208875658\/in\/album-72157693039906445\/\"><img loading=\"lazy\" decoding=\"async\" src=\"https:\/\/farm5.staticflickr.com\/4653\/26208875658_ce86e1b0d5.jpg\" alt=\"Sonny L\u00f6fvall framf\u00f6r Under ytan 1 och 2\" width=\"500\" height=\"331\" \/><\/a><br \/>\n<em> Stammar under vertikalstreck. Sonny L\u00f6fvall framf\u00f6r Under ytan 1 och 2.<\/em><\/p>\n<p>&nbsp;<\/p>\n<h2>Sonny L\u00f6fvall<\/h2>\n<p>&nbsp;<\/p>\n<p><strong>Sonny L\u00f6fvalls m\u00e5lningar utspelas ofta i ett dunkel.<\/strong> Han bor i S\u00f6derk\u00f6ping och har mycket p\u00e5 sitt samvete: scenografi, teaterdekor, utst\u00e4llningssnickeri. I m\u00e5leriet f\u00f6rs elementen samman.<\/p>\n<p><strong>Det ser f\u00f6rest\u00e4llande ut \u2013 men vad \u00e4r det?<\/strong> M\u00e5ste vi veta vad som \u00e4r inlindat, staplat, hugget, placerat? Eller dess storlek och proportioner. Det \u00e4r former som om de \u00e4r eller inte \u00e4r\u2026<\/p>\n<p>\u2013 Jag har symboler, som ett alfabet jag jobbar med, ber\u00e4ttar Sonny L\u00f6fvall och till\u00e4gger att f\u00e4rgskalan dragit \u00e5t det dunklare h\u00e5llet p\u00e5 senare tid.<\/p>\n<p><strong>Kanske det g\u00e5r att kalla det stilleben n\u00e4r han placerar sina objekt\/symboler som i utst\u00e4llningsmontrar, som ger v\u00e4ggar, tak och golv, ibland i flera v\u00e5ningar.<\/strong> Kanske det g\u00e5r att s\u00e4ga landskap n\u00e4r tr\u00e4dstammar reser sig \u00f6ver en gammalrosa himmel och m\u00e4rkliga former ligger i gl\u00e4ntan och ljusa vertikalstreck drar f\u00f6rbi som en visualiserad h\u00f6stvind med rosenblad. Eller en strandkant i djungeln, d\u00e4r dimensionerna pressar sig fram. Flera av m\u00e5lningarna st\u00e5r p\u00e5 h\u00f6gkant, som kinesiskt eller japanskt m\u00e5leri.<\/p>\n<p>\u2013 Jag gillar det, svarar Sonny L\u00f6fvall.<\/p>\n<p><strong><em>Nattens v\u00e4ktare<\/em> avsl\u00f6jar hur konstn\u00e4ren v\u00e4nt och vridit p\u00e5 m\u00e5lningen, f\u00f6r\u00e4ndrat den \u00f6ver tid.<\/strong> \u00c4r det skuggan av en gestalt p\u00e5 golvet? Vad \u00e4r det f\u00f6r huggna stycken som lyser p\u00e5 tr\u00e4l\u00e5ren?<\/p>\n<p>Jag \u00e4r inte helt s\u00e4ker p\u00e5 att jag vill veta. Men Sonny L\u00f6fvall s\u00e4tter min fantasi i r\u00f6relse.<\/p>\n<p><em>\u00a9 Text: Ann-Charlotte Sandelin<br \/>\n\u00a9 Foto: Nils-G\u00f6ran Tillgren<\/em><\/p>\n<p>CATHARINA JOHANSSON EK \u2013 BILDSPEL \u2013 KLICKA P\u00c5 BILDENS PILAR<\/p>\n<p><a data-flickr-embed='true' href='https:\/\/www.flickr.com\/photos\/kultursidan\/sets\/72157669216406049' title='Catharina Johansson Ek, Galleri Kronan 2018 by Kultursidan, on Flickr'><img src='https:\/\/live.staticflickr.com\/4746\/40083251801_d032ef5947_z.jpg' width='800' height='600' alt='Catharina Johansson Ek \u2013 M\u00e5 vi leva i fredlig frihet (detalj)'><\/a><script async src='https:\/\/embedr.flickr.com\/assets\/client-code.js' charset='utf-8'><\/script><\/p>\n<p>SONNY L\u00d6FVALL \u2013 BILDSPEL \u2013 KLICKA P\u00c5 BILDENS PILAR<\/p>\n<p><a data-flickr-embed='true' href='https:\/\/www.flickr.com\/photos\/kultursidan\/sets\/72157693039906445' title='Sonny L\u00f6fvall, Galleri Kronan 2018 by Kultursidan, on Flickr'><img src='https:\/\/live.staticflickr.com\/4766\/25210533147_2147202c86_z.jpg' width='800' height='600' alt='Sonny L\u00f6fvall \u2013 Sinnlighetens boningar'><\/a><script async src='https:\/\/embedr.flickr.com\/assets\/client-code.js' charset='utf-8'><\/script><\/p>\n<blockquote>\n<h4>GALLERI KRONAN Norrk\u00f6ping<\/h4>\n<p>Vinter\u2013v\u00e5r 2018<br \/>\n<strong>Utst\u00e4llningar<\/strong><\/p>\n<p style=\"padding-left: 30px;\"><em>13\u201328 januari<\/em><br \/>\n<strong>Erika Pardo Skoug<\/strong><br \/>\n<strong>Kurbits<\/strong><br \/>\nM\u00e5leri och tryck<\/p>\n<p>3\u201318 februari 2018<br \/>\n<strong>Catharina J. Ek<\/strong><br \/>\nM\u00e5leri<br \/>\n<strong>Sonny L\u00f6fvall<\/strong><br \/>\nM\u00e5leri<\/p>\n<p style=\"padding-left: 30px;\">24 februari \u2013 11 mars<br \/>\n<strong>Christer Paleologos<\/strong><br \/>\nF\u00e4rg utan form Form utan inneh\u00e5ll Tomma gester<br \/>\nM\u00e5leri<\/p>\n<p style=\"padding-left: 30px;\">17 mars \u2013 8 april<br \/>\n<strong>Konst eller Klocka 9.0<\/strong><br \/>\nUtst\u00e4llning f\u00f6r \u00e5rets S:t Olofsmedalj\u00f6rer<\/p>\n<p style=\"padding-left: 30px;\">14\u201329 april<br \/>\n<strong>David Myrvold<\/strong><br \/>\nObservationer i\/av naturen<br \/>\nM\u00e5leri<\/p>\n<p style=\"padding-left: 30px;\">5\u201320 maj<br \/>\n<strong>Sara Lundberg<\/strong><br \/>\nF\u00e5geln i mig flyger vart den vill<br \/>\nBlandteknik och tryck<\/p>\n<\/blockquote>\n<p>L\u00c4NKAR<br \/>\nSonny L\u00f6fvall <a href=\"http:\/\/www.formera.nu\" target=\"_blank\" rel=\"noopener\">hemsida<\/a><br \/>\nGalleri Kronan <a href=\"http:\/\/www.gallerikronan.se\" target=\"_blank\" rel=\"noopener\">hemsida<\/a> <a href=\"https:\/\/www.facebook.com\/Galleri-Kronan-222739187788587\/?fref=ts\" target=\"_blank\" rel=\"noopener\">Facebook<\/a><\/p>\n","protected":false},"excerpt":{"rendered":"<p>NORRK\u00d6PING Helig skapelse och dunkla v\u00e4rldar. Catharina Johansson Ek och Sonny L\u00f6fvall tycks inte kunna vara mer olika som konstn\u00e4rer. Det hindrar inte att deras utst\u00e4llning studsar bra ihop p\u00e5 Galleri Kronan. <a class=\"continue-reading-link\" href=\"https:\/\/www.kultursidan.nu\/?p=34588\">L\u00e4s mer <span class=\"meta-nav\">&rarr; <\/span><\/a><\/p>\n","protected":false},"author":1001006,"featured_media":0,"comment_status":"closed","ping_status":"open","sticky":false,"template":"","format":"standard","meta":{"_jetpack_memberships_contains_paid_content":false,"footnotes":""},"categories":[7],"tags":[14],"class_list":["post-34588","post","type-post","status-publish","format-standard","hentry","category-norrkoping","tag-konst"],"jetpack_featured_media_url":"","jetpack_sharing_enabled":true,"_links":{"self":[{"href":"https:\/\/www.kultursidan.nu\/index.php?rest_route=\/wp\/v2\/posts\/34588","targetHints":{"allow":["GET"]}}],"collection":[{"href":"https:\/\/www.kultursidan.nu\/index.php?rest_route=\/wp\/v2\/posts"}],"about":[{"href":"https:\/\/www.kultursidan.nu\/index.php?rest_route=\/wp\/v2\/types\/post"}],"author":[{"embeddable":true,"href":"https:\/\/www.kultursidan.nu\/index.php?rest_route=\/wp\/v2\/users\/1001006"}],"replies":[{"embeddable":true,"href":"https:\/\/www.kultursidan.nu\/index.php?rest_route=%2Fwp%2Fv2%2Fcomments&post=34588"}],"version-history":[{"count":3,"href":"https:\/\/www.kultursidan.nu\/index.php?rest_route=\/wp\/v2\/posts\/34588\/revisions"}],"predecessor-version":[{"id":34592,"href":"https:\/\/www.kultursidan.nu\/index.php?rest_route=\/wp\/v2\/posts\/34588\/revisions\/34592"}],"wp:attachment":[{"href":"https:\/\/www.kultursidan.nu\/index.php?rest_route=%2Fwp%2Fv2%2Fmedia&parent=34588"}],"wp:term":[{"taxonomy":"category","embeddable":true,"href":"https:\/\/www.kultursidan.nu\/index.php?rest_route=%2Fwp%2Fv2%2Fcategories&post=34588"},{"taxonomy":"post_tag","embeddable":true,"href":"https:\/\/www.kultursidan.nu\/index.php?rest_route=%2Fwp%2Fv2%2Ftags&post=34588"}],"curies":[{"name":"wp","href":"https:\/\/api.w.org\/{rel}","templated":true}]}}