{"id":34818,"date":"2018-02-15T20:06:55","date_gmt":"2018-02-15T19:06:55","guid":{"rendered":"https:\/\/intelligent-friend-7861.standoutwp.com\/?p=34818"},"modified":"2018-02-15T20:06:55","modified_gmt":"2018-02-15T19:06:55","slug":"skulptur-och-maleri-pa-konstforum","status":"publish","type":"post","link":"https:\/\/www.kultursidan.nu\/?p=34818","title":{"rendered":"Skulptur och m\u00e5leri p\u00e5 Konstforum"},"content":{"rendered":"<p><img loading=\"lazy\" decoding=\"async\" class=\"alignnone size-medium wp-image-34820\" src=\"https:\/\/www.kultursidan.nu\/wp-content\/uploads\/2018\/02\/DSC_9165-567x376.jpg\" alt=\"\" width=\"567\" height=\"376\" srcset=\"https:\/\/www.kultursidan.nu\/wp-content\/uploads\/2018\/02\/DSC_9165-567x376.jpg 567w, https:\/\/www.kultursidan.nu\/wp-content\/uploads\/2018\/02\/DSC_9165-768x509.jpg 768w, https:\/\/www.kultursidan.nu\/wp-content\/uploads\/2018\/02\/DSC_9165-1024x678.jpg 1024w, https:\/\/www.kultursidan.nu\/wp-content\/uploads\/2018\/02\/DSC_9165-150x99.jpg 150w, https:\/\/www.kultursidan.nu\/wp-content\/uploads\/2018\/02\/DSC_9165-503x333.jpg 503w, https:\/\/www.kultursidan.nu\/wp-content\/uploads\/2018\/02\/DSC_9165.jpg 1280w\" sizes=\"auto, (max-width: 567px) 100vw, 567px\" \/><br \/>\n<em>Lekfullt. Tr\u00e4, sten och f\u00e4rg i luftig dans p\u00e5 Konstforum. Agneta Gussander, Magnus Persson och Inger Sannes st\u00e4ller ut tillsammans.<\/em><\/p>\n<p>&nbsp;<\/p>\n<h1><span style=\"color: #ff0000;\">Tr\u00e4, sten och f\u00e4rg i dans<\/span><\/h1>\n<p>&nbsp;<\/p>\n<p>RECENSION\/ NORRK\u00d6PING <strong>Tr\u00e4, sten och f\u00e4rg.<\/strong> En glad utst\u00e4llning dansar genom Konstforums rum som ligger i fil utmed Salt\u00e4ngsgatan. Tv\u00e5 skulpt\u00f6rer, Magnus Persson och Inger Sannes, varav en kl\u00e4ttrar p\u00e5 v\u00e4ggarna, och en m\u00e5lare, Agneta Gussander.<\/p>\n<p>I Studion huserar Catherine Tr\u00e4g\u00e5rdh med sm\u00e5 m\u00e5lningar p\u00e5 skifferplattor.<\/p>\n<p>&nbsp;<\/p>\n<h2>Gussander, Persson &amp; Sannes<\/h2>\n<p>&nbsp;<\/p>\n<p><strong>Det \u00e4r en h\u00e4rlig rytm i Konstforums rum d\u00e4r de tre v\u00e4nnerna huserar.<\/strong> Agneta Gussanders stora m\u00e5lningar lyser p\u00e5 v\u00e4ggarna. D\u00e4remellan h\u00e4nger Magnus Perssons skulpturer i snidat tr\u00e4. Inger Sannes skulpturer bl\u00e5ser in fr\u00e5n havet, s\u00e4tter punkt i rummen.<\/p>\n<p>&nbsp;<\/p>\n<p><a title=\"Agneta Gussander\" href=\"https:\/\/www.flickr.com\/photos\/kultursidan\/25414924457\/in\/album-72157692690335624\/\"><img loading=\"lazy\" decoding=\"async\" src=\"https:\/\/farm5.staticflickr.com\/4677\/25414924457_5de81b9743.jpg\" alt=\"Agneta Gussander\" width=\"500\" height=\"331\" \/><\/a><br \/>\n<em>Agneta Gussander.<\/em><\/p>\n<p>&nbsp;<\/p>\n<p><strong>Tr\u00e4d och vatten.<\/strong> Det lyser glatt om Agneta Gussanders m\u00e5lningar. Hon m\u00e5lar tr\u00e4d snarare \u00e4n landskap, g\u00e5r n\u00e4ra och l\u00e5ter grenarna kringelikroka. Kanske att lystern kommer sig av himlen, som f\u00e5r sig ett extra f\u00e4rglager till sist d\u00e4r penseln kommer \u00e5t. Eller vattnet.<\/p>\n<p>Stilen leder tankarna till sagob\u00f6ckers illustrationer. En hare ligger stilla. D\u00e4r \u00e4r en klarhet, ett ljus och omsorgsfulla kompositioner. Och skogstj\u00e4rnens dunkla djup. Kanske att hemligheten \u00e4r att f\u00f6r Agneta Gussander \u00e4r allt lika viktigt.<\/p>\n<p>&nbsp;<\/p>\n<p><a title=\"Magnus Persson\" href=\"https:\/\/www.flickr.com\/photos\/kultursidan\/40241047422\/in\/album-72157690483875122\/\"><img loading=\"lazy\" decoding=\"async\" src=\"https:\/\/farm5.staticflickr.com\/4673\/40241047422_35b66ea520.jpg\" alt=\"Magnus Persson\" width=\"500\" height=\"331\" \/><\/a><br \/>\n<em>Magnus Persson.<\/em><\/p>\n<p>&nbsp;<\/p>\n<p><strong>Tr\u00e4.<\/strong> Jag l\u00e4ser mig till att Magnus Persson g\u00e4rna skapar f\u00f6r kyrkorummet. H\u00e4r \u00e4r hans lika sparsmakade som lekfulla skulpturer av ljust tr\u00e4, bj\u00f6rk, lind, ask. Eftersom de sitter p\u00e5 v\u00e4ggen kanske det mer \u00e4r fr\u00e5gan om reliefer som sticker ut rej\u00e4lt med mjuka sl\u00e4ta sidor och en tydlig frontlinje som m\u00e5las i en f\u00e4rg.<\/p>\n<p>Japanska linjer, flygande streck, en exploderande fraktal. Vackrast \u00e4r ett \u201dsidenband\u201d som faller.<\/p>\n<p>&nbsp;<\/p>\n<p><a title=\"Inger Sannes\" href=\"https:\/\/www.flickr.com\/photos\/kultursidan\/39574821674\/in\/album-72157692690296594\/\"><img loading=\"lazy\" decoding=\"async\" src=\"https:\/\/farm5.staticflickr.com\/4603\/39574821674_2a5d292c4d.jpg\" alt=\"Inger Sannes\" width=\"500\" height=\"331\" \/><\/a><br \/>\n<em> Inger Sannes.<\/em><\/p>\n<p>&nbsp;<\/p>\n<p><strong>Sten.<\/strong> Skulpt\u00f6ren Inger Sannes ger betraktaren replipunkter att stanna upp vid. Merparten av skulpturerna \u00e4r i vit Carraramarmor, n\u00e5gon i svart, annan sten och faktiskt har hon med sig gyllene brons.<\/p>\n<p>Inger Sannes g\u00f6r mycket offentlig konst, eller mycket&#8230; skulptur tar sin tid. Formspr\u00e5ket har en organisk touch eller kanske snarare en mycket vacker matematik, som utmanar v\u00e5ra sinnen. Den som sett skulpturen <em>Tidvatten<\/em> bakom S\u00f6derk\u00f6pings R\u00e5dhus hittar h\u00e4r dess skiss, en l\u00e4tt v\u00e4lvd b\u00e5t med bred akter, mjuk och sl\u00e4t till ytan.<\/p>\n<p>Det mjuka finns det gott om h\u00e4r, jag hittar en liten klappv\u00e4nligt skulptur med vasst bett under den sl\u00e4ta skulten. Marmorn \u00e4r sval, tunt \u00e5drad.<\/p>\n<p><strong>Men tidvattnet har v\u00e4nt, skulpt\u00f6ren har g\u00e5tt vidare.<\/strong> Eller kanske det \u00e4r att hon stannar upp l\u00e5ngt tidigare. Nu l\u00e5ter hon oss se ett tidigare steg i processen, d\u00e4r mejseln just anat formen inne i stenen. Det ber\u00e4ttar Inger Sannes, att resultatet av arbetet aldrig \u00e4r planerat utan blir det som stenen l\u00e5ter h\u00e4nda.<\/p>\n<p>I r\u00f6daktig sten fr\u00e5n Iran har hon funnit en kvinna, fr\u00e5n byst till l\u00e5r. Hon \u00e4r n\u00e4tt. Stenens grova lintyg kl\u00e4r hennes tunna kropp.<\/p>\n<p>&nbsp;<\/p>\n<p><a title=\"Catherine Tr\u00e4g\u00e5rdh\" href=\"https:\/\/www.flickr.com\/photos\/kultursidan\/40241165122\/in\/album-72157663736421377\/\"><img loading=\"lazy\" decoding=\"async\" src=\"https:\/\/farm5.staticflickr.com\/4758\/40241165122_2537349052.jpg\" alt=\"Catherine Tr\u00e4g\u00e5rdh\" width=\"500\" height=\"331\" \/><\/a><br \/>\n<em> Catherine Tr\u00e4g\u00e5rdh.<\/em><\/p>\n<p>&nbsp;<\/p>\n<h2>Catherine Tr\u00e4g\u00e5rdh<\/h2>\n<p>&nbsp;<\/p>\n<p><strong>Tr\u00e4dg\u00e5rdskonst.<\/strong> Som om de hittats och h\u00e4ngts upp, med sina skavanker. Catherine Tr\u00e4g\u00e5rdhs sm\u00e5 m\u00e5lningar p\u00e5 skifferplattor, med ett och annat avskavt h\u00f6rn, p\u00e5minner om det sena 1800-talets impressionistiska naturm\u00e5leri. Snabba intryck med korta kraftfulla penseltryck. Senh\u00f6stvindar i tr\u00e4dkronor och gulnat gr\u00e4s. Svarta och vita fl\u00e4ckar adderas till kor under h\u00f6g sommarhimmel.<\/p>\n<p>H\u00e4r i Studion finns ocks\u00e5 med traditionellt material, m\u00e5leri p\u00e5 duk. Motiven \u00e4r utmanat f\u00f6renklade.<\/p>\n<p><em>\u00a9 Text: Ann-Charlotte Sandelin<br \/>\n\u00a9 Foto: Nils-G\u00f6ran Tillgren<\/em><\/p>\n<p>AGNETA GUSSANDER \u2013 BILDSPEL \u2013 KLICKA P\u00c5 BILDENS PILAR<\/p>\n<p><a data-flickr-embed='true' href='https:\/\/www.flickr.com\/photos\/kultursidan\/sets\/72157692690335624' title='Agneta Gussander, Konstforum 2018 by Kultursidan, on Flickr'><img src='https:\/\/live.staticflickr.com\/4696\/39574843434_549fb8d2d5_z.jpg' width='800' height='600' alt='Agneta Gussander'><\/a><script async src='https:\/\/embedr.flickr.com\/assets\/client-code.js' charset='utf-8'><\/script><\/p>\n<p>MAGNUS PERSSON \u2013 BILDSPEL \u2013 KLICKA P\u00c5 BILDENS PILAR<\/p>\n<p><a data-flickr-embed='true' href='https:\/\/www.flickr.com\/photos\/kultursidan\/sets\/72157690483875122' title='Magnus Persson, Konstforum 2018 by Kultursidan, on Flickr'><img src='https:\/\/live.staticflickr.com\/4614\/25414839137_6be59bb097_z.jpg' width='800' height='600' alt='Magnus Persson och Inger Sannes'><\/a><script async src='https:\/\/embedr.flickr.com\/assets\/client-code.js' charset='utf-8'><\/script><\/p>\n<p>INGER SANNES \u2013 BILDSPEL \u2013 KLICKA P\u00c5 BILDENS PILAR<\/p>\n<p><a data-flickr-embed='true' href='https:\/\/www.flickr.com\/photos\/kultursidan\/sets\/72157692690296594' title='Inger Sannes, Konstforum 2018 by Kultursidan, on Flickr'><img src='https:\/\/live.staticflickr.com\/4615\/39574801994_bae84b6eed_z.jpg' width='800' height='600' alt='Inger Sannes, Agneta Gussander och Magnus Persson'><\/a><script async src='https:\/\/embedr.flickr.com\/assets\/client-code.js' charset='utf-8'><\/script><\/p>\n<p>CATHERINE TR\u00c4G\u00c5RDH \u2013 BILDSPEL \u2013 KLICKA P\u00c5 BILDENS PILAR<\/p>\n<p><a data-flickr-embed='true' href='https:\/\/www.flickr.com\/photos\/kultursidan\/sets\/72157663736421377' title='Catherine Tr\u00e4g\u00e5rdh, Studion, Konstforum 2018 by Kultursidan, on Flickr'><img src='https:\/\/live.staticflickr.com\/4631\/26413735758_3f0e486b90_z.jpg' width='800' height='600' alt='Catherine Tr\u00e4g\u00e5rdh'><\/a><script async src='https:\/\/embedr.flickr.com\/assets\/client-code.js' charset='utf-8'><\/script><\/p>\n<blockquote>\n<h4>KONSTFORUM \u2013 STUDION Norrk\u00f6ping<\/h4>\n<p><em>Vinter\u2013v\u00e5r 2018<\/em><br \/>\n<strong>Utst\u00e4llningar<\/strong><\/p>\n<p style=\"padding-left: 30px;\"><em>13\u201328 januari<\/em><br \/>\n<strong>Anna Svensson<\/strong><br \/>\nM\u00e5leri, skulptur<\/p>\n<p style=\"padding-left: 30px;\"><em>14\u201328 januari Studion<\/em><br \/>\n<strong>Jan Erik Frisendahl<\/strong><br \/>\nM\u00e5leri, teckning, objekt<\/p>\n<p><em>3\u201318 februari<\/em><br \/>\n<strong>Agneta Gussander<\/strong><br \/>\nM\u00e5leri<br \/>\n<strong>Magnus Persson<\/strong><br \/>\nSkulptur<br \/>\n<strong>Inger Sannes<\/strong><br \/>\nSkulptur<\/p>\n<p><em>4\u201318 februari Studion<\/em><br \/>\n<strong>Catherine Tr\u00e4g\u00e5rdh<\/strong><br \/>\nM\u00e5leri<\/p>\n<p style=\"padding-left: 30px;\"><em>24 februari \u2013 11 mars<\/em><br \/>\n<strong>Andreas Poppelier<\/strong><br \/>\nM\u00e5leri<\/p>\n<p style=\"padding-left: 30px;\"><em>25 februari \u2013 11 mars Studion<\/em><br \/>\n<strong>Lars Hillersberg<\/strong><br \/>\nTeckning, grafik<\/p>\n<p style=\"padding-left: 30px;\"><em>17 mars \u2013 8 april<\/em><br \/>\n<strong>Max Book<\/strong><br \/>\nM\u00e5leri<\/p>\n<p style=\"padding-left: 30px;\"><em>18 mars \u2013 8 april Studion<\/em><br \/>\n<strong>Dennis Cantoreggi<\/strong><br \/>\nFotografi<\/p>\n<p style=\"padding-left: 30px;\"><em>14\u201329 april<\/em><br \/>\n<strong>Hasti Radpour<\/strong><br \/>\nM\u00e5leri<\/p>\n<p style=\"padding-left: 30px;\"><em>15 april\u201329 april Studion<\/em><br \/>\n<strong>Berhard Freutel<\/strong><br \/>\nFotografi<\/p>\n<\/blockquote>\n<p>L\u00c4NKAR<br \/>\nAgneta Gussander <a href=\"http:\/\/www.agnetagussander.se\" target=\"_blank\" rel=\"noopener\">hemsida<\/a><br \/>\nMagnus Persson <a href=\"http:\/\/www.magnuspersson.com\" target=\"_blank\" rel=\"noopener\">hemsida<\/a><br \/>\nInger Sannes <a href=\"http:\/\/inger-sannes.se\" target=\"_blank\" rel=\"noopener\">hemsida<\/a><br \/>\nCatherine Tr\u00e4g\u00e5rdh <a href=\"https:\/\/www.lyshalla.com\/blank-s3rxs\" target=\"_blank\" rel=\"noopener\">hemsida<\/a><br \/>\nKonstforum <a href=\"http:\/\/konstforumnorrkoping.se\" target=\"_blank\" rel=\"noopener\">hemsida<\/a> <a href=\"https:\/\/www.facebook.com\/pages\/Konstforum-Norrk%C3%B6ping\/436387379718835?fref=ts\" target=\"_blank\" rel=\"noopener\">Facebook<\/a><br \/>\nUppsk\u00f6ljt Tidvatten p\u00e5 R\u00e5dhusg\u00e5rden <a href=\"https:\/\/www.kultursidan.nu\/?p=20962\" target=\"_blank\" rel=\"noopener\">reportage<\/a> Kultursidan.nu 13\/8 2015<\/p>\n","protected":false},"excerpt":{"rendered":"<p>RECENSION\/ NORRK\u00d6PING Tr\u00e4, sten och f\u00e4rg. En glad utst\u00e4llning dansar genom Konstforum. Tv\u00e5 skulpt\u00f6rer Magnus Persson och Inger Sannes, varav en kl\u00e4ttrar p\u00e5 v\u00e4ggarna, och en m\u00e5lare, Agneta Gussander. I studion huserar Catherine Tr\u00e4g\u00e5rdh. <a class=\"continue-reading-link\" href=\"https:\/\/www.kultursidan.nu\/?p=34818\">L\u00e4s mer <span class=\"meta-nav\">&rarr; <\/span><\/a><\/p>\n","protected":false},"author":1001006,"featured_media":0,"comment_status":"closed","ping_status":"open","sticky":false,"template":"","format":"standard","meta":{"_jetpack_memberships_contains_paid_content":false,"footnotes":""},"categories":[7],"tags":[14],"class_list":["post-34818","post","type-post","status-publish","format-standard","hentry","category-norrkoping","tag-konst"],"jetpack_featured_media_url":"","jetpack_sharing_enabled":true,"_links":{"self":[{"href":"https:\/\/www.kultursidan.nu\/index.php?rest_route=\/wp\/v2\/posts\/34818","targetHints":{"allow":["GET"]}}],"collection":[{"href":"https:\/\/www.kultursidan.nu\/index.php?rest_route=\/wp\/v2\/posts"}],"about":[{"href":"https:\/\/www.kultursidan.nu\/index.php?rest_route=\/wp\/v2\/types\/post"}],"author":[{"embeddable":true,"href":"https:\/\/www.kultursidan.nu\/index.php?rest_route=\/wp\/v2\/users\/1001006"}],"replies":[{"embeddable":true,"href":"https:\/\/www.kultursidan.nu\/index.php?rest_route=%2Fwp%2Fv2%2Fcomments&post=34818"}],"version-history":[{"count":2,"href":"https:\/\/www.kultursidan.nu\/index.php?rest_route=\/wp\/v2\/posts\/34818\/revisions"}],"predecessor-version":[{"id":34822,"href":"https:\/\/www.kultursidan.nu\/index.php?rest_route=\/wp\/v2\/posts\/34818\/revisions\/34822"}],"wp:attachment":[{"href":"https:\/\/www.kultursidan.nu\/index.php?rest_route=%2Fwp%2Fv2%2Fmedia&parent=34818"}],"wp:term":[{"taxonomy":"category","embeddable":true,"href":"https:\/\/www.kultursidan.nu\/index.php?rest_route=%2Fwp%2Fv2%2Fcategories&post=34818"},{"taxonomy":"post_tag","embeddable":true,"href":"https:\/\/www.kultursidan.nu\/index.php?rest_route=%2Fwp%2Fv2%2Ftags&post=34818"}],"curies":[{"name":"wp","href":"https:\/\/api.w.org\/{rel}","templated":true}]}}