{"id":34863,"date":"2018-02-18T11:38:54","date_gmt":"2018-02-18T10:38:54","guid":{"rendered":"https:\/\/intelligent-friend-7861.standoutwp.com\/?p=34863"},"modified":"2018-02-18T11:38:54","modified_gmt":"2018-02-18T10:38:54","slug":"wtm18-sen-rocklordag-pa-dynamo","status":"publish","type":"post","link":"https:\/\/www.kultursidan.nu\/?p=34863","title":{"rendered":"WTM\u201918 Sen rockl\u00f6rdag p\u00e5 Dynamo"},"content":{"rendered":"<p><img loading=\"lazy\" decoding=\"async\" class=\"alignnone size-medium wp-image-34864\" src=\"https:\/\/www.kultursidan.nu\/wp-content\/uploads\/2018\/02\/IMG_2925-567x378.jpg\" alt=\"\" width=\"567\" height=\"378\" srcset=\"https:\/\/www.kultursidan.nu\/wp-content\/uploads\/2018\/02\/IMG_2925-567x378.jpg 567w, https:\/\/www.kultursidan.nu\/wp-content\/uploads\/2018\/02\/IMG_2925-768x512.jpg 768w, https:\/\/www.kultursidan.nu\/wp-content\/uploads\/2018\/02\/IMG_2925-1024x682.jpg 1024w, https:\/\/www.kultursidan.nu\/wp-content\/uploads\/2018\/02\/IMG_2925-150x100.jpg 150w, https:\/\/www.kultursidan.nu\/wp-content\/uploads\/2018\/02\/IMG_2925-500x333.jpg 500w, https:\/\/www.kultursidan.nu\/wp-content\/uploads\/2018\/02\/IMG_2925.jpg 1280w\" sizes=\"auto, (max-width: 567px) 100vw, 567px\" \/><br \/>\n<em>Rockgig. The Heard med medlemmar fr\u00e5n Crucified Barbara och Death Stars gjorde f\u00f6rsta liveframtr\u00e4dandet p\u00e5 Dynamo under Where&#8217;s The Music?<\/em><\/p>\n<p>&nbsp;<\/p>\n<h1><span style=\"color: #ff0000;\">Starka akter med \u00f6ppna kort<\/span><\/h1>\n<p>&nbsp;<\/p>\n<p>RECENSION\/ NORRK\u00d6PING <strong>Korten p\u00e5 bordet.<\/strong> Island rockar med progressiva Agent Frescos of\u00f6ruts\u00e4gbara urkraft. Nya h\u00e5rdrocksprojektet The Heard motsvarade alla f\u00f6rv\u00e4ntningar.<\/p>\n<p>WTM \u00e5r 2018 har f\u00f6r en rockare bjudit p\u00e5 oerh\u00f6rt starka akter \u00e4ven i de \u00f6ppna korten som varit ny musik.<\/p>\n<p>&nbsp;<\/p>\n<p><a title=\"Agent Fresco\" href=\"https:\/\/www.flickr.com\/photos\/kultursidan\/39436808435\/in\/album-72157665864889408\/\"><img loading=\"lazy\" decoding=\"async\" src=\"https:\/\/farm5.staticflickr.com\/4765\/39436808435_08222e752a.jpg\" alt=\"Agent Fresco\" width=\"500\" height=\"333\" \/><\/a><br \/>\n<em> Agent Fresco.<\/em><\/p>\n<p>&nbsp;<\/p>\n<h2>Agent Fresco<\/h2>\n<p>&nbsp;<\/p>\n<p><strong>Sent p\u00e5 l\u00f6rdagskv\u00e4llen kom vi lagom till isl\u00e4ndska bandet Agent Fresco p\u00e5 Dynamo.<\/strong> Det var f\u00f6rsta g\u00e5ngen som jag s\u00e5g dom live. Det \u00e4r musik som \u00e4r utmanande, det h\u00e4r \u00e4r ett band som hela tiden flyttar musikaliska gr\u00e4nser och de \u00f6verraskar g\u00e5ng p\u00e5 g\u00e5ng.<\/p>\n<p>Scenframtr\u00e4dandet \u00e4r avantgardiskt och musiken har inslag av progressiv rock. S\u00e5ngaren Arnor Dan Avnason har nog en av de snyggaste r\u00f6ster som jag h\u00f6rt senaste \u00e5ren.<\/p>\n<p>Det h\u00e4r \u00e4r precis som det isl\u00e4ndska landskapet, det \u00e4r mytiskt, ot\u00e4mjt, of\u00f6ruts\u00e4gbart men med en grace som i en sublim film. Det \u00e4r musik som s\u00e4tter oss under midnattssol och m\u00e4ktigt norrsken.<\/p>\n<p><strong>Agent Fresco \u00e4r beroendeframkallande.<\/strong> Jag \u00e4r n\u00f6rdigt lycklig. Plattan &#8221;Destrier&#8221; (uttalas DES-treer) \u00e4r vacker s\u00e5 att man gr\u00e5ter.<\/p>\n<p>&nbsp;<\/p>\n<p><a title=\"The Heard\" href=\"https:\/\/www.flickr.com\/photos\/kultursidan\/40334164271\/in\/album-72157665864823378\/\"><img loading=\"lazy\" decoding=\"async\" src=\"https:\/\/farm5.staticflickr.com\/4709\/40334164271_9b0e2609b3.jpg\" alt=\"The Heard\" width=\"500\" height=\"333\" \/><\/a><br \/>\n<em> Bas. Ida &#8221;Eavileye&#8221; Stenbacka.<\/em><\/p>\n<p>&nbsp;<\/p>\n<h2>The Heard<\/h2>\n<p>&nbsp;<\/p>\n<p><strong>Det har tisslats och tasslats med stor f\u00f6rv\u00e4ntan om nya svenska projektet The Heard.<\/strong> Medlemmarna kommer fr\u00e5n Crucified Barbara och Death Stars och Where\u2019s The Music? \u00e4r f\u00f6rsta liveframtr\u00e4dandet.<\/p>\n<p><strong>Entr\u00e9n \u00e4r snygg och Pepper vet exakt n\u00e4r hon ska \u00e4ntra scenen.<\/strong> Hon har en r\u00f6st som ger den d\u00e4r sk\u00f6na g\u00e5shuden, det \u00e4r ett brett register i hennes r\u00f6st. Det h\u00e4r \u00e4r b\u00e5de visuellt snyggt likv\u00e4l som audiativt.<\/p>\n<p>Sierskans ber\u00e4ttelser backas snyggt upp av de andra medlemmarna. Skinny smeker gitarren k\u00e4rleksfullt n\u00e4r tonerna klingar i v\u00e5ra \u00f6ron. Idas basg\u00e5ngar f\u00e5r blodomloppet att dunka. Precis som man vill ha det p\u00e5 ett bra rockgig.<\/p>\n<p><strong>Det h\u00e4r \u00e4r f\u00f6r mig ett absolut bra avslut p\u00e5 en bra festival.<\/strong> Jag ser fram emot att se och h\u00f6ra mer av The Heard i framtiden.<\/p>\n<p><strong>Summa summarum har WTM-festivalen haft bra blandning p\u00e5 rockgenres.<\/strong> Och oerh\u00f6rt starka akter \u00e4ven i de \u00f6ppna korten som varit ny musik.<\/p>\n<p><em>\u00a9 Text: Christina Wernersson\u2028<\/em><br \/>\n<em>\u00a9 Foto: Johanna Wernersson och Agent Fresco<\/em><\/p>\n<p>THE HEARDS \u2013 EXTRA STORT BILDSPEL \u2013 KLICKA P\u00c5 BILDENS PILAR<\/p>\n<p><a data-flickr-embed='true' href='https:\/\/www.flickr.com\/photos\/kultursidan\/albums\/72157665864823378' title='The Heard, Dynamo, WTM 2018 by Kultursidan, on Flickr'><img src='https:\/\/live.staticflickr.com\/4758\/38524974440_15ed489684_z.jpg' width='800' height='600' alt='The Heard'><\/a><script async src='https:\/\/embedr.flickr.com\/assets\/client-code.js' charset='utf-8'><\/script><\/p>\n<blockquote>\n<h4>DYNAMO, HALLARNA Norrk\u00f6ping<\/h4>\n<p><em>10 februari 2018<\/em><br \/>\n<strong>Agent Fresco<\/strong><br \/>\n<strong>The Heard<\/strong><br \/>\nWhere\u2019s the Music? \u2013 Arr: FKP Scorpio<\/p><\/blockquote>\n<p>L\u00c4NKAR<br \/>\nAgent Fresco <a href=\"http:\/\/www.agentfresco.is\" target=\"_blank\" rel=\"noopener\">hemsida<\/a> <a href=\"https:\/\/www.facebook.com\/agentfresco\" target=\"_blank\" rel=\"noopener\">Facebook<\/a><br \/>\nThe Heard <a href=\"https:\/\/www.facebook.com\/theheardofficial\/\" target=\"_blank\" rel=\"noopener\">Facebook<\/a><br \/>\nWhere\u2019s The Music <a href=\"http:\/\/www.wheresthemusic.se\" target=\"_blank\" rel=\"noopener\">hemsida<\/a> <a href=\"https:\/\/www.facebook.com\/wheresthemusic\/\" target=\"_blank\" rel=\"noopener\">Facebook<\/a><\/p>\n<p>WTM\u201918 Publiksucc\u00e9 och vaktfiasko <a href=\"https:\/\/www.kultursidan.nu\/?p=34773\" target=\"_blank\" rel=\"noopener\">kr\u00f6nika<\/a> Kultursidan.nu 13\/2 2018<\/p>\n<p>L\u00d6RDAG<br \/>\nWTM\u201918 Rockl\u00f6rdag p\u00e5 Saliga Munken <a href=\"https:\/\/www.kultursidan.nu\/?p=34846\" target=\"_blank\" rel=\"noopener\">recension<\/a> Kultursidan.nu 16\/2 2018<br \/>\nWTM\u201918 Familjen i V\u00e4rmekyrkan <a href=\"https:\/\/www.kultursidan.nu\/?p=34770\" target=\"_blank\" rel=\"noopener\">recension<\/a> Kultursidan.nu 14\/2 2018<br \/>\nGAFFA-priser utan \u00e4kta galast\u00e4mning <a href=\"https:\/\/www.kultursidan.nu\/?p=34755\" target=\"_blank\" rel=\"noopener\">kr\u00f6nika<\/a> Kultursidan.nu 13\/2 2018<br \/>\nWTM\u201918 Sumies musik flyter i Hedvig<a href=\"https:\/\/www.kultursidan.nu\/?p=34749\" target=\"_blank\" rel=\"noopener\"> recension<\/a> Kultursidan.nu 10\/2 2018<\/p>\n<p>FREDAG<br \/>\nWTM\u201918 Janice soul i V\u00e4rmekyrkan <a href=\"https:\/\/www.kultursidan.nu\/?p=34802\" target=\"_blank\" rel=\"noopener\">recension<\/a> Kultursidan.nu 14\/2 2018<br \/>\nWTM\u201918 Natten \u00e4nnu ung f\u00f6r Saade <a href=\"https:\/\/www.kultursidan.nu\/?p=34754\" target=\"_blank\" rel=\"noopener\">recension<\/a> Kultursidan.nu 13\/2 2018<br \/>\nWTM\u201918 Rockfredag p\u00e5 Saliga Munken <a href=\"https:\/\/www.kultursidan.nu\/?p=34745\" target=\"_blank\" rel=\"noopener\">recension<\/a> Kultursidan.nu 12\/2 2018<br \/>\nWTM\u201918 JADA en urkraft p\u00e5 Arbis <a href=\"https:\/\/www.kultursidan.nu\/?p=34735\" target=\"_blank\" rel=\"noopener\">recension<\/a> Kultursidan.nu 11\/2 2018<br \/>\nWTM\u201918 Dorian Sorriaux i Hedvig <a href=\"https:\/\/www.kultursidan.nu\/?p=34730\" target=\"_blank\" rel=\"noopener\">recension<\/a> Kultursidan.nu 11\/2 2018<br \/>\nWTM\u201918 La Lusid skapar egna regler <a href=\"https:\/\/www.kultursidan.nu\/?p=34726\" target=\"_blank\" rel=\"noopener\">recension<\/a> Kultursidan.nu 11\/2 2018<br \/>\nWTM\u201918 Priest h\u00e4dar \u00e0 la 80-talssynth <a href=\"https:\/\/www.kultursidan.nu\/?p=34707\" target=\"_blank\" rel=\"noopener\">recension<\/a> Kultursidan.nu 10\/2 2018<\/p>\n<p>F\u00d6RHANDSARTIKLAR<br \/>\nWTM\u201918 Musikfesten i startgroparna <a href=\"https:\/\/www.kultursidan.nu\/?p=34624\" target=\"_blank\" rel=\"noopener\">reportage<\/a> Kultursidan.nu 6\/2 2018<br \/>\nWTM\u201918 Lokala guldkorn och Gaffagala <a href=\"https:\/\/www.kultursidan.nu\/?p=34225\" target=\"_blank\" rel=\"noopener\">reportage<\/a> Kultursidan.nu 10\/1 2018<br \/>\nWTM\u201918 Familjen, Grant och tysk hiphop <a href=\"https:\/\/www.kultursidan.nu\/?p=33316\" target=\"_blank\" rel=\"noopener\">reportage<\/a> Kultursidan.nu 8\/11 2017<br \/>\nWTM\u201918: Where\u2019s the Music? 9\u201310 februari <a href=\"https:\/\/www.kultursidan.nu\/?p=32707\" target=\"_blank\" rel=\"noopener\">reportage<\/a> Kultursidan.nu 2\/10 2017<\/p>\n","protected":false},"excerpt":{"rendered":"<p>RECENSION\/ NORRK\u00d6PING Korten p\u00e5 bordet. Island rockar med progressiva Agent Frescos of\u00f6ruts\u00e4gbara urkraft. Nya h\u00e5rdrocksprojektet The Heard motsvarade alla f\u00f6rv\u00e4ntningar. WTM \u00e5r 2018 har f\u00f6r en rockare bjudit p\u00e5 oerh\u00f6rt starka akter \u00e4ven i de \u00f6ppna korten som varit ny musik. <a class=\"continue-reading-link\" href=\"https:\/\/www.kultursidan.nu\/?p=34863\">L\u00e4s mer <span class=\"meta-nav\">&rarr; <\/span><\/a><\/p>\n","protected":false},"author":1001006,"featured_media":0,"comment_status":"closed","ping_status":"open","sticky":false,"template":"","format":"standard","meta":{"_jetpack_memberships_contains_paid_content":false,"footnotes":""},"categories":[7],"tags":[29,13],"class_list":["post-34863","post","type-post","status-publish","format-standard","hentry","category-norrkoping","tag-festival","tag-musik"],"jetpack_featured_media_url":"","jetpack_sharing_enabled":true,"_links":{"self":[{"href":"https:\/\/www.kultursidan.nu\/index.php?rest_route=\/wp\/v2\/posts\/34863","targetHints":{"allow":["GET"]}}],"collection":[{"href":"https:\/\/www.kultursidan.nu\/index.php?rest_route=\/wp\/v2\/posts"}],"about":[{"href":"https:\/\/www.kultursidan.nu\/index.php?rest_route=\/wp\/v2\/types\/post"}],"author":[{"embeddable":true,"href":"https:\/\/www.kultursidan.nu\/index.php?rest_route=\/wp\/v2\/users\/1001006"}],"replies":[{"embeddable":true,"href":"https:\/\/www.kultursidan.nu\/index.php?rest_route=%2Fwp%2Fv2%2Fcomments&post=34863"}],"version-history":[{"count":3,"href":"https:\/\/www.kultursidan.nu\/index.php?rest_route=\/wp\/v2\/posts\/34863\/revisions"}],"predecessor-version":[{"id":34867,"href":"https:\/\/www.kultursidan.nu\/index.php?rest_route=\/wp\/v2\/posts\/34863\/revisions\/34867"}],"wp:attachment":[{"href":"https:\/\/www.kultursidan.nu\/index.php?rest_route=%2Fwp%2Fv2%2Fmedia&parent=34863"}],"wp:term":[{"taxonomy":"category","embeddable":true,"href":"https:\/\/www.kultursidan.nu\/index.php?rest_route=%2Fwp%2Fv2%2Fcategories&post=34863"},{"taxonomy":"post_tag","embeddable":true,"href":"https:\/\/www.kultursidan.nu\/index.php?rest_route=%2Fwp%2Fv2%2Ftags&post=34863"}],"curies":[{"name":"wp","href":"https:\/\/api.w.org\/{rel}","templated":true}]}}