{"id":34898,"date":"2018-02-20T15:10:00","date_gmt":"2018-02-20T14:10:00","guid":{"rendered":"https:\/\/intelligent-friend-7861.standoutwp.com\/?p=34898"},"modified":"2018-02-20T15:10:00","modified_gmt":"2018-02-20T14:10:00","slug":"sportlovsorkestern-inspirerar-unga","status":"publish","type":"post","link":"https:\/\/www.kultursidan.nu\/?p=34898","title":{"rendered":"Sportlovsorkestern inspirerar unga"},"content":{"rendered":"<p><img loading=\"lazy\" decoding=\"async\" class=\"alignnone size-medium wp-image-34899\" src=\"https:\/\/www.kultursidan.nu\/wp-content\/uploads\/2018\/02\/DSCF7923-567x378.jpg\" alt=\"\" width=\"567\" height=\"378\" srcset=\"https:\/\/www.kultursidan.nu\/wp-content\/uploads\/2018\/02\/DSCF7923-567x378.jpg 567w, https:\/\/www.kultursidan.nu\/wp-content\/uploads\/2018\/02\/DSCF7923-768x512.jpg 768w, https:\/\/www.kultursidan.nu\/wp-content\/uploads\/2018\/02\/DSCF7923-1024x682.jpg 1024w, https:\/\/www.kultursidan.nu\/wp-content\/uploads\/2018\/02\/DSCF7923-150x100.jpg 150w, https:\/\/www.kultursidan.nu\/wp-content\/uploads\/2018\/02\/DSCF7923-500x333.jpg 500w, https:\/\/www.kultursidan.nu\/wp-content\/uploads\/2018\/02\/DSCF7923.jpg 1280w\" sizes=\"auto, (max-width: 567px) 100vw, 567px\" \/><br \/>\n<em>Dirigerar. Simon Phipps instruerar sin orkester med liv och lust.<\/em><\/p>\n<p>&nbsp;<\/p>\n<h1><span style=\"color: #ff0000;\">\u201dDen sociala biten \u00e4r viktig\u201d<\/span><\/h1>\n<p>&nbsp;<\/p>\n<p><strong>NORRK\u00d6PING Under sportlovsveckan bildar musicerande ungdomar fr\u00e5n hela l\u00e4net en egen orkester.<\/strong> V\u00e4gledda av en professionell dirigent och musiker ur symfoniorkestern ska resultatet bli ett upptr\u00e4dande i De Geerhallen i Norrk\u00f6ping.<\/p>\n<p>\u2013 Det \u00e4r l\u00e4rarna p\u00e5 kulturskolorna som best\u00e4mmer vilka elever som ska f\u00e5 delta i Sportlovsorkestern.<\/p>\n<p><strong>Sportlovsorkestern \u00e4r till f\u00f6r ungdomar mellan 12 och 18 \u00e5r fr\u00e5n hela \u00d6sterg\u00f6tland, alla aktiva i sina respektive kulturskolor.<\/strong> Tio musiker ur symfoniorkestern jobbar under veckan som coacher. En f\u00f6r varje st\u00e4mma.<\/p>\n<p>&nbsp;<\/p>\n<p><a title=\"Tarja Orraryd och Richard Michelin coachar str\u00e5kst\u00e4mmor\" href=\"https:\/\/www.flickr.com\/photos\/kultursidan\/40333903502\/in\/album-72157665949770378\/\" data-flickr-embed=\"true\"><img loading=\"lazy\" decoding=\"async\" src=\"https:\/\/farm5.staticflickr.com\/4770\/40333903502_fe4690ef50.jpg\" alt=\"Tarja Orraryd och Richard Michelin coachar str\u00e5kst\u00e4mmor\" width=\"500\" height=\"333\" \/><\/a><br \/>\n<em>Hj\u00e4lpande hand. Coacherna ger de unga musikanterna praktiska tips.<\/em><\/p>\n<p>&nbsp;<\/p>\n<p><strong>F\u00f6r trettonde \u00e5ret i rad h\u00e5lls repetitionerna i De Geerhallens konsertsal.<\/strong> Dirigenten Simon Phipps och ungdomarna i orkestern repar f\u00f6r fullt. Det lyser rosa i raderna, \u00e5rets f\u00e4rg p\u00e5 hoodjackorna som alla f\u00e5r. Simon Phipps sjunger ordl\u00f6st med i melodierna n\u00e4r han instruerar sin unga orkester.<\/p>\n<p>Alla som \u00e4r intresserade f\u00e5r anm\u00e4la sig till Sportlovsorkestern. 18 januari fick deltagarna tr\u00e4ffa sina coacher och kamraterna i st\u00e4mman och passa p\u00e5 att st\u00e4lla fr\u00e5gor om repertoaren.<\/p>\n<p>Fr\u00e5n 17 februari och tre dagar fram\u00e5t har det varit repetitioner och kv\u00e4llsaktiviteter f\u00f6r att deltagarna ska l\u00e4ra k\u00e4nna varandra ytterligare.<\/p>\n<p><strong>Sportlovsprojektets producenter Kristina Holm Danielsson och Lisa Lindh \u00e4r ocks\u00e5 p\u00e5 plats f\u00f6r att se till att allt flyter p\u00e5.<\/strong><\/p>\n<p>\u2013 Vi bedriver ingen undervisning h\u00e4r. Utan tanken \u00e4r att ungdomarna ska f\u00e5 tr\u00e4ffa musiker och f\u00e5 pepp och inspiration, ber\u00e4ttar Kristina Holm Danielsson.<\/p>\n<p>&nbsp;<\/p>\n<p><a title=\"Sportlovsorkestern\" href=\"https:\/\/www.flickr.com\/photos\/kultursidan\/40333903762\/in\/album-72157665949770378\/\" data-flickr-embed=\"true\"><img loading=\"lazy\" decoding=\"async\" src=\"https:\/\/farm5.staticflickr.com\/4722\/40333903762_fb5fdcc040.jpg\" alt=\"Sportlovsorkestern\" width=\"500\" height=\"212\" \/><\/a><br \/>\n<em>Tutti-repetition. Fram till lunch tr\u00e4nar hela orkestern tillsammans. Sen fokuserar varje grupp p\u00e5 sin st\u00e4mma.<\/em><\/p>\n<p>&nbsp;<\/p>\n<p><strong>Fram till lunch \u00f6var hela orkestern tillsammans.<\/strong> En s\u00e5 kallad tutti-repetition. Sedan ligger fokus p\u00e5 st\u00e4mrepetition d\u00e4r grupperna \u00f6var var f\u00f6r sig med sina coacher.<\/p>\n<p>\u2013 Om man spelar i en professionell orkester s\u00e5 satsar man p\u00e5 att f\u00e5 en s\u00e5 bra konsert som m\u00f6jligt. Det \u00e4r inte s\u00e5 viktigt h\u00e4r. H\u00e4r \u00e4r det viktiga att komma ut, f\u00e5 spela och tr\u00e4ffa andra med samma intresse. S\u00e5 den sociala biten \u00e4r viktig.<\/p>\n<p><strong>Violinisterna \u00e4r f\u00e5, bara nio stycken, medan cellisterna \u00e4r fler.<\/strong> Brass och inte minst slagverk \u00e4r det gott om. Orkestern \u00e4r med andra ord oj\u00e4mnt f\u00f6rdelad j\u00e4mf\u00f6rt med hur det brukar vara i en symfoniorkester.<\/p>\n<p>\u2013 Alla som vill vara med i orkestern ska f\u00e5 det. D\u00e5 bryr vi oss inte s\u00e5 mycket om hur m\u00e5nga man \u00e4r, bara att man klarar av det.<\/p>\n<p>&nbsp;<\/p>\n<p><a title=\"Sportlovsorkestern\" href=\"https:\/\/www.flickr.com\/photos\/kultursidan\/38568661230\/in\/album-72157665949770378\/\" data-flickr-embed=\"true\"><img loading=\"lazy\" decoding=\"async\" src=\"https:\/\/farm5.staticflickr.com\/4758\/38568661230_26cb8e087b.jpg\" alt=\"Sportlovsorkestern\" width=\"500\" height=\"349\" \/><\/a><br \/>\n<em>Brassbl\u00e4nk. H\u00e4r f\u00e5r ungdomarna chansen att spela och tr\u00e4ffa andra med samma intresse.<\/em><\/p>\n<p>&nbsp;<\/p>\n<p><strong>Kristina Holm Danielsson gl\u00e4ds \u00f6ver att kunna inspirera ungdomar till orkesterspel.<\/strong><\/p>\n<p>\u2013 Att jag ocks\u00e5 har tio fantastiska musiker som st\u00e4ller upp hela perioden och l\u00e4r ut allt de kan. Och blir ungdomarnas f\u00f6rebilder.<\/p>\n<p><strong>M\u00e5nga av ungdomarna har varit med tidigare i Sportlovsorkestrarna.<\/strong> Den som varit med flest g\u00e5nger \u00e4r inne p\u00e5 sitt nionde \u00e5r.<\/p>\n<p>F\u00f6r Elin K\u00f6rnich som g\u00e5r andra \u00e5ret p\u00e5 De Geergymnasiets musiklinje och spelar fl\u00f6jt, \u00e4r det tredje \u00e5ret i Sportlovsorkestern. S\u00e5 vad \u00e4r det som g\u00f6r att hon \u00e5terkommer hit?<\/p>\n<p>\u2013 Jag tycker det \u00e4r j\u00e4tteroligt. Att spela s\u00e5klart, men ocks\u00e5 att kunna vara med alla de andra. Det roligaste \u00e4r ju n\u00e4stan pauserna med maten. Det \u00e4r j\u00e4ttemysigt, sen ocks\u00e5 att den h\u00e4r orkestern brukar vara relativt bra till slut. Eftersom alla har valt att vara med s\u00e5 blir det att alla verkligen anstr\u00e4nger sig.<\/p>\n<p>&nbsp;<\/p>\n<p><a title=\"Elin K\u00f6rnich\" href=\"https:\/\/www.flickr.com\/photos\/kultursidan\/40333903752\/in\/album-72157665949770378\/\" data-flickr-embed=\"true\"><img loading=\"lazy\" decoding=\"async\" src=\"https:\/\/farm5.staticflickr.com\/4661\/40333903752_ed70aa1bb5.jpg\" alt=\"Elin K\u00f6rnich\" width=\"500\" height=\"333\" \/><\/a><br \/>\n<em>Det \u00e4r tredje \u00e5ret Elin K\u00f6rnich \u00e4r med i Sportlovsorkestern.\u00a0<\/em><\/p>\n<p>&nbsp;<\/p>\n<p><strong>F\u00f6r Erik Uusij\u00e4rvi som coachar cellisterna \u00e4r Sportlovsorkestern ett nytt omr\u00e5de och i Symfoniorkestern har han bara jobbat i ett halv\u00e5r.<\/strong> S\u00e5 hur k\u00e4nns det att coacha nya musiker?<br \/>\n\u2013 Jo men det \u00e4r j\u00e4ttekul och k\u00e4nns meningsfullt. Jag har ju sj\u00e4lv varit p\u00e5 ganska mycket olika orkesterl\u00e4ger n\u00e4r jag har pluggat, och haft instrukt\u00f6rer som jag har l\u00e4rt mig saker av. S\u00e5 f\u00e5r man f\u00f6ra det vidare.<\/p>\n<p>Snart f\u00e5 vi h\u00f6ra resultatet av det intensiva repschemat.<\/p>\n<p><em>\u00a9 Text: Anton Augustsson<\/em><br \/>\n<em> \u00a9 Foto: Ann-Charlotte Sandelin<\/em><\/p>\n<p>BILDSPEL \u2013 KLICKA P\u00c5 BILDENS PILAR<\/p>\n<p><a data-flickr-embed='true' href='https:\/\/www.flickr.com\/photos\/kultursidan\/albums\/72157665949770378' title='Sportlovsorkestern F\u00d6RH, SON 2018 by Kultursidan, on Flickr'><img src='https:\/\/live.staticflickr.com\/4697\/26508850718_9d96fc7740_z.jpg' width='800' height='600' alt='Lisa Lindh och Kristina Holm Danielsson'><\/a><script async src='https:\/\/embedr.flickr.com\/assets\/client-code.js' charset='utf-8'><\/script><\/p>\n<blockquote><p><strong>DE GEERHALLEN Norrk\u00f6ping<\/strong><\/p>\n<p><em>21 februari 2018<br \/>\n<\/em><em>20\/2 i Crusellhallen i Link\u00f6ping<br \/>\n<\/em><strong>Sportlovsorkestern<\/strong><br \/>\nDirigent: Simon Phipps<br \/>\nProd: Norrk\u00f6pings symfoniorkester<\/p>\n<p style=\"padding-left: 30px;\">PROGRAM<b><br \/>\n<\/b><b>Nielsen <\/b>Orientalisk festmarsch ur Aladdin<br \/>\n<b>Peter <\/b>Erinnerung an Zirkus Renz f\u00f6r xylofon och slagverk<br \/>\n<b>Rosenberg<\/b> ur Orfeus i sta\u2019n, \u201cDanssvit\u201d 1. Tidens rytm 2. Bartenderns dans 7. Final<br \/>\n<b>Sjostakovitj <\/b>Vals och Finale ur Jazz svit nr 2 (Arr. J Eskola)<br \/>\n<b>Beethoven <\/b>Symfoni nr 5 c-moll, \u201c\u00d6dessymfonin\u201d , 4. Allegro<br \/>\n<b>Bernstein <\/b>ur West Side Story (Arr. J Mason)<\/p>\n<\/blockquote>\n<p>L\u00c4NKAR<br \/>\nNorrk\u00f6pings symfoniorkester <a href=\"http:\/\/www.norrkopingssymfoniorkester.se\" target=\"_blank\" rel=\"noopener\">hemsida<\/a> <a href=\"https:\/\/www.facebook.com\/norrkoping.symphony?fref=ts\" target=\"_blank\" rel=\"noopener\">Facebook<\/a><\/p>\n","protected":false},"excerpt":{"rendered":"<p>NORRK\u00d6PING Under sportlovsveckan bildar musicerande ungdomar fr\u00e5n hela l\u00e4net en egen orkester. V\u00e4gledda av en professionell dirigent och musiker ur symfoniorkestern ska resultatet bli ett upptr\u00e4dande i De Geerhallen i Norrk\u00f6ping. <a class=\"continue-reading-link\" href=\"https:\/\/www.kultursidan.nu\/?p=34898\">L\u00e4s mer <span class=\"meta-nav\">&rarr; <\/span><\/a><\/p>\n","protected":false},"author":1001006,"featured_media":0,"comment_status":"closed","ping_status":"open","sticky":false,"template":"","format":"standard","meta":{"_jetpack_memberships_contains_paid_content":false,"footnotes":""},"categories":[7],"tags":[13],"class_list":["post-34898","post","type-post","status-publish","format-standard","hentry","category-norrkoping","tag-musik"],"jetpack_featured_media_url":"","jetpack_sharing_enabled":true,"_links":{"self":[{"href":"https:\/\/www.kultursidan.nu\/index.php?rest_route=\/wp\/v2\/posts\/34898","targetHints":{"allow":["GET"]}}],"collection":[{"href":"https:\/\/www.kultursidan.nu\/index.php?rest_route=\/wp\/v2\/posts"}],"about":[{"href":"https:\/\/www.kultursidan.nu\/index.php?rest_route=\/wp\/v2\/types\/post"}],"author":[{"embeddable":true,"href":"https:\/\/www.kultursidan.nu\/index.php?rest_route=\/wp\/v2\/users\/1001006"}],"replies":[{"embeddable":true,"href":"https:\/\/www.kultursidan.nu\/index.php?rest_route=%2Fwp%2Fv2%2Fcomments&post=34898"}],"version-history":[{"count":7,"href":"https:\/\/www.kultursidan.nu\/index.php?rest_route=\/wp\/v2\/posts\/34898\/revisions"}],"predecessor-version":[{"id":34910,"href":"https:\/\/www.kultursidan.nu\/index.php?rest_route=\/wp\/v2\/posts\/34898\/revisions\/34910"}],"wp:attachment":[{"href":"https:\/\/www.kultursidan.nu\/index.php?rest_route=%2Fwp%2Fv2%2Fmedia&parent=34898"}],"wp:term":[{"taxonomy":"category","embeddable":true,"href":"https:\/\/www.kultursidan.nu\/index.php?rest_route=%2Fwp%2Fv2%2Fcategories&post=34898"},{"taxonomy":"post_tag","embeddable":true,"href":"https:\/\/www.kultursidan.nu\/index.php?rest_route=%2Fwp%2Fv2%2Ftags&post=34898"}],"curies":[{"name":"wp","href":"https:\/\/api.w.org\/{rel}","templated":true}]}}