{"id":3506,"date":"2011-12-07T17:16:48","date_gmt":"2011-12-07T16:16:48","guid":{"rendered":"https:\/\/intelligent-friend-7861.standoutwp.com\/?p=3506"},"modified":"2014-09-23T20:12:28","modified_gmt":"2014-09-23T19:12:28","slug":"ostgotsk-kvinnlig-grafik-pa-norrkopings-konstmuseum","status":"publish","type":"post","link":"https:\/\/www.kultursidan.nu\/?p=3506","title":{"rendered":"\u00d6stg\u00f6tsk (kvinnlig) grafik p\u00e5 Norrk\u00f6pings konstmuseum"},"content":{"rendered":"<p><iframe loading=\"lazy\" src=\"https:\/\/www.flickr.com\/photos\/kultursidan\/6472080467\/in\/set-72157628320462763\/player\/\" width=\"500\" height=\"333\" frameborder=\"0\" allowfullscreen=\"allowfullscreen\"><\/iframe><br \/>\n<em>Konstintendenten Stefan Hammenbeck talade i tisdags kv\u00e4ll om \u00d6sterg\u00f6tlands kvinnliga konstn\u00e4rer,<br \/>\nfr\u00e4mst deras medverkan i \u00d6stg\u00f6ta Konstf\u00f6renings \u00e5rliga Salonger.<\/em><\/p>\n<p>&nbsp;<\/p>\n<h1><strong><span style=\"color: #ff0000;\">Kvinnorna och realismen \u00e4ntrar konstscenen<\/span><\/strong><br \/>\n<strong>\u00a0<\/strong><\/h1>\n<p><strong>I Norrk\u00f6pings Konstmuseum hittar man dem l\u00e4ngst ner<\/strong>, under den bullrige garconen GAN med sin gudomliga geometri och f\u00f6rbi ett urval verk av framf\u00f6rallt herrar som f\u00e5tt stipendium genom \u00e5ren av den jubilerande \u00d6stg\u00f6ta Konstf\u00f6rening. Bakom dem och i ett litet rum h\u00e4nger aktuella grafiska verk av ett tjugotal kvinnor med anknytning till \u00d6sterg\u00f6tland och f\u00f6reningen.<\/p>\n<p>D\u00e4r ber\u00f6rdes jag; h\u00e4r finns ett personligt tilltal fr\u00e5n livet som vi lever det, ett f\u00f6rs\u00f6k till allvar och uppriktighet. En realism som till exempel p\u00e5minner mig om \u2013 oron och beslutsamheten inf\u00f6r vad morgondagen kr\u00e4ver av oss (Randi Leirnes), den naiva och rena blicken p\u00e5 v\u00e5ra tokiga j\u00e4ttebos\u00e4ttningar i st\u00e4der (Lena Wiklund), v\u00e5rt behov av stillhet och begrundan (Lena M\u00f6ller), vad besk\u00e5dandet av kvinnor \u00e5stadkommer (Pia G\u00f6ransson), att v\u00e5r kultur trots allt \u00e4r en tillf\u00e4llighet (Berit Hammarb\u00e4ck), att jag \u00e4nnu tydligare m\u00e5ste ta mitt ansvar i det kollektiva (Christine Rutgher) och att min existentiella hemvist \u00e4r naturen (Karin Kl\u00f6\u00f6r).<\/p>\n<p><strong>I tisdagskv\u00e4ll ber\u00e4ttade konstchefen vid L\u00e4nsmuseet i Link\u00f6ping, Stefan Hammenbeck ,<\/strong> att \u00d6stg\u00f6ta Konstf\u00f6rening genom sina \u00e5rliga <em>Salonger<\/em> sedan 1922 varit en viktig arena f\u00f6r b\u00e5de unga och kvinnliga konstn\u00e4rer. Asta Holmberg blev den f\u00f6rsta kvinnliga stipendiaten redan 1924, Idun Lov\u00e9n var med i <em>Salongen<\/em> tjugofem g\u00e5nger och p\u00e5 \u00e5rets <em>Salong<\/em> i Link\u00f6ping debuterar \u00e5tta unga kvinnliga konstn\u00e4rer.<\/p>\n<p>Av det tusentalet konstn\u00e4rer som deltagit sedan 1922 \u00e4r endast tv\u00e5hundra kvinnor, men p\u00e5 \u00e5rets Salong \u00e4r tv\u00e5 tredjedelar kvinnor.<\/p>\n<p><strong>Sakerna f\u00f6r\u00e4ndras, t\u00e4nker jag p\u00e5 hemv\u00e4g i decemberm\u00f6rkret<\/strong>. Kan man d\u00e5 s\u00e5 sm\u00e5ningom tack vare de kvinnliga konstn\u00e4rerna r\u00e4kna med en ren\u00e4ssans f\u00f6r realismen och den konstn\u00e4rliga attityd som framtr\u00e4dde under andra h\u00e4lften av 1800- talet \u2013 konstn\u00e4ren som ser livet naket, ger det en personlig, sagolik gestalt som f\u00e5r oss att reflektera \u00f6ver detsamma. Jag t\u00e4nker ibland p\u00e5 Carl Fredrik Hill; hjulsp\u00e5ren i hans landskapsm\u00e5leri under 1870- talet, s\u00e5 enkelt och s\u00e5 rikt p\u00e5 m\u00e4nsklig erfarenhet.<\/p>\n<p>En ren\u00e4ssans f\u00f6r en s\u00e5dan konstn\u00e4rlig h\u00e5llning skulle inte ha ett dugg med Nerdrumskolans metafysiska figurationer att g\u00f6ra. De senare attraherar tyv\u00e4rr m\u00e5nga konstf\u00f6reningar idag som en slag protest mot vad man upplever som senmodernismens tomhet.<\/p>\n<p><strong>Realismen, som v\u00e4l borde ses som det egentliga modernistiska genombrottet, fick tyv\u00e4rr inte n\u00e5gon forts\u00e4ttning och f\u00f6rdjupning under 1900-talet.<\/strong> Vad h\u00e4nde \u00e5ren kring f\u00f6rra sekelskiftet? Kris; kamerabilden?, konsthandeln med krav p\u00e5 ytliga nyheter?, Freud???.<\/p>\n<p>Bildkonsten f\u00f6rlorade sitt publika beroende och den starka surrealistiska r\u00f6relsen kom att genomsyra hela 1900-talets bildkonst, det som kallas modernismen; fragmentisering, automatism, spontanism som metod. En allm\u00e4n p\u00e5hittighet kom att pr\u00e4gla konstn\u00e4rerna i deras skapande, p\u00e5hittet kommer f\u00f6rst och sedan ges det en mening. Resultatet? Idag k\u00e4nner konstn\u00e4rer av tv\u00e5 pl\u00e5gsamheter; att vilja veta vad man ska g\u00f6ra och vilja kunna g\u00f6ra det .<\/p>\n<p>Vi f\u00e5r se.<\/p>\n<p><em>Text: Olov Rasch<br \/>\nFoto: Olov Rasch och Ann-Charlotte Sandelin<br \/>\n<\/em><\/p>\n<p>&nbsp;<\/p>\n<ul>\n<li>\n<h3>KONSTMUSEET Norrk\u00f6ping<\/h3>\n<\/li>\n<li><em>8 oktober 2011\u2013 5 februari 2012<br \/>\n<\/em><strong>\u00d6stg\u00f6tsk grafik<\/strong><\/li>\n<li><em>8 oktober 2011 \u2013 5 februari 2012<br \/>\n<\/em><strong>\u00d6stg\u00f6ta Konstf\u00f6rening firar 90 \u00e5r<\/strong><\/p>\n<ul>\n<li>PROGRAM<br \/>\n<em>Tisdag 6 december 2011 kl 18<br \/>\n<\/em><strong>F\u00f6r konsten i tiden<\/strong><br \/>\nStefan Hammenbeck<\/li>\n<\/ul>\n<\/li>\n<\/ul>\n<p>&nbsp;<\/p>\n<p>L\u00c4NKAR<br \/>\nNorrk\u00f6pings konstmuseum <a title=\"Konstmuseet\" href=\"http:\/\/www.norrkoping.se\/kultur-fritid\/museer\/konstmuseum\/\" target=\"_blank\">hemsida <\/a><br \/>\n\u00d6stg\u00f6ta konstf\u00f6rening 90 \u00e5r <a title=\"\u00d6stg\u00f6ta Konstf\u00f6rening firar 90\" href=\"https:\/\/www.kultursidan.nu\/?p=2385\" target=\"_blank\">firar med ny bok<\/a>\u00a0 och <a title=\"F\u00f6redrag om 90-\u00e5rig konstv\u00e4n\" href=\"https:\/\/www.kultursidan.nu\/?p=3426\" target=\"_blank\">program<\/a> (torsdag 8\/12)<\/p>\n<p>BILDSPEL (FLASH) \u2013 KLICKA P\u00c5 BILDEN <em>ALT\/MOBIL: SE BILDSPELET <a title=\"Bildspel\" href=\"https:\/\/www.flickr.com\/photos\/kultursidan\/sets\/72157628320462763\/show\/\" target=\"_blank\">H\u00c4R<\/a><\/em><br \/>\n<object width=\"400\" height=\"300\"><param name=\"flashvars\" value=\"offsite=true&amp;lang=en-us&amp;page_show_url=%2Fphotos%2Fkultursidan%2Fsets%2F72157628320462763%2Fshow%2F&amp;page_show_back_url=%2Fphotos%2Fkultursidan%2Fsets%2F72157628320462763%2F&amp;set_id=72157628320462763&amp;jump_to=\" \/><param name=\"movie\" value=\"https:\/\/www.flickr.com\/apps\/slideshow\/show.swf?v=1811922554\" \/><param name=\"allowFullScreen\" value=\"true\" \/><\/object><\/p>\n","protected":false},"excerpt":{"rendered":"<p>NORRK\u00d6PING Kvinnorna \u00e4ntrar konstscenen, realismen p\u00e5 v\u00e4g tillbaka. Kultursidans Olov Rasch ser och reflekterar kvinnlig \u00f6stg\u00f6tsk grafik.<br \/>\n <a class=\"continue-reading-link\" href=\"https:\/\/www.kultursidan.nu\/?p=3506\">L\u00e4s mer <span class=\"meta-nav\">&rarr; <\/span><\/a><\/p>\n","protected":false},"author":1001006,"featured_media":0,"comment_status":"closed","ping_status":"closed","sticky":false,"template":"","format":"standard","meta":{"_jetpack_memberships_contains_paid_content":false,"footnotes":""},"categories":[7],"tags":[14],"class_list":["post-3506","post","type-post","status-publish","format-standard","hentry","category-norrkoping","tag-konst"],"jetpack_featured_media_url":"","jetpack_sharing_enabled":true,"_links":{"self":[{"href":"https:\/\/www.kultursidan.nu\/index.php?rest_route=\/wp\/v2\/posts\/3506","targetHints":{"allow":["GET"]}}],"collection":[{"href":"https:\/\/www.kultursidan.nu\/index.php?rest_route=\/wp\/v2\/posts"}],"about":[{"href":"https:\/\/www.kultursidan.nu\/index.php?rest_route=\/wp\/v2\/types\/post"}],"author":[{"embeddable":true,"href":"https:\/\/www.kultursidan.nu\/index.php?rest_route=\/wp\/v2\/users\/1001006"}],"replies":[{"embeddable":true,"href":"https:\/\/www.kultursidan.nu\/index.php?rest_route=%2Fwp%2Fv2%2Fcomments&post=3506"}],"version-history":[{"count":0,"href":"https:\/\/www.kultursidan.nu\/index.php?rest_route=\/wp\/v2\/posts\/3506\/revisions"}],"wp:attachment":[{"href":"https:\/\/www.kultursidan.nu\/index.php?rest_route=%2Fwp%2Fv2%2Fmedia&parent=3506"}],"wp:term":[{"taxonomy":"category","embeddable":true,"href":"https:\/\/www.kultursidan.nu\/index.php?rest_route=%2Fwp%2Fv2%2Fcategories&post=3506"},{"taxonomy":"post_tag","embeddable":true,"href":"https:\/\/www.kultursidan.nu\/index.php?rest_route=%2Fwp%2Fv2%2Ftags&post=3506"}],"curies":[{"name":"wp","href":"https:\/\/api.w.org\/{rel}","templated":true}]}}