{"id":35072,"date":"2018-03-01T18:13:28","date_gmt":"2018-03-01T17:13:28","guid":{"rendered":"https:\/\/intelligent-friend-7861.standoutwp.com\/?p=35072"},"modified":"2018-03-01T18:13:28","modified_gmt":"2018-03-01T17:13:28","slug":"trombonsillo-inledde-i-immanuel","status":"publish","type":"post","link":"https:\/\/www.kultursidan.nu\/?p=35072","title":{"rendered":"Trombonsillo! inledde i Immanuel"},"content":{"rendered":"<p><img loading=\"lazy\" decoding=\"async\" class=\"alignnone size-medium wp-image-35073\" src=\"https:\/\/www.kultursidan.nu\/wp-content\/uploads\/2018\/03\/DSCF8313-567x378.jpg\" alt=\"\" width=\"567\" height=\"378\" srcset=\"https:\/\/www.kultursidan.nu\/wp-content\/uploads\/2018\/03\/DSCF8313-567x378.jpg 567w, https:\/\/www.kultursidan.nu\/wp-content\/uploads\/2018\/03\/DSCF8313-768x512.jpg 768w, https:\/\/www.kultursidan.nu\/wp-content\/uploads\/2018\/03\/DSCF8313-1024x682.jpg 1024w, https:\/\/www.kultursidan.nu\/wp-content\/uploads\/2018\/03\/DSCF8313-150x100.jpg 150w, https:\/\/www.kultursidan.nu\/wp-content\/uploads\/2018\/03\/DSCF8313-500x333.jpg 500w, https:\/\/www.kultursidan.nu\/wp-content\/uploads\/2018\/03\/DSCF8313.jpg 1280w\" sizes=\"auto, (max-width: 567px) 100vw, 567px\" \/><br \/>\n<em>Klockstycke. H\u00e5kan Bj\u00f6rkman, till vardags st\u00e4mledare i Sveriges radios symfoniorkester, inledde \u00e5rets kammarmusikserie i Immanuelskyrkan med sin gyllenmjuka trombon.<\/em><\/p>\n<p>&nbsp;<\/p>\n<h1><span style=\"color: #ff0000;\">H\u00e4rliga musikaliska upplevelser<\/span><\/h1>\n<p>&nbsp;<\/p>\n<p>RECENSION\/ NORRK\u00d6PING <strong>Trombon och piano.<\/strong> Den inte helt vanliga kombinationen inledde v\u00e5rens kammarmusikserie i Immanuelskyrkan. Mats Jansson bj\u00f6d in H\u00e5kan Bj\u00f6rkman, st\u00e4mledare i SR:s symfoniorkester.<\/p>\n<p><strong>2018 \u00e5r kammarmusikserie i Immanuelskyrkan inleddes den 26 februari med en (f\u00f6r mig) ovanlig bes\u00e4ttning: trombon och piano. <\/strong>H\u00e5kan Bj\u00f6rkman, till vardags st\u00e4mledare i Sveriges radios symfoniorkester inledde tillsammans med Mats Jansson med <em>Mariettas s\u00e5ng<\/em> ur Korngolds <em>Die tote Stadt<\/em>.<\/p>\n<p>Det \u00e4r en av de vackraste scenerna ur operan och jag undrade f\u00f6rst hur den skulle kunna spelas av en trombon. Men den f\u00f6rsatte mig med sin mjuka och fylliga ton genast i den melankoliska st\u00e4mning som \u00e4r hela operans Trombonen kunde verkligen gestalta sorg och l\u00e4ngtan. Korngold fick ocks\u00e5 avsluta hela konserten men med en n\u00e5got mindre sorglig ton.<\/p>\n<p>&nbsp;<\/p>\n<p><a title=\"H\u00e5kan Bj\u00f6rkman\" href=\"https:\/\/www.flickr.com\/photos\/kultursidan\/40558003141\/in\/album-72157664234691357\/\"><img loading=\"lazy\" decoding=\"async\" src=\"https:\/\/farm5.staticflickr.com\/4670\/40558003141_7cc61346d8.jpg\" alt=\"H\u00e5kan Bj\u00f6rkman\" width=\"333\" height=\"500\" \/><\/a><br \/>\n<em>Immanuelskyrkan \u00e4r en bra konsertlokal f\u00f6r kammarmusik.<\/em><\/p>\n<p>&nbsp;<\/p>\n<p><strong>Konserten omfattade 200 \u00e5r fr\u00e5n Mozart till en ung columbiansk pianist och komposit\u00f6r, Carolina Calvache, som skrivit direkt f\u00f6r trombonen.<\/strong> Stycket <em>Trombonsillo<\/em> k\u00e4ndes influerat av Piazolla men ocks\u00e5 av jazzen, d\u00e4r ju trombonen har stor betydelse. Calvache \u00e4r jazzpianist.<\/p>\n<p>En annan f\u00f6r mig ok\u00e4nd tons\u00e4ttare, ung som Calvache, men f\u00f6dd i Norden. Han kontrasterade med <em>Borealis<\/em>, ett lite kallt och stormigt stycke, d\u00e4r man k\u00e4nde stormen rasa \u00f6ver sn\u00f6vidderna innan den lugnade ner sig. S\u00f6ren Hyldgaard heter den idag den i Danmark verksamme komponisten, som likt Korngold skriver mycket filmmusik.<\/p>\n<p><strong>Efter paus \u00e5kte vi tillbaka i tiden till Mozarts 1700-tal.<\/strong> Den enkla melodin <em>Blinka lilla stj\u00e4rna<\/em> d\u00e4r fick vi i svindlande snabba variationer \u2013 ett samtal mellan Mats Janssons piano och Bj\u00f6rkmans trombon, som fick mig att hisna.<\/p>\n<p>Mozart m\u00e5ste ha varit p\u00e5 sitt b\u00e4sta hum\u00f6r n\u00e4r han skrev detta stycke liksom Christian Lindberg n\u00e4r han arrangerade fyra f\u00f6delsedagss\u00e5nger skrivna f\u00f6r piano av Leonard Bernstein och lade till trombonen. Bernsteins <em>Elegi f\u00f6r Mippy<\/em>, en hund, var ett underbart stycke med st\u00e4mningar av gl\u00e4dje tillsammans med en valp, allvarliga promenader och samtal med en vuxen hund och av sorg, n\u00e4r hunden \u00e4r borta.<\/p>\n<p>&nbsp;<\/p>\n<p><a title=\"H\u00e5kan Bj\u00f6rkman och Mats Jansson\" href=\"https:\/\/www.flickr.com\/photos\/kultursidan\/40515523112\/in\/album-72157664234691357\/\"><img loading=\"lazy\" decoding=\"async\" src=\"https:\/\/farm5.staticflickr.com\/4713\/40515523112_2b0c6d115a.jpg\" alt=\"H\u00e5kan Bj\u00f6rkman och Mats Jansson\" width=\"500\" height=\"333\" \/><\/a><br \/>\n<em> L\u00e5nga toner. Den samspelta duon gav sig p\u00e5 stycken skrivna f\u00f6r s\u00e5v\u00e4l trombon som f\u00f6r andra instrument. Kammarmusik \u00e4r sp\u00e4nnande musik.<\/em><\/p>\n<p>&nbsp;<\/p>\n<p><strong>S\u00e5 hoppade spelm\u00e4nnen 200 \u00e5r bak\u00e5t i tiden och spelade <em>Fantasistycken<\/em> av Robert Schumann.<\/strong> De \u00e4r fr\u00e5n b\u00f6rjan skrivna f\u00f6r klarinett och piano, alternativt f\u00f6r fiol och cello. Men passade bra f\u00f6r trombon, som Bj\u00f6rkman f\u00f6rklarade finns b\u00e5de som \u201daltfiol\u201d, den mindre och ljusare och som \u201ccello\u201d, den st\u00f6rre med m\u00f6rkare ton.<\/p>\n<p><strong>Som vanligt var det en mycket samspelt duo med Mats Jansson vid pianot som drivande och f\u00f6ljsam p\u00e5 samma g\u00e5ng.<\/strong> Dessutom \u00e4r hans introduktioner s\u00e5 inneh\u00e5llsrika, intressanta och roliga. Man l\u00e4r sig mycket och f\u00e5r h\u00e4rliga musikaliska upplevelser.<\/p>\n<p><em>\u00a9 Text: Anna-Lena H\u00f6glund<\/em><br \/>\n<em>\u00a9 Foto: Ann-Charlotte Sandelin<\/em><\/p>\n<p>BILDSPEL \u2013 KLICKA P\u00c5 BILDENS PILAR<\/p>\n<p><a data-flickr-embed='true' href='https:\/\/www.flickr.com\/photos\/kultursidan\/albums\/72157664234691357' title='H\u00e5kan Bj\u00f6rkman och Mats Jansson, Immanuelskyrkan 2018 by Kultursidan, on Flickr'><img src='https:\/\/live.staticflickr.com\/4666\/40558003641_8949e10554_z.jpg' width='800' height='600' alt='H\u00e5kan Bj\u00f6rkman och Mats Jansson'><\/a><script async src='https:\/\/embedr.flickr.com\/assets\/client-code.js' charset='utf-8'><\/script><\/p>\n<blockquote>\n<h4>IMMANUELSKYRKAN Norrk\u00f6ping<\/h4>\n<p>M\u00e5ndagar, vintern\/v\u00e5ren 2018 kl 19<br \/>\n<strong>Kammarmusik i Immanuel<\/strong><br \/>\nSamarr: Par i Piano och Musik i Immanuel<\/p>\n<p><em>26 februari<\/em><br \/>\n<strong>Trombonsillo!<\/strong><br \/>\nH\u00e5kan Bj\u00f6rkman, trombon<br \/>\nMats Jansson, piano<\/p>\n<p style=\"padding-left: 30px;\"><em>12 mars<\/em><br \/>\n<strong>I det nordiska ljuset<\/strong><br \/>\nGitta-Maria Sj\u00f6berg, sopran<br \/>\nMats Jansson, piano<\/p>\n<p style=\"padding-left: 30px;\"><em>16 april<\/em><br \/>\n<strong>Brahms och cellon<\/strong><br \/>\nErik Wahlgren, cello<br \/>\nMats Jansson, piano<\/p>\n<p style=\"padding-left: 30px;\"><em>14 maj<\/em><br \/>\n<strong>Storslagna sonater i A-dur<\/strong><br \/>\nNils-Erik Sparf, violin<br \/>\nMats Jansson, piano<\/p>\n<\/blockquote>\n<p>L\u00c4NKAR<br \/>\nPar i Piano <a href=\"https:\/\/www.facebook.com\/paripiano\/\" target=\"_blank\" rel=\"noopener\">Facebook<\/a> <a href=\"https:\/\/www.facebook.com\/events\/260389714482635\" target=\"_blank\" rel=\"noopener\"><br \/>\n<\/a>Immanuelskyrkan <a href=\"http:\/\/www.immanuelnorrkoping.se\" target=\"_blank\" rel=\"noopener\">hemsida<\/a><\/p>\n","protected":false},"excerpt":{"rendered":"<p>RECENSION\/ NORRK\u00d6PING Trombon och piano. Den inte helt vanliga kombinationen inledde v\u00e5rens kammarmusikserie i Immanuelskyrkan. Mats Jansson bj\u00f6d in H\u00e5kan Bj\u00f6rkman, st\u00e4mledare i SR:s symfoniorkester. <a class=\"continue-reading-link\" href=\"https:\/\/www.kultursidan.nu\/?p=35072\">L\u00e4s mer <span class=\"meta-nav\">&rarr; <\/span><\/a><\/p>\n","protected":false},"author":1001006,"featured_media":0,"comment_status":"closed","ping_status":"open","sticky":false,"template":"","format":"standard","meta":{"_jetpack_memberships_contains_paid_content":false,"footnotes":""},"categories":[7],"tags":[13],"class_list":["post-35072","post","type-post","status-publish","format-standard","hentry","category-norrkoping","tag-musik"],"jetpack_featured_media_url":"","jetpack_sharing_enabled":true,"_links":{"self":[{"href":"https:\/\/www.kultursidan.nu\/index.php?rest_route=\/wp\/v2\/posts\/35072","targetHints":{"allow":["GET"]}}],"collection":[{"href":"https:\/\/www.kultursidan.nu\/index.php?rest_route=\/wp\/v2\/posts"}],"about":[{"href":"https:\/\/www.kultursidan.nu\/index.php?rest_route=\/wp\/v2\/types\/post"}],"author":[{"embeddable":true,"href":"https:\/\/www.kultursidan.nu\/index.php?rest_route=\/wp\/v2\/users\/1001006"}],"replies":[{"embeddable":true,"href":"https:\/\/www.kultursidan.nu\/index.php?rest_route=%2Fwp%2Fv2%2Fcomments&post=35072"}],"version-history":[{"count":4,"href":"https:\/\/www.kultursidan.nu\/index.php?rest_route=\/wp\/v2\/posts\/35072\/revisions"}],"predecessor-version":[{"id":35077,"href":"https:\/\/www.kultursidan.nu\/index.php?rest_route=\/wp\/v2\/posts\/35072\/revisions\/35077"}],"wp:attachment":[{"href":"https:\/\/www.kultursidan.nu\/index.php?rest_route=%2Fwp%2Fv2%2Fmedia&parent=35072"}],"wp:term":[{"taxonomy":"category","embeddable":true,"href":"https:\/\/www.kultursidan.nu\/index.php?rest_route=%2Fwp%2Fv2%2Fcategories&post=35072"},{"taxonomy":"post_tag","embeddable":true,"href":"https:\/\/www.kultursidan.nu\/index.php?rest_route=%2Fwp%2Fv2%2Ftags&post=35072"}],"curies":[{"name":"wp","href":"https:\/\/api.w.org\/{rel}","templated":true}]}}