{"id":35135,"date":"2018-03-03T18:15:38","date_gmt":"2018-03-03T17:15:38","guid":{"rendered":"https:\/\/intelligent-friend-7861.standoutwp.com\/?p=35135"},"modified":"2018-03-03T18:15:38","modified_gmt":"2018-03-03T17:15:38","slug":"christer-paleologos-pa-galleri-kronan","status":"publish","type":"post","link":"https:\/\/www.kultursidan.nu\/?p=35135","title":{"rendered":"Christer Paleologos p\u00e5 Galleri Kronan"},"content":{"rendered":"<p><img loading=\"lazy\" decoding=\"async\" class=\"alignnone size-medium wp-image-35136\" src=\"https:\/\/www.kultursidan.nu\/wp-content\/uploads\/2018\/03\/DSC_9812-567x376.jpg\" alt=\"\" width=\"567\" height=\"376\" srcset=\"https:\/\/www.kultursidan.nu\/wp-content\/uploads\/2018\/03\/DSC_9812-567x376.jpg 567w, https:\/\/www.kultursidan.nu\/wp-content\/uploads\/2018\/03\/DSC_9812-768x509.jpg 768w, https:\/\/www.kultursidan.nu\/wp-content\/uploads\/2018\/03\/DSC_9812-1024x678.jpg 1024w, https:\/\/www.kultursidan.nu\/wp-content\/uploads\/2018\/03\/DSC_9812-150x99.jpg 150w, https:\/\/www.kultursidan.nu\/wp-content\/uploads\/2018\/03\/DSC_9812-503x333.jpg 503w, https:\/\/www.kultursidan.nu\/wp-content\/uploads\/2018\/03\/DSC_9812.jpg 1280w\" sizes=\"auto, (max-width: 567px) 100vw, 567px\" \/><br \/>\n<em>Aningar. Himlar, landskap och en oljebl\u00e4nkande vattenp\u00f6l. Christer Paleologos h\u00e5ller sig till ett \u00e5terh\u00e5llsamt f\u00e4rgspel i sin utst\u00e4llning p\u00e5 Galleri Kronan. H\u00e4r redovisar han ett mycket pr\u00f6vande f\u00f6rh\u00e5llningss\u00e4tt till sitt m\u00e5leri.<\/em><\/p>\n<p>&nbsp;<\/p>\n<h1><span style=\"color: #ff0000;\">&#8221;Jag vill vara fri att s\u00e4tta dit f\u00e4rgen&#8221;<\/span><\/h1>\n<p>&nbsp;<\/p>\n<p>NORRK\u00d6PING <strong>Omstart. Christer Paleologos \u00e4r portr\u00e4ttm\u00e5laren som klev av.<\/strong> Nu har han klivit p\u00e5 igen, med ett nytt s\u00e4tt att se p\u00e5 motivet. Utst\u00e4llningen p\u00e5 Galleri Kronan \u00e4r en rapport fr\u00e5n mellanrummet, en plats f\u00f6r att tr\u00e4na \u00f6ga-pensel-hand.<\/p>\n<p><strong>Christer Paleologos \u00e4r f\u00f6dd och uppvuxen i Norrk\u00f6ping, bosatt i Stockholm.<\/strong> Konstn\u00e4rsbanan inleddes i \u00d6stg\u00f6tateaterns verkst\u00e4der under tidigt 1990-tal. I b\u00f6rjan av 2000-talet utbildade han sig vidare, p\u00e5 m\u00e5larskola och d\u00e4refter Kungliga Konsth\u00f6gskolan d\u00e4r han tog sin master 2007.<\/p>\n<p>Genom \u00e5ren har han d\u00e5 och d\u00e5 st\u00e4llt ut i Norrk\u00f6ping, senast p\u00e5 Galleri Dag Andersson 2011, d\u00e4r han och andra medkonstn\u00e4rer l\u00e4t sig inspireras av en barntecknings m\u00f6nster.<\/p>\n<p><strong><em>F\u00e4rg utan form Form utan inneh\u00e5ll Tomma gester<\/em> \u00e4r den l\u00e5nga utst\u00e4llningstiteln.<\/strong> Med andra ord startar Christer Paleologos m\u00e5leri p\u00e5 det nakna golvet.<\/p>\n<p>\u2013 Jag har velat komma bort fr\u00e5n resultatt\u00e4nkandet. I st\u00e4llet \u00e4r det g\u00f6randet som \u00e4r det viktiga, f\u00f6rklarar Christer Paleologos som best\u00e4mde sig f\u00f6r att g\u00f6ra det s\u00e5 enkelt som m\u00f6jligt. Jag har inte t\u00e4nkt p\u00e5 storlekar, k\u00f6pt f\u00e4rdigm\u00e5lade pann\u00e5er och dukar.<\/p>\n<p>Att fylla tre rum \u00e4r en utmaning, \u00e4ven f\u00f6r den som inte vill l\u00e5ta sig utmanas, inte vill t\u00e4vla. F\u00e4rgerna har i m\u00e5ngt och mycket f\u00e5tt styra. I de mindre rummen \u00e4r verken mindre. I st\u00f6rsta rummet h\u00e4nger stora dukar med anslag av rymd.<\/p>\n<p>&nbsp;<\/p>\n<p><a title=\"Christer Paleologos \u2013 Utsikt\" href=\"https:\/\/www.flickr.com\/photos\/kultursidan\/25724446767\/in\/album-72157692328552951\/\"><img loading=\"lazy\" decoding=\"async\" src=\"https:\/\/farm5.staticflickr.com\/4797\/25724446767_4832649c7f.jpg\" alt=\"Christer Paleologos \u2013 Utsikt\" width=\"500\" height=\"363\" \/><\/a><br \/>\n<em>Utsikt. M\u00e5lningen har en rollad ytstryktur i sitt enda lager. Detaljbild finns i bildpaketet nedan.<\/em><\/p>\n<p>&nbsp;<\/p>\n<p><strong>En n\u00e4ra granskning visar hur penseltekniken skiftar i de svagt nyanserade f\u00e4rgskiftningarna.<\/strong> <em>Utsikt<\/em> \u00e4r rollad, vilket ger ett minimalistiskt skuggspel, andra ytor g\u00e5r mellan kraftigt pastost i\u00a0<em>Vattenp\u00f6l<\/em> till s\u00e5 sl\u00e4tt att handens arbete n\u00e4stan inte m\u00e4rks i <em>F\u00e4rgstruktur<\/em>.<\/p>\n<p>Flera m\u00e5lningar visar prov p\u00e5 testade penseldrag, korta, ganska korta, l\u00e4ngre. Ett m\u00e5leriets grundforskning. Konstn\u00e4ren h\u00e5ller sig till ett lager f\u00e4rg, ett spel mellan den platta ytan och f\u00e4rgen.<\/p>\n<p><strong>I entr\u00e9rummet h\u00e4nger ocks\u00e5 <em>49 days, <\/em>en komposition av akvareller i A4-format, ett gr\u00e5bl\u00e5tt skimmer.<\/strong> Det kr\u00e4vs ett avst\u00e5nd f\u00f6r att uppfatta motivet \u2013 v\u00e5gbl\u00e4nk.<\/p>\n<p>\u2013 F\u00f6rlagan \u00e4r ett foto som jag m\u00e5lat av bit f\u00f6r bit.<\/p>\n<p><strong>D\u00e4r finns en gr\u00e5beigemelerad monokrom m\u00e5lning, men s\u00e5 enkelt som att g\u00f6ra en \u201dMalevitj\u201d \u2013 monokromernas m\u00e4stare \u2013 \u00e4r det inte.<\/strong> F\u00f6r d\u00e4r finns flera avm\u00e5lningar av b\u00e5de den m\u00e5lningen och en snarlik.<\/p>\n<p>Strax utanf\u00f6r rummet h\u00e4nger en liten avbildning, en av tv\u00e5 favoriter som h\u00e4nger tillsammans, den nedre en ortografiskt (platt, utan djup och centralperspektiv) m\u00e5lad tv\u00e4ttsvamp.<\/p>\n<p>&nbsp;<\/p>\n<p><a title=\"Christer Paleologos\" href=\"https:\/\/www.flickr.com\/photos\/kultursidan\/39884325734\/in\/album-72157692328552951\/\"><img loading=\"lazy\" decoding=\"async\" src=\"https:\/\/farm5.staticflickr.com\/4669\/39884325734_092c0a3aa3.jpg\" alt=\"Christer Paleologos\" width=\"500\" height=\"331\" \/><\/a><br \/>\n<em> I v\u00e4ntan p\u00e5 h\u00e4ngning. Palett, H\u00f6stl\u00f6v, Converse och Pall. Allt kan m\u00e5las av, och m\u00e5las p\u00e5. I utst\u00e4llningen h\u00e4nger en plastkasse, P\u00e5se, med f\u00e4rg p\u00e5.<\/em><\/p>\n<p>&nbsp;<\/p>\n<p><strong>\u2013 De d\u00e4r \u00e4r f\u00f6r f\u00e4rgglada f\u00f6r att vara jag egentligen, kommenterar Christer Paleologos en serie sm\u00e5 m\u00e5lningar som fortfarande st\u00e5r p\u00e5 golvet n\u00e4r vi tr\u00e4ffas. <\/strong>Det \u00e4r avm\u00e5lningar av lite av varje som ska upp p\u00e5 v\u00e4ggen i den lilla hallen. Ett par sneakers, h\u00f6stl\u00f6v, en pall. En palett med lysande f\u00e4rger \u00e4r uppenbarligen inte hans men s\u00e5 delar han atelj\u00e9 med n\u00e5gra andra konstn\u00e4rer.<\/p>\n<p>\u2013 Jag vill \u00f6va och hitta ett l\u00e4ttsamt arbetss\u00e4tt i atelj\u00e9n. Sm\u00e5 betraktelser.<\/p>\n<p><strong>I lilla rummet ut mot gatan \u00e4r fler sm\u00e5 stilleben.<\/strong> Jag hittar maskeringstejp som n\u00e4stan lyfts upp fr\u00e5n pann\u00e5ytan.<\/p>\n<p>Avm\u00e5lningarna kanske \u00e4r det tydligaste tecknet p\u00e5 omstarten. Att tr\u00e4na \u00f6gat-penseln-handen, att m\u00e5la utan att t\u00e4nka. Instinktivt.<\/p>\n<p>\u2013 Jag vill vara lika fri att s\u00e4tta dit f\u00e4rgen som att skissa med blyerts.<\/p>\n<p>&nbsp;<\/p>\n<p><a title=\"Christer Paleologos\" href=\"https:\/\/www.flickr.com\/photos\/kultursidan\/39699944495\/in\/album-72157692328552951\/\"><img loading=\"lazy\" decoding=\"async\" src=\"https:\/\/farm5.staticflickr.com\/4669\/39699944495_9a66d6999b.jpg\" alt=\"Christer Paleologos\" width=\"500\" height=\"317\" \/><\/a><br \/>\n<em>Rullar, Hush\u00e5llspapper, Kontakt. Till Hush\u00e5llpapper finns en detaljbild i bildpaketet nedan som visar korta, kraftfulla penseldrag.<\/em><\/p>\n<p>&nbsp;<\/p>\n<p><strong>Himmelsrymder, regnb\u00e5gsaning och en hush\u00e5llspappersrulle.<\/strong> Sj\u00e4lvklart m\u00e5lningar i egen r\u00e4tt. Men m\u00e5leriet har en riktning \u2013 tillbaka till portr\u00e4ttm\u00e5leriet han \u00e4gnade sig \u00e5t under en l\u00e5ng period men p\u00e5 en helt annan niv\u00e5. Att m\u00e5la portr\u00e4tt efter fotof\u00f6rlaga \u00e4r det definitivt slut med.<\/p>\n<p>\u2013 Jag g\u00e5r som katten kring het gr\u00f6t, s\u00e4ger Christer Paleologos och bl\u00e4ddrar fram ett dubbelportr\u00e4tt i mobilen. Hon med en \u00f6ppen bok i kn\u00e4t, han med armen vilande mot en st\u00e4ngd bok.<\/p>\n<p>\u2013 De kom en tisdagkv\u00e4ll i veckan i ett halv\u00e5r. Ibland hon, ibland han, ibland b\u00e5da.<\/p>\n<p><strong>Ett portr\u00e4tt finns med p\u00e5 utst\u00e4llningen, ett sj\u00e4lvportr\u00e4tt.<\/strong> En impuls efter att ha k\u00f6pt en spegel f\u00f6r 20 kronor p\u00e5 en loppis.<\/p>\n<p>\u2013 N\u00e5n g\u00e5ng kanske jag samlar ihop till en portr\u00e4ttutst\u00e4llning.<\/p>\n<p><em>\u00a9 Text: Ann-Charlotte Sandelin<br \/>\n\u00a9 Foto: Nils-G\u00f6ran Tillgren<\/em><\/p>\n<p>BILDSPEL \u2013 KLICKA P\u00c5 BILDENS PILAR<\/p>\n<p><a data-flickr-embed='true' href='https:\/\/www.flickr.com\/photos\/kultursidan\/albums\/72157692328552951' title='Christer Paleologos, Galleri Kronan 2018 by Kultursidan, on Flickr'><img src='https:\/\/live.staticflickr.com\/4707\/26723341338_c9372f1f3d_z.jpg' width='800' height='600' alt='Christer Paleologos \u2013 49 days'><\/a><script async src='https:\/\/embedr.flickr.com\/assets\/client-code.js' charset='utf-8'><\/script><\/p>\n<blockquote>\n<h4>GALLERI KRONAN Norrk\u00f6ping<\/h4>\n<p>Vinter\u2013v\u00e5r 2018<br \/>\n<strong>Utst\u00e4llningar<\/strong><\/p>\n<p style=\"padding-left: 30px;\"><em>13\u201328 januari<\/em><br \/>\n<strong>Erika Pardo Skoug<\/strong><br \/>\n<strong>Kurbits<\/strong><br \/>\nM\u00e5leri och tryck<\/p>\n<p style=\"padding-left: 30px;\">3\u201318 februari 2018<br \/>\n<strong>Catharina J. Ek<\/strong><br \/>\nM\u00e5leri<br \/>\n<strong>Sonny L\u00f6fvall<\/strong><br \/>\nM\u00e5leri<\/p>\n<p>24 februari \u2013 11 mars<br \/>\n<strong>Christer Paleologos<\/strong><br \/>\nF\u00e4rg utan form Form utan inneh\u00e5ll Tomma gester<br \/>\nM\u00e5leri<\/p>\n<p style=\"padding-left: 30px;\">17 mars \u2013 8 april<br \/>\n<strong>Konst eller Klocka 9.0<\/strong><br \/>\nUtst\u00e4llning f\u00f6r \u00e5rets S:t Olofsmedalj\u00f6rer<\/p>\n<p style=\"padding-left: 30px;\">14\u201329 april<br \/>\n<strong>David Myrvold<\/strong><br \/>\nObservationer i\/av naturen<br \/>\nM\u00e5leri<\/p>\n<p style=\"padding-left: 30px;\">5\u201320 maj<br \/>\n<strong>Sara Lundberg<\/strong><br \/>\nF\u00e5geln i mig flyger vart den vill<br \/>\nBlandteknik och tryck<\/p>\n<\/blockquote>\n<p>L\u00c4NKAR<br \/>\nChrister Paleologos <a href=\"https:\/\/www.instagram.com\/christerpaleologos\/\" target=\"_blank\" rel=\"noopener\">Instagram<\/a>\u00a0 <a href=\"http:\/\/www.wipsthlm.se\/konstnarer\/krister-paleologos\" target=\"_blank\" rel=\"noopener\">portr\u00e4tt<\/a><br \/>\nGalleri Kronan <a href=\"http:\/\/www.gallerikronan.se\" target=\"_blank\" rel=\"noopener\">hemsida<\/a> <a href=\"https:\/\/www.facebook.com\/Galleri-Kronan-222739187788587\/?fref=ts\" target=\"_blank\" rel=\"noopener\">Facebook<br \/>\n<\/a>Medel\u00e5lder 22,9 p\u00e5 Galleri Dag Andersson <a href=\"https:\/\/www.kultursidan.nu\/?p=1155\" target=\"_blank\" rel=\"noopener\">reportage<\/a> Kultursidan.nu 5\/3 2011<\/p>\n","protected":false},"excerpt":{"rendered":"<p>NORRK\u00d6PING Omstart. Christer Paleologos \u00e4r portr\u00e4ttm\u00e5laren som klev av. Nu har han klivit p\u00e5 igen, med ett nytt s\u00e4tt att se p\u00e5 motivet. Utst\u00e4llningen p\u00e5 Galleri Kronan \u00e4r en rapport fr\u00e5n mellanrummet, en plats f\u00f6r att tr\u00e4na \u00f6ga-pensel-hand. <a class=\"continue-reading-link\" href=\"https:\/\/www.kultursidan.nu\/?p=35135\">L\u00e4s mer <span class=\"meta-nav\">&rarr; <\/span><\/a><\/p>\n","protected":false},"author":1001006,"featured_media":0,"comment_status":"closed","ping_status":"open","sticky":false,"template":"","format":"standard","meta":{"_jetpack_memberships_contains_paid_content":false,"footnotes":""},"categories":[7],"tags":[14],"class_list":["post-35135","post","type-post","status-publish","format-standard","hentry","category-norrkoping","tag-konst"],"jetpack_featured_media_url":"","jetpack_sharing_enabled":true,"_links":{"self":[{"href":"https:\/\/www.kultursidan.nu\/index.php?rest_route=\/wp\/v2\/posts\/35135","targetHints":{"allow":["GET"]}}],"collection":[{"href":"https:\/\/www.kultursidan.nu\/index.php?rest_route=\/wp\/v2\/posts"}],"about":[{"href":"https:\/\/www.kultursidan.nu\/index.php?rest_route=\/wp\/v2\/types\/post"}],"author":[{"embeddable":true,"href":"https:\/\/www.kultursidan.nu\/index.php?rest_route=\/wp\/v2\/users\/1001006"}],"replies":[{"embeddable":true,"href":"https:\/\/www.kultursidan.nu\/index.php?rest_route=%2Fwp%2Fv2%2Fcomments&post=35135"}],"version-history":[{"count":3,"href":"https:\/\/www.kultursidan.nu\/index.php?rest_route=\/wp\/v2\/posts\/35135\/revisions"}],"predecessor-version":[{"id":35139,"href":"https:\/\/www.kultursidan.nu\/index.php?rest_route=\/wp\/v2\/posts\/35135\/revisions\/35139"}],"wp:attachment":[{"href":"https:\/\/www.kultursidan.nu\/index.php?rest_route=%2Fwp%2Fv2%2Fmedia&parent=35135"}],"wp:term":[{"taxonomy":"category","embeddable":true,"href":"https:\/\/www.kultursidan.nu\/index.php?rest_route=%2Fwp%2Fv2%2Fcategories&post=35135"},{"taxonomy":"post_tag","embeddable":true,"href":"https:\/\/www.kultursidan.nu\/index.php?rest_route=%2Fwp%2Fv2%2Ftags&post=35135"}],"curies":[{"name":"wp","href":"https:\/\/api.w.org\/{rel}","templated":true}]}}