{"id":35171,"date":"2018-03-05T19:16:02","date_gmt":"2018-03-05T18:16:02","guid":{"rendered":"https:\/\/intelligent-friend-7861.standoutwp.com\/?p=35171"},"modified":"2018-03-05T19:16:02","modified_gmt":"2018-03-05T18:16:02","slug":"konsertant-candide-med-son-och-kor","status":"publish","type":"post","link":"https:\/\/www.kultursidan.nu\/?p=35171","title":{"rendered":"Konsertant Candide med SON och k\u00f6r"},"content":{"rendered":"<p><img loading=\"lazy\" decoding=\"async\" class=\"alignnone size-medium wp-image-35172\" src=\"https:\/\/www.kultursidan.nu\/wp-content\/uploads\/2018\/03\/DSCF8657-567x378.jpg\" alt=\"\" width=\"567\" height=\"378\" srcset=\"https:\/\/www.kultursidan.nu\/wp-content\/uploads\/2018\/03\/DSCF8657-567x378.jpg 567w, https:\/\/www.kultursidan.nu\/wp-content\/uploads\/2018\/03\/DSCF8657-768x512.jpg 768w, https:\/\/www.kultursidan.nu\/wp-content\/uploads\/2018\/03\/DSCF8657-1024x682.jpg 1024w, https:\/\/www.kultursidan.nu\/wp-content\/uploads\/2018\/03\/DSCF8657-150x100.jpg 150w, https:\/\/www.kultursidan.nu\/wp-content\/uploads\/2018\/03\/DSCF8657-500x333.jpg 500w, https:\/\/www.kultursidan.nu\/wp-content\/uploads\/2018\/03\/DSCF8657.jpg 1280w\" sizes=\"auto, (max-width: 567px) 100vw, 567px\" \/><br \/>\n<em>Koloraturer. Susanna Andersson i Kunigundas Glitter and be Gay d\u00e4r hon slits mellan f\u00f6rtvivlan och gl\u00e4dje.<\/em><\/p>\n<p>&nbsp;<\/p>\n<h1><span style=\"color: #ff0000;\">Illa utsatta i den b\u00e4sta av v\u00e4rldar<\/span><\/h1>\n<p>&nbsp;<\/p>\n<p>NORRK\u00d6PING <strong>Extra v\u00e4l vald hyllning.<\/strong> Tv\u00e5 norrk\u00f6pingsk\u00f6rer och sju solister p\u00e5 scenen n\u00e4r Norrk\u00f6pings symfoniorkester bjuder p\u00e5 operaoperett. Bernsteins <em>Candide<\/em> \u00e4r fylld av nattsvart humor.<\/p>\n<p><strong>Norrk\u00f6pings symfoniorkester forts\u00e4tter sin hyllning till komposit\u00f6ren Leonard Bernstein.<\/strong> Och just detta verk k\u00e4nns som en extra v\u00e4l vald hyllning. Bernstein \u00e5terkom till verket ett flertal g\u00e5nger efter premi\u00e4ren 1956 och inte f\u00f6rr\u00e4n 1988 kom den version som han kallade den slutgiltiga.<\/p>\n<p><em>Candide<\/em> \u00e4r sprungen ur 1700-talsfilosofen Voltaires roman om ynglingen Candide som uppfostrats att tro att han lever i den b\u00e4sta av v\u00e4rldar. Voltaire drev grovt med t\u00e4nkarna som f\u00f6respr\u00e5kade optimism som livsfilosofi och l\u00e4t stackars Candide uts\u00e4ttas f\u00f6r den ena pr\u00f6vningen v\u00e4rre \u00e4n den andra. Bernstein fascinerades av romanens tidl\u00f6sa tema och s\u00e5g paralleller med sin samtid.<\/p>\n<p><strong>Kv\u00e4llens f\u00f6rest\u00e4llning \u00e4r konsertant.<\/strong> Dirigenten Stefan Solyom introducerar och l\u00e4mnar sedan \u00f6ver ordet till kv\u00e4llens ciceron, Magnus Kyhle.<\/p>\n<p>F\u00f6rutom att p\u00e5 ett l\u00e4ttsamt s\u00e4tt f\u00f6ra oss fram\u00e5t i handlingen i denna minst sagt sn\u00e5riga ber\u00e4ttelse g\u00f6r tenoren Magnus Kyhle \u00e4ven Dr Pangloss som man kan s\u00e4ga \u00e4r upphovet till all galenskap. Det \u00e4r n\u00e4mligen Pangloss som undervisar ungdomarna Candide, Kunigunda och Maximilian i teorin om att allt som sker \u00e4r till det b\u00e4sta. Magnus Kyhles stadiga tenorst\u00e4mma ger uttryck f\u00f6r en n\u00e4rmast pajaslik l\u00e4rom\u00e4stare.<\/p>\n<p>&nbsp;<\/p>\n<p><a title=\"Candide \u2013 David Danholt, tenor \u2013 Candide och Susanna Andersson, sopran \u2013 Kunigunda\" href=\"https:\/\/www.flickr.com\/photos\/kultursidan\/39927017204\/in\/album-72157691126516912\/\"><img loading=\"lazy\" decoding=\"async\" src=\"https:\/\/farm5.staticflickr.com\/4622\/39927017204_739339ab52.jpg\" alt=\"Candide \u2013 David Danholt, tenor \u2013 Candide och Susanna Andersson, sopran \u2013 Kunigunda\" width=\"500\" height=\"333\" \/><\/a><br \/>\n<em>Raringar. Candide och Kunigunda f\u00f6r\u00e4lskar sig i varandra. David Danholt, tenor, och Susanna Andersson, sopran.<br \/>\n<\/em><\/p>\n<p>&nbsp;<\/p>\n<p><strong>Till en b\u00f6rjan ser allt ljust ut.<\/strong> Candide och Kunigunda f\u00f6r\u00e4lskar sig i varandra och uttrycker sin gl\u00e4dje i duetten <em>Oh Happy We<\/em>. David Danholt (tenor) och Susanna Andersson (sopran) har b\u00e5da scenisk utstr\u00e5lning och lyckas f\u00f6rmedla sina rollkarakt\u00e4rer med sm\u00e5 medel.<\/p>\n<p><strong>David Danholt g\u00f6r Candide till en naiv ung man som intet ont anande klarar sig levande ur alla hemskheter han r\u00e5kar ut f\u00f6r.<\/strong> Oavsett vad som h\u00e4nder sjunger han med en sm\u00e4ktande och behaglig tenorst\u00e4mma vilket blir komiskt i sig.<\/p>\n<p>Susanna Anderssons Kunigunda \u00e4r det lite mer riv i. Hon f\u00e5r verkligen visa vad hon g\u00e5r f\u00f6r i arian <em>Glitter And Be Gay<\/em>. Den \u00e4r full av koloraturer och tv\u00e4ra kast mellan f\u00f6rtvivlan och gl\u00e4ttighet. Susanna Andersson lyckas leverera b\u00e5de s\u00e5ngtekniskt och i uttryck. Hon \u00e4r den av solisterna som tillf\u00f6r sin roll k\u00f6tt och blod.<\/p>\n<p>&nbsp;<\/p>\n<p><a title=\"Candide med Norrk\u00f6pings Symfoniorkester, solister, Bel Canto och MSK\" href=\"https:\/\/www.flickr.com\/photos\/kultursidan\/38827001920\/in\/album-72157691126516912\/\"><img loading=\"lazy\" decoding=\"async\" src=\"https:\/\/farm5.staticflickr.com\/4795\/38827001920_891ab56abd.jpg\" alt=\"Candide med Norrk\u00f6pings Symfoniorkester, solister, Bel Canto och MSK\" width=\"500\" height=\"333\" \/><\/a><br \/>\n<em>Operak\u00f6r. Norrk\u00f6pings Symfoniorkester har som s\u00e5 ofta kallat in Bel Cantok\u00f6ren och Musikaliska S\u00e4llskapets Kammark\u00f6r.<\/em><\/p>\n<p>&nbsp;<\/p>\n<p><strong>Bel Cantok\u00f6ren och Musikaliska S\u00e4llskapets Kammark\u00f6r bildar en m\u00e4ktig k\u00f6rst\u00e4mma som g\u00f6r sig h\u00f6rd framf\u00f6r allt i stycket Auto-Da-F\u00e9 (What A Day).<\/strong> Ett h\u00e4ftigt s\u00e5ngnummer med spanska tong\u00e5ngar. Ocks\u00e5 h\u00e4r tar Bernstein fram komiken via musiken n\u00e4r inkvisitionens offrande av k\u00e4ttare till elden blir till en sprudlande folkfest.<\/p>\n<p><strong>Bernstein anv\u00e4nder sig effektivt av nationella f\u00e4rger i musiken f\u00f6r att ange geografisk plats.<\/strong> Spanska rytmer i Lissabon och sorgsen vals i Paris. \u00d6verlag \u00e4r musiken inbjudande men s\u00e5ngm\u00e4ssigt \u00e4r det mer opera \u00e4n operett eller musikal.<\/p>\n<p>De skolade r\u00f6sterna klarar den tekniskt avancerade s\u00e5ngstilen men tyv\u00e4rr p\u00e5 bekostnad av ber\u00e4ttandet eftersom det \u00e4r sv\u00e5rt att uppfatta vad som s\u00e4gs i s\u00e5ngerna. Synd, eftersom texterna \u2013 av det jag uppfattar \u2013 \u00e4r intelligent skrivna.<\/p>\n<p>&nbsp;<\/p>\n<p><a title=\"Candide \u2013 Ingrid Tobiasson\" href=\"https:\/\/www.flickr.com\/photos\/kultursidan\/39927016904\/in\/album-72157691126516912\/\"><img loading=\"lazy\" decoding=\"async\" src=\"https:\/\/farm5.staticflickr.com\/4608\/39927016904_e6a2a45b72.jpg\" alt=\"Candide \u2013 Ingrid Tobiasson\" width=\"500\" height=\"333\" \/><\/a>&lt;<br \/>\n<em>Tuff tant. Hovs\u00e5ngerskan Ingrid Tobiasson gestaltar Den gamla damen \u2013 en kvinna med ett bistert f\u00f6rflutet.<\/em><\/p>\n<p>&nbsp;<\/p>\n<p><strong>Av de fyra \u00f6vriga solisterna utm\u00e4rker sig framf\u00f6r allt hovs\u00e5ngerskan Ingrid Tobiasson som Den gamla damen.<\/strong> Hennes underbara <em>I Am Easily Assimilated<\/em> \u00e4r str\u00e5lande, och tillsammans med Susanna Andersson blixtrar det till i duetten <em>We Are Women.<\/em><\/p>\n<p>Martin Hultqvists Guvern\u00f6ren utmanar Candide i k\u00e4rleken till Kunigunda men det finns betydligt mer sv\u00e4rta i Hultqvists tenorst\u00e4mma.<\/p>\n<p>Rollerna Maximilian och Paquette tar liten plats men utf\u00f6rs v\u00e4l av barytonen Uwe Schenker-Primus och mezzosopranen Carolina Krogius.<\/p>\n<p><strong>Denna helt bef\u00e4ngda ber\u00e4ttelse skulle beh\u00f6va ett g\u00e4ng som Monty Python f\u00f6r att komma till sin r\u00e4tt.<\/strong> I konsertform och med operasolister blir det ganska ointressant \u00e4ven om musiken \u00e4r v\u00e4lklingande. Dock tycker jag att musikformen st\u00e5r i v\u00e4gen f\u00f6r ber\u00e4ttelsen och mycket av den nattsvarta humorn g\u00e5r f\u00f6rlorad n\u00e4r jag inte h\u00f6r texten.<\/p>\n<p><em>\u00a9 Text: Felicia Eriksson<\/em><br \/>\n<em>\u00a9 Foto: Ann-Charlotte Sandelin<\/em><\/p>\n<p>BILDSPEL \u2013 KLICKA P\u00c5 BILDENS PILAR<\/p>\n<p><a data-flickr-embed='true' href='https:\/\/www.flickr.com\/photos\/kultursidan\/albums\/72157691126516912' title='Candide, Norrk\u00f6pings Symfoniorkester 2018 by Kultursidan, on Flickr'><img src='https:\/\/live.staticflickr.com\/4794\/25766515917_41fe1cd1ae_z.jpg' width='800' height='600' alt='Candide med Norrk\u00f6pings Symfoniorkester'><\/a><script async src='https:\/\/embedr.flickr.com\/assets\/client-code.js' charset='utf-8'><\/script><\/p>\n<blockquote>\n<h4>DE GEERHALLEN Norrk\u00f6ping<\/h4>\n<p>1 mars 2018<br \/>\n2 mars i Link\u00f6pings Konsert &amp; Kongress<br \/>\n<strong>Bernstein 100 \u00e5r \u2013 Candide<\/strong><\/p>\n<p>Komposit\u00f6r: Leonard Bernstein (1918-1990)<br \/>\nManus: Lillian Hellmann<br \/>\nS\u00e5ngtexter: Richard Wilbur<\/p>\n<p>Norrk\u00f6pings Symfoniorkester<br \/>\nDirigent: Stefan Solyom<br \/>\nKonsertm\u00e4stare: Erik Arvinder<\/p>\n<p>SOLISTER<br \/>\nDavid Danholt, tenor \u2013 Candide<br \/>\nSusanna Andersson, sopran \u2013 Kunigunda<br \/>\nCarolina Krogius, mezzosopran \u2013 Paquette<br \/>\nUwe Schenker-Primus, baryton \u2013 Maximilian<br \/>\nMagnus Kyhle, tenor \u2013 Dr Pangloss\/Martin\/ber\u00e4ttare m.fl.<br \/>\nIngrid Tobiasson, mezzosopran \u2013 Den gamla damen<br \/>\nMartin Hultkvist, tenor \u2013 Guvern\u00f6ren\/Vanderdendur<\/p>\n<p>K\u00d6RER<br \/>\nBel Cantok\u00f6ren<br \/>\nMusikaliska S\u00e4llskapets Kammark\u00f6r<\/p><\/blockquote>\n<p>L\u00c4NKAR<br \/>\nLeonard Bernstein <a href=\"https:\/\/sv.wikipedia.org\/wiki\/Leonard_Bernstein\" target=\"_blank\" rel=\"noopener\">Wikipedia<\/a><br \/>\nCandide <a href=\"https:\/\/sv.wikipedia.org\/wiki\/Candide\" target=\"_blank\" rel=\"noopener\">roman<\/a> operetten<br \/>\nNorrk\u00f6pings symfoniorkester <a href=\"http:\/\/www.norrkopingssymfoniorkester.se\" target=\"_blank\" rel=\"noopener noreferrer\">hemsida<\/a> <a href=\"https:\/\/www.facebook.com\/norrkoping.symphony\/?fref=ts\" target=\"_blank\" rel=\"noopener noreferrer\">Facebook<\/a><br \/>\nSON firade Leonard Bernstein 100 \u00e5r <a href=\"https:\/\/www.kultursidan.nu\/?p=34868\" target=\"_blank\" rel=\"noopener\">recension<\/a> Kultursidan.nu 18\/2 2018<br \/>\nSymfoniorkestern spelar s\u00e4kert 2017\/2018 <a href=\"https:\/\/www.kultursidan.nu\/?p=30749\" target=\"_blank\" rel=\"noopener\">kr\u00f6nika<\/a> Kultursidan.nu 10\/5 2017<\/p>\n","protected":false},"excerpt":{"rendered":"<p>NORRK\u00d6PING Extra v\u00e4l vald hyllning. Tv\u00e5 norrk\u00f6pingsk\u00f6rer och sju solister p\u00e5 scenen n\u00e4r Norrk\u00f6pings symfoniorkester bjuder p\u00e5 operaoperett. Bernsteins Candide \u00e4r fylld av nattsvart humor. <a class=\"continue-reading-link\" href=\"https:\/\/www.kultursidan.nu\/?p=35171\">L\u00e4s mer <span class=\"meta-nav\">&rarr; <\/span><\/a><\/p>\n","protected":false},"author":1001006,"featured_media":0,"comment_status":"closed","ping_status":"open","sticky":false,"template":"","format":"standard","meta":{"_jetpack_memberships_contains_paid_content":false,"footnotes":""},"categories":[7],"tags":[13,11],"class_list":["post-35171","post","type-post","status-publish","format-standard","hentry","category-norrkoping","tag-musik","tag-opera"],"jetpack_featured_media_url":"","jetpack_sharing_enabled":true,"_links":{"self":[{"href":"https:\/\/www.kultursidan.nu\/index.php?rest_route=\/wp\/v2\/posts\/35171","targetHints":{"allow":["GET"]}}],"collection":[{"href":"https:\/\/www.kultursidan.nu\/index.php?rest_route=\/wp\/v2\/posts"}],"about":[{"href":"https:\/\/www.kultursidan.nu\/index.php?rest_route=\/wp\/v2\/types\/post"}],"author":[{"embeddable":true,"href":"https:\/\/www.kultursidan.nu\/index.php?rest_route=\/wp\/v2\/users\/1001006"}],"replies":[{"embeddable":true,"href":"https:\/\/www.kultursidan.nu\/index.php?rest_route=%2Fwp%2Fv2%2Fcomments&post=35171"}],"version-history":[{"count":3,"href":"https:\/\/www.kultursidan.nu\/index.php?rest_route=\/wp\/v2\/posts\/35171\/revisions"}],"predecessor-version":[{"id":35175,"href":"https:\/\/www.kultursidan.nu\/index.php?rest_route=\/wp\/v2\/posts\/35171\/revisions\/35175"}],"wp:attachment":[{"href":"https:\/\/www.kultursidan.nu\/index.php?rest_route=%2Fwp%2Fv2%2Fmedia&parent=35171"}],"wp:term":[{"taxonomy":"category","embeddable":true,"href":"https:\/\/www.kultursidan.nu\/index.php?rest_route=%2Fwp%2Fv2%2Fcategories&post=35171"},{"taxonomy":"post_tag","embeddable":true,"href":"https:\/\/www.kultursidan.nu\/index.php?rest_route=%2Fwp%2Fv2%2Ftags&post=35171"}],"curies":[{"name":"wp","href":"https:\/\/api.w.org\/{rel}","templated":true}]}}