{"id":35195,"date":"2018-03-06T18:27:41","date_gmt":"2018-03-06T17:27:41","guid":{"rendered":"https:\/\/intelligent-friend-7861.standoutwp.com\/?p=35195"},"modified":"2018-03-06T18:27:41","modified_gmt":"2018-03-06T17:27:41","slug":"kvartersteatern-ger-skadespelerskan","status":"publish","type":"post","link":"https:\/\/www.kultursidan.nu\/?p=35195","title":{"rendered":"Kvartersteatern ger Sk\u00e5despelerskan"},"content":{"rendered":"<p><img loading=\"lazy\" decoding=\"async\" class=\"alignnone size-medium wp-image-35196\" src=\"https:\/\/www.kultursidan.nu\/wp-content\/uploads\/2018\/03\/DSCF8375-567x378.jpg\" alt=\"\" width=\"567\" height=\"378\" srcset=\"https:\/\/www.kultursidan.nu\/wp-content\/uploads\/2018\/03\/DSCF8375-567x378.jpg 567w, https:\/\/www.kultursidan.nu\/wp-content\/uploads\/2018\/03\/DSCF8375-768x512.jpg 768w, https:\/\/www.kultursidan.nu\/wp-content\/uploads\/2018\/03\/DSCF8375-1024x682.jpg 1024w, https:\/\/www.kultursidan.nu\/wp-content\/uploads\/2018\/03\/DSCF8375-150x100.jpg 150w, https:\/\/www.kultursidan.nu\/wp-content\/uploads\/2018\/03\/DSCF8375-500x333.jpg 500w, https:\/\/www.kultursidan.nu\/wp-content\/uploads\/2018\/03\/DSCF8375.jpg 1280w\" sizes=\"auto, (max-width: 567px) 100vw, 567px\" \/><br \/>\n<em>Tidsf\u00f6rskjutning. Genom att l\u00e5ta Ann-Charlotte Lefflers Sk\u00e5despelerskan utspelas i det sena 1800-tal den skrevs vill regiss\u00f6ren Frida Nystr\u00f6m ge publiken m\u00f6jlighet att j\u00e4mf\u00f6ra, se skillnader, se likheter.<\/em><\/p>\n<p>&nbsp;<\/p>\n<h1><span style=\"color: #ff0000;\">\u201dHon st\u00e5r f\u00f6r f\u00f6rsta motst\u00e5ndet\u201d<\/span><\/h1>\n<p>&nbsp;<\/p>\n<p>NORRK\u00d6PING <strong>\u201dDet finns en po\u00e4ng i att spela pj\u00e4ser i den tid de \u00e4r skrivna f\u00f6r.\u201d<\/strong> Kvartersteatern \u00e5terv\u00e4nder till dramatikern Ann-Charlotte Leffler med upps\u00e4ttningen av Sk\u00e5despelerskan fr\u00e5n 1873. Familjen splittras n\u00e4r sonen Helge f\u00f6rlovar sig med Ester.<\/p>\n<p><strong>\u2013 Pj\u00e4sen \u00e4r fortfarande aktuell.<\/strong> Den handlar om att hon m\u00e5ste v\u00e4lja mellan karri\u00e4r och familj. Det g\u00e4ller \u00e4ven i dag, s\u00e4rskilt om man har ett kreativt yrke.<\/p>\n<p>Emma Friberg spelar titelrollen i <em>Sk\u00e5despelerskan<\/em>, d\u00e4r hennes rollfigur Ester f\u00f6rlovar sig med en ung man fr\u00e5n en v\u00e4lbest\u00e4lld borgerlig familj under sent 1800-tal. Kris uppst\u00e5r.<\/p>\n<p>\u2013 Det finns en po\u00e4ng i att spela pj\u00e4ser i den tid de \u00e4r skrivna f\u00f6r, f\u00f6r att kunna j\u00e4mf\u00f6ra, s\u00e4ger regiss\u00f6ren Frida Nystr\u00f6m, som inte gjort s\u00e5 mycket mer \u00e4n manus \u00e4n putsat lite.<\/p>\n<p>&nbsp;<\/p>\n<p><a title=\"Sk\u00e5despelerskan\" href=\"https:\/\/www.flickr.com\/photos\/kultursidan\/39946021234\/in\/album-72157694191710935\/\"><img loading=\"lazy\" decoding=\"async\" src=\"https:\/\/farm5.staticflickr.com\/4654\/39946021234_e4b95300f2.jpg\" alt=\"Sk\u00e5despelerskan\" width=\"500\" height=\"333\" \/><\/a><br \/>\n<em>Gr\u00e4l. Elin blir svartsjuk n\u00e4r f\u00e4stmannen Sven dansar med Ester p\u00e5 en fest. I bakgrunden systern Agda och moster Karin.<\/em><\/p>\n<p>&nbsp;<\/p>\n<p><strong>F\u00f6rutom moster Karin d\u00e5.<\/strong> Karakt\u00e4ren finns inte i Lefflers manus utan har lags till som en f\u00f6rst\u00e4rkning till Helges syster Elin och modern Malin. Regiss\u00f6ren har besatt rollen med Lotta B\u00e4ck, erfaren sk\u00e5despelare som arbetat med Frida b\u00e5de i Sythercopie och i Kvartersteatern.<\/p>\n<p>\u2013 Moster Karin \u00e4r en f\u00f6rst\u00e4rkning till andra karakt\u00e4rer. Hon st\u00e5r f\u00f6r f\u00f6rsta motst\u00e5ndet mot Ester, f\u00f6rklarar Frida Nystr\u00f6m.<\/p>\n<p><strong>Med <em>Sk\u00e5despelerskan<\/em> f\u00f6ljer Kvartersteatern spel\u00e5rets tr\u00e5d med klassiker.<\/strong> F\u00f6rra \u00e5ret gavs komedin <em>Familjelycka<\/em> av Leffler, nu utlovas en m\u00f6rkare ton.<\/p>\n<p>\u2013 Det \u00e4r mycket k\u00e4nslor och drama. Vi \u00e4r helt slut efter f\u00f6rest\u00e4llningen, det \u00e4r mycket text och m\u00e5nga scener med m\u00e5nga sk\u00e5despelare p\u00e5 scenen.<\/p>\n<p><strong>Elva sk\u00e5despelare fr\u00e5n Kvartersteatern ing\u00e5r i upps\u00e4ttningen.<\/strong> Premi\u00e4r p\u00e5 l\u00f6rdag och sedan ytterligare \u00e5tta f\u00f6rest\u00e4llningar i Tredje kammaren p\u00e5 Teater Br\u00e5ddgatan 34. L\u00e4ngre fram i v\u00e5r \u00e5ker ensemblen p\u00e5 g\u00e4stspel till Vadstena.<\/p>\n<p><em>\u00a9 Text och foto: Ann-Charlotte Sandelin\u2028<\/em><\/p>\n<p>BILDSPEL \u2013 KLICKA P\u00c5 BILDENS PILAR<\/p>\n<p><a data-flickr-embed='true' href='https:\/\/www.flickr.com\/photos\/kultursidan\/albums\/72157694191710935' title='Sk\u00e5despelerskan F\u00d6RH, Kvartersteatern 2018 by Kultursidan, on Flickr'><img src='https:\/\/live.staticflickr.com\/4609\/40655507421_b7abc7c28b_z.jpg' width='800' height='600' alt='Sk\u00e5despelerskan'><\/a><script async src='https:\/\/embedr.flickr.com\/assets\/client-code.js' charset='utf-8'><\/script><\/p>\n<blockquote>\n<h4>3:e KAMMAREN, TEATER BR\u00c5DDGATAN 34 Norrk\u00f6ping<\/h4>\n<p><strong><em>10\u201324 mars 2018<\/em><\/strong><br \/>\nSk\u00e5despelerskan<br \/>\nAv Ann-Charlotte Leffler<br \/>\nRegi: Frida Nystr\u00f6m<\/p>\n<p style=\"padding-left: 30px;\">SK\u00c5DESPELARE<br \/>\nEmma Friberg, Tim Brodin, Ellen S\u00f6derstr\u00f6m,<br \/>\nJenny Helsing, Ottilia Svensson, Adrian Stenstr\u00f6m,<br \/>\nLotta B\u00e4ck, \u00c5ke Lindgren, Ivar M\u00e5rd,<br \/>\nAndreas Garrido, Denice Frid<\/p>\n<\/blockquote>\n<p>L\u00c4NKAR<br \/>\nKvartersteatern <a href=\"http:\/\/www.kvartersteatern.com\" target=\"_blank\" rel=\"noopener noreferrer\">hemsida<\/a> <a href=\"https:\/\/www.facebook.com\/kvartersteatern.norrkoping?fref=ts\" target=\"_blank\" rel=\"noopener noreferrer\">Facebook<\/a><br \/>\nKvartersteatern nytolkar klassiker i \u00e5r <a href=\"https:\/\/www.kultursidan.nu\/?p=32245\" target=\"_blank\" rel=\"noopener\">reportage<\/a> Kultursidan.nu 29\/8 2017<\/p>\n","protected":false},"excerpt":{"rendered":"<p>NORRK\u00d6PING \u201dDet finns en po\u00e4ng i att spela pj\u00e4ser i den tid de \u00e4r skrivna f\u00f6r.\u201d Kvartersteatern \u00e5terv\u00e4nder till dramatikern Ann-Charlotte Leffler med upps\u00e4ttningen av Sk\u00e5despelerskan fr\u00e5n 1873. Familjen splittras n\u00e4r sonen Helge f\u00f6rlovar sig med Ester. <a class=\"continue-reading-link\" href=\"https:\/\/www.kultursidan.nu\/?p=35195\">L\u00e4s mer <span class=\"meta-nav\">&rarr; <\/span><\/a><\/p>\n","protected":false},"author":1001006,"featured_media":0,"comment_status":"closed","ping_status":"open","sticky":false,"template":"","format":"standard","meta":{"_jetpack_memberships_contains_paid_content":false,"footnotes":""},"categories":[7],"tags":[12],"class_list":["post-35195","post","type-post","status-publish","format-standard","hentry","category-norrkoping","tag-teater"],"jetpack_featured_media_url":"","jetpack_sharing_enabled":true,"_links":{"self":[{"href":"https:\/\/www.kultursidan.nu\/index.php?rest_route=\/wp\/v2\/posts\/35195","targetHints":{"allow":["GET"]}}],"collection":[{"href":"https:\/\/www.kultursidan.nu\/index.php?rest_route=\/wp\/v2\/posts"}],"about":[{"href":"https:\/\/www.kultursidan.nu\/index.php?rest_route=\/wp\/v2\/types\/post"}],"author":[{"embeddable":true,"href":"https:\/\/www.kultursidan.nu\/index.php?rest_route=\/wp\/v2\/users\/1001006"}],"replies":[{"embeddable":true,"href":"https:\/\/www.kultursidan.nu\/index.php?rest_route=%2Fwp%2Fv2%2Fcomments&post=35195"}],"version-history":[{"count":1,"href":"https:\/\/www.kultursidan.nu\/index.php?rest_route=\/wp\/v2\/posts\/35195\/revisions"}],"predecessor-version":[{"id":35197,"href":"https:\/\/www.kultursidan.nu\/index.php?rest_route=\/wp\/v2\/posts\/35195\/revisions\/35197"}],"wp:attachment":[{"href":"https:\/\/www.kultursidan.nu\/index.php?rest_route=%2Fwp%2Fv2%2Fmedia&parent=35195"}],"wp:term":[{"taxonomy":"category","embeddable":true,"href":"https:\/\/www.kultursidan.nu\/index.php?rest_route=%2Fwp%2Fv2%2Fcategories&post=35195"},{"taxonomy":"post_tag","embeddable":true,"href":"https:\/\/www.kultursidan.nu\/index.php?rest_route=%2Fwp%2Fv2%2Ftags&post=35195"}],"curies":[{"name":"wp","href":"https:\/\/api.w.org\/{rel}","templated":true}]}}