{"id":35534,"date":"2018-03-22T13:19:43","date_gmt":"2018-03-22T12:19:43","guid":{"rendered":"https:\/\/intelligent-friend-7861.standoutwp.com\/?p=35534"},"modified":"2018-03-22T13:30:03","modified_gmt":"2018-03-22T12:30:03","slug":"jean-pierre-salkvist-tror-pa-sagans-kraft","status":"publish","type":"post","link":"https:\/\/www.kultursidan.nu\/?p=35534","title":{"rendered":"Jean-Pierre Salkvist tror p\u00e5 sagans kraft"},"content":{"rendered":"<p><img loading=\"lazy\" decoding=\"async\" class=\"alignnone size-medium wp-image-35535\" src=\"https:\/\/www.kultursidan.nu\/wp-content\/uploads\/2018\/03\/DSCF9527-567x378.jpg\" alt=\"\" width=\"567\" height=\"378\" srcset=\"https:\/\/www.kultursidan.nu\/wp-content\/uploads\/2018\/03\/DSCF9527-567x378.jpg 567w, https:\/\/www.kultursidan.nu\/wp-content\/uploads\/2018\/03\/DSCF9527-768x512.jpg 768w, https:\/\/www.kultursidan.nu\/wp-content\/uploads\/2018\/03\/DSCF9527-1024x682.jpg 1024w, https:\/\/www.kultursidan.nu\/wp-content\/uploads\/2018\/03\/DSCF9527-150x100.jpg 150w, https:\/\/www.kultursidan.nu\/wp-content\/uploads\/2018\/03\/DSCF9527-500x333.jpg 500w, https:\/\/www.kultursidan.nu\/wp-content\/uploads\/2018\/03\/DSCF9527.jpg 1280w\" sizes=\"auto, (max-width: 567px) 100vw, 567px\" \/><br \/>\n<em>Ber\u00e4ttaren. Jean-Pierre Salkvist \u00e4r uppvuxen i Norrk\u00f6ping och bosatt i Sk\u00e4rblacka. P\u00e5 s\u00f6ndag ber\u00e4ttar han Sagan om Viktor, och \u00e5terkommer \u00e4ven i april.<\/em><\/p>\n<p>&nbsp;<\/p>\n<h1><span style=\"color: #ff0000;\">Det blev ingen fr\u00e4lsningsofficer<\/span><\/h1>\n<p>&nbsp;<\/p>\n<p>NORRK\u00d6PING <strong>En l\u00e5ng v\u00e4g har Ber\u00e4ttaren g\u00e5tt.<\/strong> P\u00e5 s\u00f6ndag kommer Jean-Pierre Salkvist till Teater Br\u00e5ddgatan 34 med <em>Sagan om Viktor<\/em>, en folksaga fr\u00e5n N\u00e4rke han en g\u00e5ng gav nytt liv och nytt namn f\u00f6r att ge gl\u00e4dje och styrka till en blyg liten kille.<\/p>\n<p>Det blir f\u00f6rsta g\u00e5ngen som Ber\u00e4ttaren kommer till Teater i Barnkammaren, s\u00f6ndagsteatern f\u00f6r barn i kulturkvarteret Hallarna. Du hittar alla datum f\u00f6r vinterns och v\u00e5rens program i slutet av artikeln.<\/p>\n<p><strong>Den lille killen var en ung Viktor han s\u00e5g p\u00e5 ett lajv f\u00f6r n\u00e5gra \u00e5r sedan.<\/strong> Eftersom Jean-Pierre Salkvist intar just sagober\u00e4ttarens roll p\u00e5 lajv fick huvudpersonen i sagan <em>Lille Prick<\/em> heta Viktor den kv\u00e4llen. Sagan gjorde sin verkan f\u00f6r pojken, ber\u00e4ttade hans pappa efter\u00e5t. Allts\u00e5 heter sagan som den heter sedan dess.<\/p>\n<p><strong>Sj\u00e4lv har Jean-Pierre Salkvists v\u00e4g vindlat sig fram p\u00e5 smala stigar sedan barndomen i Norrk\u00f6ping och Klockartorpet.<\/strong> Han \u00e4r uppvuxen inom Fr\u00e4lsningsarm\u00e9n och utbildade sig f\u00f6rst till undersk\u00f6terska.<\/p>\n<p>\u2013 Jag \u00e4r fostrad till att hj\u00e4lpa andra m\u00e4nniskor, s\u00e4ger han om arvet efter sin mor fr\u00e4lsningssoldaten.<\/p>\n<p><strong>Vi tr\u00e4ffas i kvarteret Hallarna d\u00e4r han ska ber\u00e4tta tv\u00e5 sagor i v\u00e5r.<\/strong> Dels <em>Sagan om Viktor,<\/em> dels sin absoluta favorit <em>Sagan om hj\u00e4rtats sanna \u00f6nskan<\/em>. Han \u00e4r kl\u00e4dd som en riktig sagober\u00e4ttare, i en kappa av gr\u00e5gr\u00f6nt ylle med vinr\u00f6da detaljer och l\u00e4derbeslag. Nej, han har inte kl\u00e4tt upp sig f\u00f6r intervjun som best\u00e4mdes hastigt och lustigt bara n\u00e5gra timmar tidigare. Han kommer raka v\u00e4gen fr\u00e5n jobbet p\u00e5 S\u00f6rmlands museum i Nyk\u00f6ping.<\/p>\n<p><strong>Efter n\u00e5gra \u00e5r inom v\u00e5rden gick Jean-Pierre vidare till teologistudier och Fr\u00e4lsningsarm\u00e9ns officersutbildning.<\/strong> Natur\u00e4lskare som han var startade han en seniorscoutgrupp, fast f\u00f6r vuxna, som en del i fritidsg\u00e5rden F\u00e4stets verksamhet i Norrk\u00f6ping. Och det var d\u00e4r han hittade hem till sagorna.<\/p>\n<p>\u2013 En i seniorg\u00e4nget var lajvare och tyckte jag skulle f\u00f6lja med. Jag visste inte alls vad det var, det var utanf\u00f6r min lilla bubbla.<\/p>\n<p>Jean-Pierre h\u00e4ngde med p\u00e5 lajvet och uppt\u00e4ckte snart sin roll som sagober\u00e4ttare, ett arv efter en pappa som tyckte om att ber\u00e4tta. Dessutom kom retorikstudierna v\u00e4l till pass, d\u00e4r han inte bara l\u00e4rde sig att tala utan \u00e4n mer att lyssna till och ta in sin publik.<\/p>\n<p><strong>Det blev ingen fr\u00e4lsningsofficer av Jean-Pierre Salkvist.<\/strong> I st\u00e4llet har han blivit hemmastad i medeltidslajvens och sagornas v\u00e4rld. Sagorna \u00e4r fr\u00e4mst tyska, ryska och nordiska och under \u00e5rens lopp har skatten v\u00e4xt och f\u00f6rdjupats.<\/p>\n<p>\u2013 Det blir s\u00e5 n\u00e4r man ber\u00e4ttar sagor, n\u00e5gon fr\u00e5gar efter\u00e5t \u201dHar du h\u00f6rt den h\u00e4r d\u00e5\u201d, s\u00e4ger Jean-Pierre.<\/p>\n<p><strong>Han ber\u00e4ttar om en \u00e4ldre version av <em>T\u00f6rnrosa<\/em>, som vaknar f\u00f6rst n\u00e4r hon f\u00f6der prinsens barn.<\/strong> Allts\u00e5 har mannen l\u00e4grat en sovande kvinna, en v\u00e5ldt\u00e4kt. Men mycket kan ha h\u00e4nt sagan p\u00e5 v\u00e4gen dit, den m\u00e5ste inte ha b\u00f6rjat s\u00e5.<\/p>\n<p>Sagor har n\u00e4mligen traderats, ber\u00e4ttats, i hundratals och \u00e4ven i tusentals \u00e5r vilket visas n\u00e4r de upptr\u00e4der p\u00e5 flera kontinenter. De tar upp existentiella fr\u00e5gor om f\u00f6delse, livskompetens, transformationen fr\u00e5n barn till vuxen och d\u00f6d. Sagor har ber\u00e4ttats f\u00f6r en publik i alla \u00e5ldrar. Att sagor enbart \u00e4r f\u00f6r barn \u00e4r en sentida missuppfattning.<\/p>\n<p><strong>Varje g\u00e5ng en saga ber\u00e4ttades f\u00e4rgades den av ber\u00e4ttaren, lyssnarna, sin tid.<\/strong> N\u00e4r de skrevs ner stannade de i tiden, som Charles Perraults mer grymma patriarkala versioner i <em>G\u00e5smors sagor<\/em> under sent 1600-tal och br\u00f6derna Wilhelm och Jacob Grimms mildare 1800-talstolkningar. \u00c4ven Disneys animerade filmer \u00e4r tidsspeglar.<\/p>\n<p>\u2013 Barn klarar mer \u00e4n vi ofta tror. Som i H.C. Andersens saga om <em>Den lilla sj\u00f6jungfrun<\/em>, d\u00e4r hon blir ett vitt skum p\u00e5 v\u00e5gorna. Det \u00e4r en vacker beskrivning av d\u00f6den.<\/p>\n<p><strong>Inte bara gamla sagor har sin historia.<\/strong> Egentligen b\u00e4r varje m\u00e4nniska p\u00e5 sina ber\u00e4ttelser. Eller f\u00f6rem\u00e5l. P\u00e5 ett museum i Stockholm, ber\u00e4ttar akademikern och f\u00f6rem\u00e5lsintendenten vid S\u00f6rmlands museum Jean-Pierre Salkvist, finns en sliten emaljkopp.<\/p>\n<p>\u2013 Den var Reginas och den hj\u00e4lpte henne att \u00f6verleva i Auschwitz koncentrationsl\u00e4ger.<\/p>\n<p><em>\u00a9 Text och foto: Ann-Charlotte Sandelin\u2028<\/em><\/p>\n<blockquote>\n<h4>TEATER BR\u00c5DDGATAN 34 Norrk\u00f6ping<\/h4>\n<p>S\u00f6ndagar vintern\/v\u00e5ren 2018 kl 15<br \/>\n<strong>Teater i Barnkammaren<\/strong><\/p>\n<p>JANUARI<\/p>\n<p style=\"padding-left: 30px;\">28\/1<br \/>\n<strong>V\u00e5r version av Sk\u00f6nheten och Odjuret<\/strong> 4-13 \u00e5r<br \/>\nTeater Imba<\/p>\n<p>FEBRUARI<\/p>\n<p style=\"padding-left: 30px;\">4\/2<br \/>\n<strong>Vilket v\u00e4der<\/strong> fr\u00e5n 3 \u00e5r<br \/>\nTeater Fenix<\/p>\n<p>MARS<\/p>\n<p style=\"padding-left: 30px;\">18\/3<br \/>\n<strong>Sol\u00e4gget med Dansworkshop<\/strong> 3\u20137 \u00e5r<br \/>\nTeater Pelikanen<\/p>\n<p style=\"padding-left: 30px;\">25\/3<br \/>\n<strong>Sagan om Viktor<\/strong> 3\u20137 \u00e5r<br \/>\nBer\u00e4ttaren \u2013 Jean-Pierre Salkvist<\/p>\n<p>APRIL<\/p>\n<p style=\"padding-left: 30px;\">P\u00c5SK kl 10 &amp; 13<\/p>\n<p style=\"padding-left: 60px;\">3\/4<br \/>\n<strong>Litet hus med stort hj\u00e4rta<\/strong> 1\u20133 \u00e5r<br \/>\nTeater Fenix<\/p>\n<p style=\"padding-left: 60px;\">4\/4<br \/>\n<strong>Du &amp; Jag<\/strong> 4\u20139 \u00e5r<br \/>\nMusikteater Gulasch<\/p>\n<p style=\"padding-left: 60px;\">5\/4<br \/>\n<strong>Molly Bloms show med Cirkusskola<\/strong> 3\u20137 \u00e5r<br \/>\nTeater Pelikanen<\/p>\n<p style=\"padding-left: 60px;\">6\/4<br \/>\n<strong>V\u00e5r version av Robin Hood<\/strong> 7\u201313 \u00e5r<br \/>\nTeater Imba<\/p>\n<p style=\"padding-left: 30px;\">8\/4<br \/>\n<strong>Soporna<\/strong> 4\u201310 \u00e5r<br \/>\nMusikteater Gulasch<\/p>\n<p style=\"padding-left: 30px;\">15\/4<br \/>\n<strong>Sagoyoga med konstworkshop<\/strong> fr\u00e5n 3 \u00e5r<br \/>\nKathleen Ginyard, NKYC yoga center<\/p>\n<p style=\"padding-left: 30px;\">22\/4<br \/>\n<strong>Sagan om hj\u00e4rtats sanna \u00f6nskan<\/strong> 3\u20137 \u00e5r<br \/>\nBer\u00e4ttaren \u2013 Jean-Pierre Salkvist<\/p>\n<p style=\"padding-left: 30px;\">29\/4<br \/>\n<strong>Sagoyoga med konstworkshop<\/strong> fr\u00e5n 3 \u00e5r<br \/>\nKathleen Ginyard, NKYC yoga center<\/p>\n<\/blockquote>\n<p>L\u00c4NKAR<br \/>\nJean-Pierre Salkvist\/Ber\u00e4ttaren <a href=\"http:\/\/www.berattaren.se\" target=\"_blank\" rel=\"noopener\">hemsida<\/a><br \/>\nTeater Br\u00e5ddgatan 34 <a href=\"http:\/\/www.hallarna.org\/\" target=\"_blank\" rel=\"noopener\">hemsida<\/a> <a href=\"https:\/\/www.facebook.com\/teaterbg34\/?fref=ts\" target=\"_blank\" rel=\"noopener\">Facebook<\/a><\/p>\n","protected":false},"excerpt":{"rendered":"<p>NORRK\u00d6PING En l\u00e5ng v\u00e4g har Ber\u00e4ttaren g\u00e5tt. P\u00e5 s\u00f6ndag kommer Jean-Pierre Salkvist till Teater Br\u00e5ddgatan 34 med Sagan om Viktor, en folksaga han gav nytt liv och nytt namn f\u00f6r att ge gl\u00e4dje och styrka till en blyg liten kille. V\u00e5rens och p\u00e5skens barnteater i Hallarna listas. <a class=\"continue-reading-link\" href=\"https:\/\/www.kultursidan.nu\/?p=35534\">L\u00e4s mer <span class=\"meta-nav\">&rarr; <\/span><\/a><\/p>\n","protected":false},"author":1001006,"featured_media":0,"comment_status":"closed","ping_status":"open","sticky":false,"template":"","format":"standard","meta":{"_jetpack_memberships_contains_paid_content":false,"footnotes":""},"categories":[7],"tags":[37,12],"class_list":["post-35534","post","type-post","status-publish","format-standard","hentry","category-norrkoping","tag-barnkultur","tag-teater"],"jetpack_featured_media_url":"","jetpack_sharing_enabled":true,"_links":{"self":[{"href":"https:\/\/www.kultursidan.nu\/index.php?rest_route=\/wp\/v2\/posts\/35534","targetHints":{"allow":["GET"]}}],"collection":[{"href":"https:\/\/www.kultursidan.nu\/index.php?rest_route=\/wp\/v2\/posts"}],"about":[{"href":"https:\/\/www.kultursidan.nu\/index.php?rest_route=\/wp\/v2\/types\/post"}],"author":[{"embeddable":true,"href":"https:\/\/www.kultursidan.nu\/index.php?rest_route=\/wp\/v2\/users\/1001006"}],"replies":[{"embeddable":true,"href":"https:\/\/www.kultursidan.nu\/index.php?rest_route=%2Fwp%2Fv2%2Fcomments&post=35534"}],"version-history":[{"count":6,"href":"https:\/\/www.kultursidan.nu\/index.php?rest_route=\/wp\/v2\/posts\/35534\/revisions"}],"predecessor-version":[{"id":35541,"href":"https:\/\/www.kultursidan.nu\/index.php?rest_route=\/wp\/v2\/posts\/35534\/revisions\/35541"}],"wp:attachment":[{"href":"https:\/\/www.kultursidan.nu\/index.php?rest_route=%2Fwp%2Fv2%2Fmedia&parent=35534"}],"wp:term":[{"taxonomy":"category","embeddable":true,"href":"https:\/\/www.kultursidan.nu\/index.php?rest_route=%2Fwp%2Fv2%2Fcategories&post=35534"},{"taxonomy":"post_tag","embeddable":true,"href":"https:\/\/www.kultursidan.nu\/index.php?rest_route=%2Fwp%2Fv2%2Ftags&post=35534"}],"curies":[{"name":"wp","href":"https:\/\/api.w.org\/{rel}","templated":true}]}}