{"id":3554,"date":"2011-12-09T15:59:34","date_gmt":"2011-12-09T14:59:34","guid":{"rendered":"https:\/\/intelligent-friend-7861.standoutwp.com\/?p=3554"},"modified":"2014-09-21T09:34:24","modified_gmt":"2014-09-21T08:34:24","slug":"mera-langfilm-nar-film-i-ost-flyttar-till-cnema","status":"publish","type":"post","link":"https:\/\/www.kultursidan.nu\/?p=3554","title":{"rendered":"Mera l\u00e5ngfilm n\u00e4r Film i \u00f6st flyttar till Cnema"},"content":{"rendered":"<p><iframe loading=\"lazy\" src=\"https:\/\/www.flickr.com\/photos\/kultursidan\/6481936169\/in\/set-72157628345777969\/player\/\" width=\"500\" height=\"333\" frameborder=\"0\" allowfullscreen=\"allowfullscreen\"><\/iframe><br \/>\n<em>Cnema v\u00e4xer och f\u00e5r \u00e4ven ansvar f\u00f6r Film i \u00d6st.<\/em><\/p>\n<p>&nbsp;<\/p>\n<h1><span style=\"color: #ff0000;\">\u00d6stsam ger Cnema hela det regionala filmuppdraget<\/span><\/h1>\n<p>&nbsp;<\/p>\n<p><strong>\u2013 Vi \u00e4r en vit fl\u00e4ck p\u00e5 karten p\u00e5 l\u00e5ngfilmskartan. Senaste det spelades in en l\u00e5ngfilm h\u00e4r var Strul med Bj\u00f6rn Skifs p\u00e5 1980-talet.<\/strong> N\u00e4r Film i \u00d6st blir en del av Cnema kan vi lyfta diskussionen om l\u00e5ngfilmsproduktioner med kommuner och filmbolag.<\/p>\n<p>Efter ny\u00e5r \u00e4r Cnemas chef Johan Karlsson ledare \u00e4ven f\u00f6r Film i \u00d6st och menar att \u00d6stsams beslut att f\u00f6ra \u00f6ver Film i \u00d6st kommer att st\u00e4rka organisationen som motor f\u00f6r filmutvecklingen i regionen.<\/p>\n<p>Men ska kommuner finansiera l\u00e5ngfilm?<\/p>\n<p>\u2013 Det g\u00f6rs redan p\u00e5 andra h\u00e5ll, svarar Johan Karlsson och menar att kommuner engagerar sig i film och teveprogram. H\u00e4r kan Film i \u00d6st spela en roll genom att hj\u00e4lpa till med kunskap och kontakter, kort sagt n\u00e4tverka.<\/p>\n<p><strong>\u00d6stsams styrelse beslutade allts\u00e5 p\u00e5 fredagen att Cnema f\u00e5r det regionala filmuppdraget genom att Film i \u00d6st flyttas till Cnema fr\u00e5n och med n\u00e4sta \u00e5r. <\/strong>Film i \u00d6st \u00e4r \u00d6sterg\u00f6tlands resurscentrum f\u00f6r film och interaktiva\/visuella medier och st\u00f6ds av \u00d6stsam och Svenska filminstitutet.\u00a0H\u00e4r finns ocks\u00e5 Eastwoodprojektet.<\/p>\n<p>Som Film i \u00d6st ser ut i dag \u00e4r att det \u00e4r uppdelat med en person i vardera Link\u00f6ping och Norrk\u00f6ping. De tv\u00e5 Mattias Ahl\u00e9n och Sebastian Sas kommer b\u00e5da att knytas till Cnema i Norrk\u00f6ping. Medan Cnema \u00e4r Norrk\u00f6pings kommuns filmverksamhet men med viss pedagogisk verksamhet p\u00e5 l\u00e4nsniv\u00e5.<\/p>\n<p>\u2013 Vi kommer inte att h\u00e4lla pengarna fr\u00e5n Norrk\u00f6ping och \u00d6stsam i en gemensam s\u00e4ck. Det \u00e4r viktigt att h\u00e5lla is\u00e4r verksamheterna. F\u00f6rdelen \u00e4r samordningsvinsterna i och med att vi kan utnyttja lokalerna b\u00e4ttre och kan ta tillvara kompetensen b\u00e4ttre.<\/p>\n<p>Det regionala uppdragets \u00f6vergripande m\u00e5l \u00e4r att utveckla \u00d6sterg\u00f6tland som film- och medieregion. I det regionala uppdraget ing\u00e5r det att st\u00f6dja, medverka i och driva verksamheter inom tre omr\u00e5den:<\/p>\n<p><em>\u2022 st\u00f6dja biografer och filmfestivaler<br \/>\n\u2022 utveckla film- och mediepedagogik i skolan<br \/>\n\u2022 satsa p\u00e5 filmproduktion\u00a0<\/em><\/p>\n<p><strong>Att arbeta gentemot skolorna \u00e4r en viktig del.<\/strong> Inte s\u00e5 att elever fr\u00e5n Ydre och Boxholm eller ens Norrk\u00f6ping ska ta sig till Cnemas filmlab n\u00e4r de blir sugna p\u00e5 att jobba med film.<\/p>\n<p>\u2013 Vi kan vara bra bollplank f\u00f6r l\u00e4rarna. Det \u00e4r s\u00e5 vi ser Cnema. Vi kan inte l\u00e4ra 16.000 elever i Norrk\u00f6pings skolor att g\u00f6ra film, inte heller eleverna fr\u00e5n Ydre eller Vadstena eller Boxholm. Det viktiga \u00e4r att fortbilda l\u00e4rarna s\u00e5 att de kan undervisa i film p\u00e5 skolorna.<\/p>\n<p><em>Text och arkivfoto: Ann-Charlotte Sandelin<\/em><\/p>\n<p>BILDSPEL (FLASH) \u2013 KLICKA P\u00c5 BILDEN <em>ALT\/MOBIL: SE BILDSPELET <a title=\"Bildspel\" href=\"https:\/\/www.flickr.com\/photos\/kultursidan\/sets\/72157628345777969\/show\/\" target=\"_blank\">H\u00c4R<\/a><\/em><br \/>\n<object width=\"400\" height=\"300\"><param name=\"flashvars\" value=\"offsite=true&amp;lang=en-us&amp;page_show_url=%2Fphotos%2Fkultursidan%2Fsets%2F72157628345777969%2Fshow%2F&amp;page_show_back_url=%2Fphotos%2Fkultursidan%2Fsets%2F72157628345777969%2F&amp;set_id=72157628345777969&amp;jump_to=\" \/><param name=\"movie\" value=\"https:\/\/www.flickr.com\/apps\/slideshow\/show.swf?v=143270\" \/><param name=\"allowFullScreen\" value=\"true\" \/><\/object><\/p>\n","protected":false},"excerpt":{"rendered":"<p>NORRK\u00d6PING \u00d6stsam ger Cnema hela det regionala filmuppdraget. Redan innan ansvaret lagts \u00f6ver dr\u00f6mmer filmchefen Johan Karlsson om att samordnade resurser ska inneb\u00e4ra en starkare motor f\u00f6r l\u00e5ngfilmsproduktion i \u00d6sterg\u00f6tland. Senast var Strul p\u00e5 1980-talet&#8230;<br \/>\n <a class=\"continue-reading-link\" href=\"https:\/\/www.kultursidan.nu\/?p=3554\">L\u00e4s mer <span class=\"meta-nav\">&rarr; <\/span><\/a><\/p>\n","protected":false},"author":1001006,"featured_media":0,"comment_status":"closed","ping_status":"closed","sticky":false,"template":"","format":"standard","meta":{"_jetpack_memberships_contains_paid_content":false,"footnotes":""},"categories":[7],"tags":[38],"class_list":["post-3554","post","type-post","status-publish","format-standard","hentry","category-norrkoping","tag-film"],"jetpack_featured_media_url":"","jetpack_sharing_enabled":true,"_links":{"self":[{"href":"https:\/\/www.kultursidan.nu\/index.php?rest_route=\/wp\/v2\/posts\/3554","targetHints":{"allow":["GET"]}}],"collection":[{"href":"https:\/\/www.kultursidan.nu\/index.php?rest_route=\/wp\/v2\/posts"}],"about":[{"href":"https:\/\/www.kultursidan.nu\/index.php?rest_route=\/wp\/v2\/types\/post"}],"author":[{"embeddable":true,"href":"https:\/\/www.kultursidan.nu\/index.php?rest_route=\/wp\/v2\/users\/1001006"}],"replies":[{"embeddable":true,"href":"https:\/\/www.kultursidan.nu\/index.php?rest_route=%2Fwp%2Fv2%2Fcomments&post=3554"}],"version-history":[{"count":0,"href":"https:\/\/www.kultursidan.nu\/index.php?rest_route=\/wp\/v2\/posts\/3554\/revisions"}],"wp:attachment":[{"href":"https:\/\/www.kultursidan.nu\/index.php?rest_route=%2Fwp%2Fv2%2Fmedia&parent=3554"}],"wp:term":[{"taxonomy":"category","embeddable":true,"href":"https:\/\/www.kultursidan.nu\/index.php?rest_route=%2Fwp%2Fv2%2Fcategories&post=3554"},{"taxonomy":"post_tag","embeddable":true,"href":"https:\/\/www.kultursidan.nu\/index.php?rest_route=%2Fwp%2Fv2%2Ftags&post=3554"}],"curies":[{"name":"wp","href":"https:\/\/api.w.org\/{rel}","templated":true}]}}