{"id":35562,"date":"2018-03-24T20:06:07","date_gmt":"2018-03-24T19:06:07","guid":{"rendered":"https:\/\/intelligent-friend-7861.standoutwp.com\/?p=35562"},"modified":"2018-03-25T08:49:19","modified_gmt":"2018-03-25T07:49:19","slug":"i-vantan-pa-radhuset-med-blandart","status":"publish","type":"post","link":"https:\/\/www.kultursidan.nu\/?p=35562","title":{"rendered":"I v\u00e4ntan p\u00e5 R\u00e5dhuset med BlandArt"},"content":{"rendered":"<p><img loading=\"lazy\" decoding=\"async\" class=\"alignnone size-medium wp-image-35563\" src=\"https:\/\/www.kultursidan.nu\/wp-content\/uploads\/2018\/03\/2M8A1224-567x383.jpg\" alt=\"\" width=\"567\" height=\"383\" srcset=\"https:\/\/www.kultursidan.nu\/wp-content\/uploads\/2018\/03\/2M8A1224-567x383.jpg 567w, https:\/\/www.kultursidan.nu\/wp-content\/uploads\/2018\/03\/2M8A1224-768x519.jpg 768w, https:\/\/www.kultursidan.nu\/wp-content\/uploads\/2018\/03\/2M8A1224-1024x692.jpg 1024w, https:\/\/www.kultursidan.nu\/wp-content\/uploads\/2018\/03\/2M8A1224-150x101.jpg 150w, https:\/\/www.kultursidan.nu\/wp-content\/uploads\/2018\/03\/2M8A1224-493x333.jpg 493w, https:\/\/www.kultursidan.nu\/wp-content\/uploads\/2018\/03\/2M8A1224.jpg 1280w\" sizes=\"auto, (max-width: 567px) 100vw, 567px\" \/><br \/>\n<em>T\u00e4nk om det skulle bli verklighet. Ett par f\u00f6tter sticker upp ur \u00e5n bakom R\u00e5dhuset. Ohla S\u00f6derlund v\u00e4ntar\/hoppas p\u00e5 att hans id\u00e9 ska bli verklighet.<\/em><\/p>\n<p>&nbsp;<\/p>\n<h1><span style=\"color: #ff0000;\">Humoristiskt charmigt omv\u00e4xlande<\/span><\/h1>\n<p>&nbsp;<\/p>\n<p>S\u00d6DERK\u00d6PING <strong>BlandArts v\u00e5rutst\u00e4llning invigdes i l\u00f6rdags i R\u00e5dhusgalleriet i S\u00f6derk\u00f6ping.<\/strong>\u00a0En utst\u00e4llning full av lekfullhet, charm och omv\u00e4xling. Den har f\u00e5tt titeln <em>I v\u00e4ntan p\u00e5 vadd\u00e5?<\/em> En travestering p\u00e5 Samuel Becketts pj\u00e4s I v\u00e4ntan p\u00e5 Godot.<\/p>\n<p>H\u00e4r har konstn\u00e4rerna i sina motiv utg\u00e5tt fr\u00e5n v\u00e4ntan, eller kanske f\u00f6rv\u00e4ntan, av olika slag.<\/p>\n<p><strong>I Beckets pj\u00e4s v\u00e4ntar tv\u00e5 m\u00e4n (lodisar) p\u00e5 en tredje.<\/strong> Men hela historien \u00e4r m\u00e5ngtydig, vem \u00e4r Godot, vet de att, eller om, han ska komma, finns han \u00f6verhuvudtaget? Pj\u00e4sen handlar nog egentligen om v\u00e5r st\u00e4ndiga v\u00e4ntan p\u00e5 vad framtiden ska f\u00f6ra med sig. Hoppet om att allt ska f\u00f6r\u00e4ndras till det\u00a0 b\u00e4ttre. V\u00e5r of\u00f6rm\u00e5ga att leva i nuet.<\/p>\n<p>I det h\u00e4r fallet\u00a0t\u00e4nker jag mig att man\u00a0 v\u00e4ntar p\u00e5 n\u00e5got mera konkret.<\/p>\n<p>&nbsp;<\/p>\n<p><a title=\"Kroki p\u00e5 linnev\u00e4v visar Ulla Nerman.\" href=\"https:\/\/www.flickr.com\/photos\/kultursidan\/40949478452\/in\/album-72157667052681298\/\"><img loading=\"lazy\" decoding=\"async\" src=\"https:\/\/farm1.staticflickr.com\/812\/40949478452_d7984fa364.jpg\" alt=\"Kroki p\u00e5 linnev\u00e4v visar Ulla Nerman.\" width=\"485\" height=\"500\" \/><\/a><br \/>\n<em>Kroki p\u00e5 linnev\u00e4v visar Ulla Nerman.<\/em><\/p>\n<p>&nbsp;<\/p>\n<p><strong>Kerstin Danielssons mattor i smakfullt diskreta f\u00e4rger, v\u00e4vda i tekniken glesrips, v\u00e4ntar till exempel p\u00e5 att f\u00e5 pryda ett golv.<\/strong><\/p>\n<p>P\u00e5 <strong>Ohla S\u00f6derlunds<\/strong> m\u00e5lning i samma rum v\u00e4ntar en till h\u00e4lften sjunken b\u00e5t p\u00e5 sin \u00e4gare. I en annan m\u00e5lning v\u00e4ntar n\u00e5gra personer under uppsp\u00e4nda paraplyer p\u00e5 ov\u00e4der. I ytterligare en v\u00e4ntar en sl\u00f6 ton\u00e5ring, utspilld i en stol, p\u00e5 till synes ingenting.<br \/>\nOch mitt p\u00e5 golvet v\u00e4ntar ett par uppstickande f\u00f6tter p\u00e5 att f\u00e5 f\u00f6rstoras och f\u00f6rvandlas till en utomhusskulptur i \u00e5n som rinner utanf\u00f6r R\u00e5dhusets f\u00f6nster.<\/p>\n<p>\u2013 V\u00e4nta kan man ju alltid, menar konstn\u00e4ren Ohla S\u00f6derlund. Om det sedan blir av \u00e4r en annan sak.<\/p>\n<p><strong>Ulla Nerman bidrar till utst\u00e4llningen med tre krokier.<\/strong>\u00a0 Stiliserat tecknade kvinnokroppar p\u00e5 ljust linnetyg som kan h\u00e4ngas fritt i ett rum eller framf\u00f6r ett f\u00f6nster. Mycket effektfullt.<\/p>\n<p>&nbsp;<\/p>\n<p><a title=\"Kerstin Danielssons h\u00f6rna. Sm\u00e5 delikata konstverk i fritt broderi med applikationer.\" href=\"https:\/\/www.flickr.com\/photos\/kultursidan\/40949478122\/in\/album-72157667052681298\/\"><img loading=\"lazy\" decoding=\"async\" src=\"https:\/\/farm5.staticflickr.com\/4794\/40949478122_b4671dea45.jpg\" alt=\"Kerstin Danielssons h\u00f6rna. Sm\u00e5 delikata konstverk i fritt broderi med applikationer.\" width=\"500\" height=\"368\" \/><\/a><br \/>\n<em>Kerstin Danielssons h\u00f6rna. Sm\u00e5 delikata konstverk i fritt broderi med applikationer.<\/em><\/p>\n<p>&nbsp;<\/p>\n<p><strong>Personligen f\u00f6ll jag pladask f\u00f6r Kerstin Danielssons samling med relativt sm\u00e5 tavlor skapade i fritt broderi med applikationer.<\/strong> Roliga motiv i h\u00e4rliga f\u00e4rgkombinationer och med fantasifulla titlar som t ex <em>Sm\u00e4ltvattnet porlar, Lekfullt dansande vatten, \u00d6gon k\u00e4nsliga f\u00f6r gr\u00f6nt <\/em>och<em> I rosenr\u00f6tt jag dr\u00f6mmer<\/em>. Titlar som alla inneh\u00e5ller en v\u00e4ntan \u2013 p\u00e5 v\u00e5ren och sommaren.<\/p>\n<p><strong>Vad de m\u00e5lade kvinnorna p\u00e5 Ulla Nermans v\u00e4ggsk\u00e5p ser ut att v\u00e4nta p\u00e5 v\u00e5gar jag inte spekulera i.<\/strong> Men vackra \u00e4r b\u00e5de de och sj\u00e4lva sk\u00e5pen, d\u00e4r tr\u00e4et har kvar n\u00e5got ursprungligt vildvuxet.<\/p>\n<p>P\u00e5 samma v\u00e4gg h\u00e4nger passande nog Ohla S\u00f6derlunds aningen utmanande kvinnor, \u00e4ven de\u00a0 i v\u00e4ntan. P\u00e5 vadd\u00e5?<\/p>\n<p><strong>Lars Malm visar v\u00e4ggsk\u00e5p med svart katt, r\u00f6d katt och sittande katt<\/strong> som kurar i v\u00e4ntan p\u00e5 att n\u00e5gon ska dra dem i den \u00f6verdimensionellt l\u00e5nga svansen och p\u00e5 s\u00e5 s\u00e4tt \u00f6ppna sk\u00e5pen.<\/p>\n<p>&nbsp;<\/p>\n<p><a title=\"Anders Fredin med n\u00e5gra av sina konstverk i etsad st\u00e5lpl\u00e5t och Lena Neander som bara visar ett verk i v\u00e5rens utst\u00e4llning, ett broderi med gr\u00f6nskande tr\u00e4d och hus i bakgrunden.\" href=\"https:\/\/www.flickr.com\/photos\/kultursidan\/40991176031\/in\/album-72157667052681298\/\"><img loading=\"lazy\" decoding=\"async\" src=\"https:\/\/farm5.staticflickr.com\/4782\/40991176031_d1f162229c.jpg\" alt=\"Anders Fredin med n\u00e5gra av sina konstverk i etsad st\u00e5lpl\u00e5t och Lena Neander som bara visar ett verk i v\u00e5rens utst\u00e4llning, ett broderi med gr\u00f6nskande tr\u00e4d och hus i bakgrunden.\" width=\"500\" height=\"332\" \/><\/a><br \/>\n<em>Anders Fredin med n\u00e5gra av sina konstverk i etsad st\u00e5lpl\u00e5t och Lena Neander som bara visar ett verk i v\u00e5rens utst\u00e4llning, ett broderi med gr\u00f6nskande tr\u00e4d och hus i bakgrunden.<\/em><\/p>\n<p>&nbsp;<\/p>\n<p><strong>Anders Fredins sm\u00e5 konstverk i etsad st\u00e5lpl\u00e5t v\u00e4ntar ocks\u00e5, p\u00e5 att fullbordas.<\/strong> De visar skisser p\u00e5 kl\u00e4der och andra f\u00f6rem\u00e5l som skulle kunna utf\u00f6ras i st\u00f6rre dimensioner. Sv\u00e5rt att f\u00f6rklara, men som konstverk attraherande.<\/p>\n<p><strong>Sammanfattningsvis en ljus och l\u00e4ttillg\u00e4nglig utst\u00e4llning med temat <\/strong><em><strong>V\u00e4ntan<\/strong><\/em> som en positiv grundton.<\/p>\n<p><em>\u00a9 Text: Bibi Friedrichsen<br \/>\n\u00a9 Foto: Boy Svedberg<\/em><\/p>\n<p>BILDSPEL \u2013 KLICKA P\u00c5 BILDENS PILAR<\/p>\n<p><a data-flickr-embed='true' href='https:\/\/www.flickr.com\/photos\/kultursidan\/sets\/72157667052681298' title='I v\u00e4ntan p\u00e5 vad\u00e5?, BlandArt, Galleri R\u00e5dhuset 2018 by Kultursidan, on Flickr'><img src='https:\/\/live.staticflickr.com\/4786\/40991175851_4780e75a9f_z.jpg' width='800' height='600' alt='V\u00e4lkommen till Galleri R\u00e5dhuset'><\/a><script async src='https:\/\/embedr.flickr.com\/assets\/client-code.js' charset='utf-8'><\/script><\/p>\n<blockquote>\n<h4>GALLERI R\u00c5DHUSET S\u00f6derk\u00f6ping<\/h4>\n<p><em>24 mars \u2013 10 juni 2018<\/em><br \/>\n<strong>I v\u00e4ntan p\u00e5 vad\u00e5?<\/strong><br \/>\nBlandArts v\u00e5rutst\u00e4llning<br \/>\nKonst &amp; konsthantverk<\/p>\n<p style=\"padding-left: 30px;\">UTST\u00c4LLARE<br \/>\nKerstin Danielsson<br \/>\nAnders Fredin<br \/>\nLars Malm<br \/>\nLena Neander<br \/>\nUlla Nerman<br \/>\nK\u00e5ge Olsson<br \/>\nOhla S\u00f6derlund<\/p>\n<\/blockquote>\n<p>L\u00c4NKAR<br \/>\nBlandArt <a href=\"http:\/\/www.blandart.com\" target=\"_blank\" rel=\"noopener\">hemsida<\/a> <a href=\"https:\/\/www.facebook.com\/pages\/BlandArt\/309889599061583?fref=ts\" target=\"_blank\" rel=\"noopener\">Facebook<\/a><\/p>\n","protected":false},"excerpt":{"rendered":"<p>S\u00d6DERK\u00d6PING BlandArts v\u00e5rutst\u00e4llning invigdes i l\u00f6rdags i R\u00e5dhusgalleriet i S\u00f6derk\u00f6ping. En utst\u00e4llning full av lekfullhet, charm och omv\u00e4xling. Den har f\u00e5tt titeln I v\u00e4ntan p\u00e5 vadd\u00e5? En travestering p\u00e5 Samuel Becketts pj\u00e4s I v\u00e4ntan p\u00e5 Godot. <a class=\"continue-reading-link\" href=\"https:\/\/www.kultursidan.nu\/?p=35562\">L\u00e4s mer <span class=\"meta-nav\">&rarr; <\/span><\/a><\/p>\n","protected":false},"author":1001006,"featured_media":0,"comment_status":"closed","ping_status":"open","sticky":false,"template":"","format":"standard","meta":{"_jetpack_memberships_contains_paid_content":false,"footnotes":""},"categories":[6],"tags":[14,47],"class_list":["post-35562","post","type-post","status-publish","format-standard","hentry","category-soderkoping","tag-konst","tag-utstallning"],"jetpack_featured_media_url":"","jetpack_sharing_enabled":true,"_links":{"self":[{"href":"https:\/\/www.kultursidan.nu\/index.php?rest_route=\/wp\/v2\/posts\/35562","targetHints":{"allow":["GET"]}}],"collection":[{"href":"https:\/\/www.kultursidan.nu\/index.php?rest_route=\/wp\/v2\/posts"}],"about":[{"href":"https:\/\/www.kultursidan.nu\/index.php?rest_route=\/wp\/v2\/types\/post"}],"author":[{"embeddable":true,"href":"https:\/\/www.kultursidan.nu\/index.php?rest_route=\/wp\/v2\/users\/1001006"}],"replies":[{"embeddable":true,"href":"https:\/\/www.kultursidan.nu\/index.php?rest_route=%2Fwp%2Fv2%2Fcomments&post=35562"}],"version-history":[{"count":3,"href":"https:\/\/www.kultursidan.nu\/index.php?rest_route=\/wp\/v2\/posts\/35562\/revisions"}],"predecessor-version":[{"id":35569,"href":"https:\/\/www.kultursidan.nu\/index.php?rest_route=\/wp\/v2\/posts\/35562\/revisions\/35569"}],"wp:attachment":[{"href":"https:\/\/www.kultursidan.nu\/index.php?rest_route=%2Fwp%2Fv2%2Fmedia&parent=35562"}],"wp:term":[{"taxonomy":"category","embeddable":true,"href":"https:\/\/www.kultursidan.nu\/index.php?rest_route=%2Fwp%2Fv2%2Fcategories&post=35562"},{"taxonomy":"post_tag","embeddable":true,"href":"https:\/\/www.kultursidan.nu\/index.php?rest_route=%2Fwp%2Fv2%2Ftags&post=35562"}],"curies":[{"name":"wp","href":"https:\/\/api.w.org\/{rel}","templated":true}]}}